{"id":5845,"date":"2023-04-04T12:26:00","date_gmt":"2023-04-04T12:26:00","guid":{"rendered":"https:\/\/edm.ch\/?post_type=news&#038;p=5845"},"modified":"2024-02-08T14:54:11","modified_gmt":"2024-02-08T14:54:11","slug":"journee-mondiale-de-la-sante-la-sante-pour-tous-2","status":"publish","type":"news","link":"https:\/\/edm.ch\/fr\/news\/journee-mondiale-de-la-sante-la-sante-pour-tous-2\/","title":{"rendered":"Journ\u00e9e mondiale de la sant\u00e9 : la sant\u00e9 pour tous"},"content":{"rendered":"<section class=\"subpageBanner\" style=\"display:\">\n    <div class=\"subpageBannerBlock figure_block\">\n        <img decoding=\"async\" data-src=\"https:\/\/edm.ch\/wp-content\/uploads\/2023\/08\/RS1430_FOTO-4-e1692797827809.jpg\" src=\"data:image\/svg+xml;base64,PHN2ZyB3aWR0aD0iMSIgaGVpZ2h0PSIxIiB4bWxucz0iaHR0cDovL3d3dy53My5vcmcvMjAwMC9zdmciPjwvc3ZnPg==\" class=\"lazyload\" style=\"--smush-placeholder-width: 2048px; --smush-placeholder-aspect-ratio: 2048\/860;\" \/>\n        <div class=\"subpageBannerWrap\">\n            <div class=\"container\">\n                <div class=\"content\">\n                    <div>\n                        <span class=\"bannerHead\"><\/span>\n                        <h1>Journ\u00e9e mondiale de la sant\u00e9 : la sant\u00e9 pour tous<\/h1>\n                    <\/div>\n                                    <\/div>\n            <\/div>\n        <\/div>\n                    <div class=\"picture-caption\">\n                <div class=\"caption-content\"><span>Enfants du Monde<\/span><\/div>\n            <\/div>\n            <\/div>\n<\/section>\n<script type=\"text\/javascript\">\n    jQuery(document).ready(function ($) {\n        \/\/ Check if the block exists\n        var bannerSection = $('#subpage-banner-section');\n\n        if (bannerSection.length > 0) {\n            \/\/ Move the block to the end of <main> just before the footer\n            $('main').append(bannerSection); \/\/ This will append it inside the <main> tag\n        }\n\n        $('.documentAccordion').on('click', function (e) {\n            e.preventDefault();  \/\/ Prevent default link action\n\n            \/\/ Target the section with the given ID\n            $('html, body').animate({\n                scrollTop: $('#subpage-banner-section').offset().top - 200\n            }, 1000);\n        });\n    });\n<\/script>\n\n        <section class=\"contentSec\" style=\"display:\">\n        <div class=\"container\">\n            <div class=\"contentBlock\">\n                <h5><\/h5>\n                <p>Le th\u00e8me de \u00ab\u202fla sant\u00e9 pour tous\u202f\u00bb retenu par l\u2019OMS pour la Journ\u00e9e mondiale de la sant\u00e9 est au c\u0153ur du travail d\u2019Enfants du Monde. \u00c0 Madagascar par exemple, nos programmes soutiennent les \u00e9l\u00e8ves, leurs familles et les enseignant\u00b7es: notre objectif\u202f: la sant\u00e9 pour tous\u202f!<\/p>\n<p><strong>Pr\u00e9venir la malnutrition \u00e0 Madagascar<\/strong><\/p>\n<p><a href=\"https:\/\/donnees.banquemondiale.org\/indicator\/SI.POV.DDAY\" target=\"_blank\" rel=\"noopener\">Pr\u00e8s de 2 millions d\u2019enfants de moins de 5 ans souffrent de malnutrition chronique \u00e0 Madagascar<\/a>. C\u2019est pourquoi Enfants du Monde,\u00a0<a href=\"https:\/\/www.cope.it\/\" target=\"_blank\" rel=\"noopener\">CO.P.E<\/a>,\u00a0<a href=\"https:\/\/www.terreinnovative.com\/\" target=\"_blank\" rel=\"noopener\">Terre Innovative<\/a>\u00a0m\u00e8nent un projet d\u2019<strong>\u00e9ducation nutritionnelle<\/strong>\u00a0dans les \u00e9coles du district d\u2019Ambanja au nord du pays.<\/p>\n<p><strong>En collaboration avec les acteurs locaux<\/strong>, nous avons \u00e9labor\u00e9 un kit p\u00e9dagogique \u00ab\u202fMitombo tsara\u202f\u00bb (grandir mieux en malgache)\u202f: un guide\u00a0<strong>pour les enseignant\u00b7es<\/strong>, des affiches, des jeux de cartes\u00a0<strong>et un livret en Sakalawa sous forme de bande dessin\u00e9e pour les enfants<\/strong>.<\/p>\n<p>Nous formons les enseignants \u00e0 l\u2019utilisation de ce mat\u00e9riel pour transmettre aux \u00e9l\u00e8ves\u00a0<strong>les principes d\u2019une alimentation saine et nutritive avec des produits locaux<\/strong>. Ceux actuellement utilis\u00e9s, tels que le riz, le manioc, le taro ou l\u2019igname, sont trop pauvres en nutriments.<\/p>\n                            <\/div>\n        <\/div>\n    <\/section>\n\n\n    \n    <section class=\"quoteImage leftTextRightImg \" style=\"display:\">\n        <div class=\"container\">\n            <div class=\"leftTextRightImgRow\">\n                                    <div class=\"right\">\n                                            <\/div>\n                                                    <div class=\"left\">\n                        <div class=\"content\">\n                            <h2>                                Sylvia Newkeze,  <small>Directrice de l&rsquo;\u00e9cole, \u00e9voque l&rsquo;importance de ce programme.<\/small>\n                            <\/h2>                            <div class=\"quote\">                                <p>Ce projet est important pour nous et pour les enfants car nous apprenons \u00e0 mieux cuisiner les aliments locaux. Les manuels p\u00e9dagogiques nous permettent d\u2019approfondir nos connaissances sur la bonne alimentation et nous rendent autonome dans la transmission de ces connaissances \u00e0 nos \u00e9l\u00e8ves.<\/p>\n                            <\/div>                                                                                <\/div>\n                    <\/div>\n                            <\/div>\n        <\/div>\n    <\/section>\n\n\n    \n    <section class=\"rightTextLeftImg \" style=\"display:\">\n        <div class=\"container\">\n            <div class=\"rightTextLeftImgRow\">\n                                    <div class=\"left\">\n                                                    <div class=\"imgBlock\">\n                                <a class=\"figure_block\" href=\"https:\/\/edm.ch\/wp-content\/uploads\/2023\/08\/Enfants_du_monde_image_website-17.png\" data-fancybox data-caption=\"Concours culinaire dans le cadre du programme pour une meilleure alimentation.\">\n                                    <img decoding=\"async\" data-src=\"https:\/\/edm.ch\/wp-content\/uploads\/2023\/08\/Enfants_du_monde_image_website-17.png\" src=\"data:image\/svg+xml;base64,PHN2ZyB3aWR0aD0iMSIgaGVpZ2h0PSIxIiB4bWxucz0iaHR0cDovL3d3dy53My5vcmcvMjAwMC9zdmciPjwvc3ZnPg==\" class=\"lazyload\" style=\"--smush-placeholder-width: 1920px; --smush-placeholder-aspect-ratio: 1920\/1920;\" data-srcset=\"https:\/\/edm.ch\/wp-content\/uploads\/2023\/08\/Enfants_du_monde_image_website-17.png 1920w, https:\/\/edm.ch\/wp-content\/uploads\/2023\/08\/Enfants_du_monde_image_website-17-300x300.png 300w, https:\/\/edm.ch\/wp-content\/uploads\/2023\/08\/Enfants_du_monde_image_website-17-1024x1024.png 1024w, https:\/\/edm.ch\/wp-content\/uploads\/2023\/08\/Enfants_du_monde_image_website-17-150x150.png 150w, https:\/\/edm.ch\/wp-content\/uploads\/2023\/08\/Enfants_du_monde_image_website-17-768x768.png 768w, https:\/\/edm.ch\/wp-content\/uploads\/2023\/08\/Enfants_du_monde_image_website-17-1536x1536.png 1536w\" data-sizes=\"auto\" data-original-sizes=\"(max-width: 1920px) 100vw, 1920px\" \/>\n                                                                    <\/a>\n                                <figcaption>Concours culinaire dans le cadre du programme pour une meilleure alimentation.<\/figcaption>\n                            <\/div>\n                                            <\/div>\n                                                    <div class=\"right\">\n                        <div class=\"content\">\n                                                             <small><\/small>\n                                                                                        <p>Un\u00a0<strong>concours gastronomique<\/strong>\u00a0r\u00e9compensant les repas les plus nutritifs r\u00e9alis\u00e9s avec des produits locaux a \u00e9t\u00e9 organis\u00e9 avec les familles des \u00e9l\u00e8ves pour les inciter \u00e0 changer leurs habitudes alimentaires. Des\u00a0<strong>\u00e9missions radios<\/strong>\u00a0ont \u00e9t\u00e9 con\u00e7ues par un groupe de parents et transmises via les radios locales pour diffuser les messages sur la nutrition au reste de la communaut\u00e9.<\/p>\n<p>Pour compl\u00e9ter ces efforts de pr\u00e9vention de la malnutrition, notre partenaire Terre Innovative Healthcare a mis en place une application Android pour le d\u00e9pistage et le suivi de la malnutrition chez les enfants au sein des \u00e9coles du programme.<\/p>\n<p>Nous comptons ainsi\u00a0<strong>sensibiliser pr\u00e8s de 1\u2019000 enfants et leurs familles<\/strong>\u00a0(environ 5\u2019000 personnes) aux bonnes pratiques alimentaires et\u00a0<strong>pr\u00e9venir la malnutrition<\/strong>\u00a0chronique.<\/p>\n                                                                                                            <\/div>\n                    <\/div>\n                            <\/div>\n        <\/div>\n    <\/section>\n\n        <section class=\"contentSec\" style=\"display:\">\n        <div class=\"container\">\n            <div class=\"contentBlock\">\n                <h5>La Journ\u00e9e mondiale de la sant\u00e9<\/h5>\n                <p>La Journ\u00e9e mondiale de la Sant\u00e9 (JMS), c\u00e9l\u00e9br\u00e9e chaque ann\u00e9e le 7 avril, marque l&rsquo;anniversaire de la fondation de l&rsquo;Organisation mondiale de la sant\u00e9 (OMS) en 1948 et se porte chaque ann\u00e9e sur une question de sant\u00e9 publique sp\u00e9cifique. En 2023, en plus de se concentrer sur la voie \u00e0 suivre pour atteindre la Sant\u00e9 pour tous, qui est le th\u00e8me de cette ann\u00e9e, l&rsquo;OMS c\u00e9l\u00e9brera son 75e anniversaire sous le th\u00e8me 75 ans d&rsquo;am\u00e9lioration de la sant\u00e9 publique.<\/p>\n                            <\/div>\n        <\/div>\n    <\/section>\n\n\n    <section class=\"donation_count\" style=\"display:\">\n        <div class=\"inner_row\">\n            <div class=\"right_img_block\">\n                <div class=\"img_block figure_block\">\n                    <img decoding=\"async\" data-src=\"https:\/\/edm.ch\/wp-content\/uploads\/2023\/08\/Enfants_du_monde_madagascar_project_3.png\" alt=\"\" src=\"data:image\/svg+xml;base64,PHN2ZyB3aWR0aD0iMSIgaGVpZ2h0PSIxIiB4bWxucz0iaHR0cDovL3d3dy53My5vcmcvMjAwMC9zdmciPjwvc3ZnPg==\" class=\"lazyload\" style=\"--smush-placeholder-width: 1920px; --smush-placeholder-aspect-ratio: 1920\/1920;\" data-srcset=\"https:\/\/edm.ch\/wp-content\/uploads\/2023\/08\/Enfants_du_monde_madagascar_project_3.png 1920w, https:\/\/edm.ch\/wp-content\/uploads\/2023\/08\/Enfants_du_monde_madagascar_project_3-300x300.png 300w, https:\/\/edm.ch\/wp-content\/uploads\/2023\/08\/Enfants_du_monde_madagascar_project_3-1024x1024.png 1024w, https:\/\/edm.ch\/wp-content\/uploads\/2023\/08\/Enfants_du_monde_madagascar_project_3-150x150.png 150w, https:\/\/edm.ch\/wp-content\/uploads\/2023\/08\/Enfants_du_monde_madagascar_project_3-768x768.png 768w, https:\/\/edm.ch\/wp-content\/uploads\/2023\/08\/Enfants_du_monde_madagascar_project_3-1536x1536.png 1536w\" data-sizes=\"auto\" data-original-sizes=\"(max-width: 1920px) 100vw, 1920px\">\n                                    <\/div>\n            <\/div>\n            <div class=\"left_txt_block\">\n                <div class=\"txt_contents\">\n                    <h3>Mon don fait la diff\u00e9rence<\/h3>\n                    <div class=\"block_txts\">\n                                                    <div class=\"item\">\n                                <span class=\"title\">Par exemple :<\/span>\n                                <p><\/p>\n                            <\/div>\n                                                    <div class=\"item\">\n                                <span class=\"title\">Avec 70 francs :<\/span>\n                                <p>J\u2019offre un manuel scolaire bilingue fran\u00e7ais et moor\u00e9 (langue locale) \u00e0 8 enfants au Burkina Faso pour leur permettre de mieux progresser \u00e0 l\u2019\u00e9cole. <\/p>\n                            <\/div>\n                                                    <div class=\"item\">\n                                <span class=\"title\">Avec 140 francs :<\/span>\n                                <p>Je permets \u00e0 250 femmes enceintes au Bangladesh d\u2019\u00eatre pr\u00e9par\u00e9es \u00e0 la naissance de leur b\u00e9b\u00e9 et aux risques li\u00e9s \u00e0 leur accouchement.  <\/p>\n                            <\/div>\n                                                    <div class=\"item\">\n                                <span class=\"title\">Avec 200 francs :<\/span>\n                                <p>Je finance une formation continue en \u00e9ducation bilingue \u00e0 10 enseignant\u00b7es au Guatemala pour am\u00e9liorer la qualit\u00e9 de leurs le\u00e7ons.<\/p>\n                            <\/div>\n                                                                            <a href=\"https:\/\/don.edm.ch\/fr\" class=\"btnWhite buttonDonation\">\n                                JE FAIS UN DON                            <\/a>\n                                            <\/div>\n                <\/div>\n            <\/div>\n        <\/div>\n    <\/section>","protected":false},"excerpt":{"rendered":"","protected":false},"featured_media":5382,"template":"","news-category":[49],"news-year":[18],"class_list":["post-5845","news","type-news","status-publish","has-post-thumbnail","hentry","news-category-sante","news-year-18"],"acf":[],"yoast_head":"<!-- This site is optimized with the Yoast SEO plugin v26.9 - https:\/\/yoast.com\/product\/yoast-seo-wordpress\/ -->\n<title>Journ\u00e9e mondiale de la sant\u00e9 - Enfants du monde<\/title>\n<meta name=\"description\" content=\"Le th\u00e8me de \u00ab\u202fla sant\u00e9 pour tous\u202f\u00bb retenu par l\u2019OMS pour la Journ\u00e9e mondiale de la sant\u00e9 est au c\u0153ur du travail d\u2019Enfants du Monde.\" \/>\n<meta name=\"robots\" content=\"index, follow, max-snippet:-1, max-image-preview:large, max-video-preview:-1\" \/>\n<link rel=\"canonical\" href=\"https:\/\/edm.ch\/fr\/news\/journee-mondiale-de-la-sante-la-sante-pour-tous-2\/\" \/>\n<meta property=\"og:locale\" content=\"fr_FR\" \/>\n<meta property=\"og:type\" content=\"article\" \/>\n<meta property=\"og:title\" content=\"Journ\u00e9e mondiale de la sant\u00e9 - Enfants du monde\" \/>\n<meta property=\"og:description\" content=\"Le th\u00e8me de \u00ab\u202fla sant\u00e9 pour tous\u202f\u00bb retenu par l\u2019OMS pour la Journ\u00e9e mondiale de la sant\u00e9 est au c\u0153ur du travail d\u2019Enfants du Monde.\" \/>\n<meta property=\"og:url\" content=\"https:\/\/edm.ch\/fr\/news\/journee-mondiale-de-la-sante-la-sante-pour-tous-2\/\" \/>\n<meta property=\"og:site_name\" content=\"Enfants du monde\" \/>\n<meta property=\"article:modified_time\" content=\"2024-02-08T14:54:11+00:00\" \/>\n<meta property=\"og:image\" content=\"https:\/\/edm.ch\/wp-content\/uploads\/2023\/08\/RS1430_FOTO-4-e1692797827809.jpg\" \/>\n\t<meta property=\"og:image:width\" content=\"2048\" \/>\n\t<meta property=\"og:image:height\" content=\"860\" \/>\n\t<meta property=\"og:image:type\" content=\"image\/jpeg\" \/>\n<meta name=\"twitter:card\" content=\"summary_large_image\" \/>\n<meta name=\"twitter:label1\" content=\"Est. reading time\" \/>\n\t<meta name=\"twitter:data1\" content=\"1 minute\" \/>\n<script type=\"application\/ld+json\" class=\"yoast-schema-graph\">{\"@context\":\"https:\/\/schema.org\",\"@graph\":[{\"@type\":\"WebPage\",\"@id\":\"https:\/\/edm.ch\/fr\/news\/journee-mondiale-de-la-sante-la-sante-pour-tous-2\/\",\"url\":\"https:\/\/edm.ch\/fr\/news\/journee-mondiale-de-la-sante-la-sante-pour-tous-2\/\",\"name\":\"Journ\u00e9e mondiale de la sant\u00e9 - Enfants du monde\",\"isPartOf\":{\"@id\":\"https:\/\/edm.ch\/en\/#website\"},\"primaryImageOfPage\":{\"@id\":\"https:\/\/edm.ch\/fr\/news\/journee-mondiale-de-la-sante-la-sante-pour-tous-2\/#primaryimage\"},\"image\":{\"@id\":\"https:\/\/edm.ch\/fr\/news\/journee-mondiale-de-la-sante-la-sante-pour-tous-2\/#primaryimage\"},\"thumbnailUrl\":\"https:\/\/edm.ch\/wp-content\/uploads\/2023\/08\/RS1430_FOTO-4-e1692797827809.jpg\",\"datePublished\":\"2023-04-04T12:26:00+00:00\",\"dateModified\":\"2024-02-08T14:54:11+00:00\",\"description\":\"Le th\u00e8me de \u00ab\u202fla sant\u00e9 pour tous\u202f\u00bb retenu par l\u2019OMS pour la Journ\u00e9e mondiale de la sant\u00e9 est au c\u0153ur du travail d\u2019Enfants du Monde.\",\"inLanguage\":\"fr-FR\",\"potentialAction\":[{\"@type\":\"ReadAction\",\"target\":[\"https:\/\/edm.ch\/fr\/news\/journee-mondiale-de-la-sante-la-sante-pour-tous-2\/\"]}]},{\"@type\":\"ImageObject\",\"inLanguage\":\"fr-FR\",\"@id\":\"https:\/\/edm.ch\/fr\/news\/journee-mondiale-de-la-sante-la-sante-pour-tous-2\/#primaryimage\",\"url\":\"https:\/\/edm.ch\/wp-content\/uploads\/2023\/08\/RS1430_FOTO-4-e1692797827809.jpg\",\"contentUrl\":\"https:\/\/edm.ch\/wp-content\/uploads\/2023\/08\/RS1430_FOTO-4-e1692797827809.jpg\",\"width\":2048,\"height\":860,\"caption\":\"Enfants du Monde\"},{\"@type\":\"WebSite\",\"@id\":\"https:\/\/edm.ch\/en\/#website\",\"url\":\"https:\/\/edm.ch\/en\/\",\"name\":\"Enfants du monde\",\"description\":\"Association suisse\",\"potentialAction\":[{\"@type\":\"SearchAction\",\"target\":{\"@type\":\"EntryPoint\",\"urlTemplate\":\"https:\/\/edm.ch\/en\/?s={search_term_string}\"},\"query-input\":{\"@type\":\"PropertyValueSpecification\",\"valueRequired\":true,\"valueName\":\"search_term_string\"}}],\"inLanguage\":\"fr-FR\"}]}<\/script>\n<!-- \/ Yoast SEO plugin. -->","yoast_head_json":{"title":"Journ\u00e9e mondiale de la sant\u00e9 - Enfants du monde","description":"Le th\u00e8me de \u00ab\u202fla sant\u00e9 pour tous\u202f\u00bb retenu par l\u2019OMS pour la Journ\u00e9e mondiale de la sant\u00e9 est au c\u0153ur du travail d\u2019Enfants du Monde.","robots":{"index":"index","follow":"follow","max-snippet":"max-snippet:-1","max-image-preview":"max-image-preview:large","max-video-preview":"max-video-preview:-1"},"canonical":"https:\/\/edm.ch\/fr\/news\/journee-mondiale-de-la-sante-la-sante-pour-tous-2\/","og_locale":"fr_FR","og_type":"article","og_title":"Journ\u00e9e mondiale de la sant\u00e9 - Enfants du monde","og_description":"Le th\u00e8me de \u00ab\u202fla sant\u00e9 pour tous\u202f\u00bb retenu par l\u2019OMS pour la Journ\u00e9e mondiale de la sant\u00e9 est au c\u0153ur du travail d\u2019Enfants du Monde.","og_url":"https:\/\/edm.ch\/fr\/news\/journee-mondiale-de-la-sante-la-sante-pour-tous-2\/","og_site_name":"Enfants du monde","article_modified_time":"2024-02-08T14:54:11+00:00","og_image":[{"width":2048,"height":860,"url":"https:\/\/edm.ch\/wp-content\/uploads\/2023\/08\/RS1430_FOTO-4-e1692797827809.jpg","type":"image\/jpeg"}],"twitter_card":"summary_large_image","twitter_misc":{"Est. reading time":"1 minute"},"schema":{"@context":"https:\/\/schema.org","@graph":[{"@type":"WebPage","@id":"https:\/\/edm.ch\/fr\/news\/journee-mondiale-de-la-sante-la-sante-pour-tous-2\/","url":"https:\/\/edm.ch\/fr\/news\/journee-mondiale-de-la-sante-la-sante-pour-tous-2\/","name":"Journ\u00e9e mondiale de la sant\u00e9 - Enfants du monde","isPartOf":{"@id":"https:\/\/edm.ch\/en\/#website"},"primaryImageOfPage":{"@id":"https:\/\/edm.ch\/fr\/news\/journee-mondiale-de-la-sante-la-sante-pour-tous-2\/#primaryimage"},"image":{"@id":"https:\/\/edm.ch\/fr\/news\/journee-mondiale-de-la-sante-la-sante-pour-tous-2\/#primaryimage"},"thumbnailUrl":"https:\/\/edm.ch\/wp-content\/uploads\/2023\/08\/RS1430_FOTO-4-e1692797827809.jpg","datePublished":"2023-04-04T12:26:00+00:00","dateModified":"2024-02-08T14:54:11+00:00","description":"Le th\u00e8me de \u00ab\u202fla sant\u00e9 pour tous\u202f\u00bb retenu par l\u2019OMS pour la Journ\u00e9e mondiale de la sant\u00e9 est au c\u0153ur du travail d\u2019Enfants du Monde.","inLanguage":"fr-FR","potentialAction":[{"@type":"ReadAction","target":["https:\/\/edm.ch\/fr\/news\/journee-mondiale-de-la-sante-la-sante-pour-tous-2\/"]}]},{"@type":"ImageObject","inLanguage":"fr-FR","@id":"https:\/\/edm.ch\/fr\/news\/journee-mondiale-de-la-sante-la-sante-pour-tous-2\/#primaryimage","url":"https:\/\/edm.ch\/wp-content\/uploads\/2023\/08\/RS1430_FOTO-4-e1692797827809.jpg","contentUrl":"https:\/\/edm.ch\/wp-content\/uploads\/2023\/08\/RS1430_FOTO-4-e1692797827809.jpg","width":2048,"height":860,"caption":"Enfants du Monde"},{"@type":"WebSite","@id":"https:\/\/edm.ch\/en\/#website","url":"https:\/\/edm.ch\/en\/","name":"Enfants du monde","description":"Association suisse","potentialAction":[{"@type":"SearchAction","target":{"@type":"EntryPoint","urlTemplate":"https:\/\/edm.ch\/en\/?s={search_term_string}"},"query-input":{"@type":"PropertyValueSpecification","valueRequired":true,"valueName":"search_term_string"}}],"inLanguage":"fr-FR"}]}},"_links":{"self":[{"href":"https:\/\/edm.ch\/fr\/wp-json\/wp\/v2\/news\/5845","targetHints":{"allow":["GET"]}}],"collection":[{"href":"https:\/\/edm.ch\/fr\/wp-json\/wp\/v2\/news"}],"about":[{"href":"https:\/\/edm.ch\/fr\/wp-json\/wp\/v2\/types\/news"}],"wp:featuredmedia":[{"embeddable":true,"href":"https:\/\/edm.ch\/fr\/wp-json\/wp\/v2\/media\/5382"}],"wp:attachment":[{"href":"https:\/\/edm.ch\/fr\/wp-json\/wp\/v2\/media?parent=5845"}],"wp:term":[{"taxonomy":"news-category","embeddable":true,"href":"https:\/\/edm.ch\/fr\/wp-json\/wp\/v2\/news-category?post=5845"},{"taxonomy":"news-year","embeddable":true,"href":"https:\/\/edm.ch\/fr\/wp-json\/wp\/v2\/news-year?post=5845"}],"curies":[{"name":"wp","href":"https:\/\/api.w.org\/{rel}","templated":true}]}}