{"id":5275,"date":"2023-05-12T08:58:00","date_gmt":"2023-05-12T08:58:00","guid":{"rendered":"https:\/\/edm.ch\/?post_type=news&#038;p=5275"},"modified":"2025-12-05T09:32:33","modified_gmt":"2025-12-05T09:32:33","slug":"comment-mieux-defendre-les-droits-des-enfants-dans-les-conflits-armes","status":"publish","type":"news","link":"https:\/\/edm.ch\/fr\/news\/comment-mieux-defendre-les-droits-des-enfants-dans-les-conflits-armes\/","title":{"rendered":"Comment mieux d\u00e9fendre les droits des enfants dans les conflits arm\u00e9s ?"},"content":{"rendered":"<section class=\"subpageBanner\" style=\"display:\">\n    <div class=\"subpageBannerBlock figure_block\">\n        <img decoding=\"async\" data-src=\"https:\/\/edm.ch\/wp-content\/uploads\/2023\/08\/RS333_eleves-dune-ECOM-a-linterieur-dun-hangar-en-train-decouter-leur-animatrice.jpg\" src=\"data:image\/svg+xml;base64,PHN2ZyB3aWR0aD0iMSIgaGVpZ2h0PSIxIiB4bWxucz0iaHR0cDovL3d3dy53My5vcmcvMjAwMC9zdmciPjwvc3ZnPg==\" class=\"lazyload\" style=\"--smush-placeholder-width: 6000px; --smush-placeholder-aspect-ratio: 6000\/4000;\" data-srcset=\"https:\/\/edm.ch\/wp-content\/uploads\/2023\/08\/RS333_eleves-dune-ECOM-a-linterieur-dun-hangar-en-train-decouter-leur-animatrice.jpg 2560w, https:\/\/edm.ch\/wp-content\/uploads\/2023\/08\/RS333_eleves-dune-ECOM-a-linterieur-dun-hangar-en-train-decouter-leur-animatrice-300x200.jpg 300w, https:\/\/edm.ch\/wp-content\/uploads\/2023\/08\/RS333_eleves-dune-ECOM-a-linterieur-dun-hangar-en-train-decouter-leur-animatrice-1024x683.jpg 1024w, https:\/\/edm.ch\/wp-content\/uploads\/2023\/08\/RS333_eleves-dune-ECOM-a-linterieur-dun-hangar-en-train-decouter-leur-animatrice-768x512.jpg 768w, https:\/\/edm.ch\/wp-content\/uploads\/2023\/08\/RS333_eleves-dune-ECOM-a-linterieur-dun-hangar-en-train-decouter-leur-animatrice-1536x1024.jpg 1536w, https:\/\/edm.ch\/wp-content\/uploads\/2023\/08\/RS333_eleves-dune-ECOM-a-linterieur-dun-hangar-en-train-decouter-leur-animatrice-2048x1365.jpg 2048w\" data-sizes=\"auto\" data-original-sizes=\"(max-width: 6000px) 100vw, 6000px\" \/>\n        <div class=\"subpageBannerWrap\">\n            <div class=\"container\">\n                <div class=\"content\">\n                    <div>\n                        <span class=\"bannerHead\"><\/span>\n                        <h1>Comment mieux d\u00e9fendre les droits des enfants dans les conflits arm\u00e9s ?<\/h1>\n                    <\/div>\n                                    <\/div>\n            <\/div>\n        <\/div>\n            <\/div>\n<\/section>\n<script type=\"text\/javascript\">\n    jQuery(document).ready(function ($) {\n        \/\/ Check if the block exists\n        var bannerSection = $('#subpage-banner-section');\n\n        if (bannerSection.length > 0) {\n            \/\/ Move the block to the end of <main> just before the footer\n            $('main').append(bannerSection); \/\/ This will append it inside the <main> tag\n        }\n\n        $('.documentAccordion').on('click', function (e) {\n            e.preventDefault();  \/\/ Prevent default link action\n\n            \/\/ Target the section with the given ID\n            $('html, body').animate({\n                scrollTop: $('#subpage-banner-section').offset().top - 200\n            }, 1000);\n        });\n    });\n<\/script>\n\n        <section class=\"contentSec\" style=\"display:\">\n        <div class=\"container\">\n            <div class=\"contentBlock\">\n                <h5><\/h5>\n                <p><strong>La D\u00e9claration des droits de l\u2019enfant (D\u00e9claration de Gen\u00e8ve) f\u00eate ses 100 ans !<\/strong><\/p>\n<p>\u00c0 cette occasion, le\u00a0<a href=\"https:\/\/www.musee-reforme.ch\/\" target=\"_blank\" rel=\"noopener\">Mus\u00e9e International de la R\u00e9forme (MIR)<\/a>\u00a0\u00e0 Gen\u00e8ve accueille l\u2019original de la D\u00e9claration ainsi que\u00a0<a href=\"https:\/\/www.musee-reforme.ch\/show-item\/deflagrations\/\" target=\"_blank\" rel=\"noopener\">l\u2019exposition de dessins d\u2019enfants \u00ab D\u00e9flagrations \u00bb<\/a>\u00a0et a organis\u00e9 le 10 mai dernier\u00a0<strong>une table ronde sur la situation des enfants en temps de conflit<\/strong>\u00a0avec le Comit\u00e9 des droits de l\u2019enfant de l\u2019ONU,\u00a0<a href=\"https:\/\/terredeshommessuisse.ch\/\" target=\"_blank\" rel=\"noopener\">Terre des Hommes Suisse<\/a>,\u00a0<a href=\"https:\/\/savethechildren.ch\/fr\/\">Save the Children<\/a>\u00a0et notre association.<\/p>\n                            <\/div>\n        <\/div>\n    <\/section>\n\n        <section class=\"contentSec\" style=\"display:\">\n        <div class=\"container\">\n            <div class=\"contentBlock\">\n                <h5>Les enfants dans les conflits arm\u00e9s : la situation empire<\/h5>\n                <p>Il y a des conflits dont on entend beaucoup parler : Ukraine, Syrie, Afghanistan\u2026 et d\u2019autres qui sont moins au c\u0153ur de l\u2019actualit\u00e9 des m\u00e9dias, comme la crise s\u00e9curitaire au Burkina Faso ou la guerre des gangs en Ha\u00efti.<\/p>\n<p>Quels que soit la guerre, le conflit ou la crise, les enfants ont toujours compt\u00e9 parmi les premi\u00e8res victimes des violences.\u00a0<strong>En 2021, environ 449 millions d&rsquo;enfants &#8211; soit un enfant sur six dans le monde &#8211; vivaient dans une zone de conflit.<\/strong>\u00a0La situation ne s&rsquo;est pas am\u00e9lior\u00e9e en 2022, avec un nombre \u00e9lev\u00e9 de violations graves des droits de l\u2019enfant : recrutement et utilisation d&rsquo;enfants dans des op\u00e9rations militaires, meurtres, mutilations, enl\u00e8vements, violences sexuelles\u2026<\/p>\n<p><strong>\u00c9clairer ce qui est fait et reste \u00e0 faire : les sp\u00e9cialistes s\u2019expriment<\/strong><\/p>\n<p>Lors de la table ronde le 10 mai, pr\u00e8s de 100 invit\u00e9\u00b7es \u00e9coutent attentivement un panel de sp\u00e9cialistes d\u00e9battre des droits des enfants en temps de conflit.<strong>\u00a0Ils et elles d\u00e9noncent le non-respect des droits de l\u2019enfant<\/strong>\u00a0malgr\u00e9 un cadre l\u00e9gal international clair et d\u00e9plorent qu\u2019aujourd\u2019hui encore, les enfants soient victimes de la cruaut\u00e9 de la guerre.<\/p>\n<p>Nous \u00e9tions aux c\u00f4t\u00e9s de M\u00e9decins Sans Fronti\u00e8res, Save the Children et Terre des Hommes Suisse pour \u00e9changer sur nos diff\u00e9rentes actions en faveur des enfants en contexte de conflit. L\u2019\u00e9motion \u00e9tait palpable lors des diff\u00e9rents t\u00e9moignages de nos intervenants sur le terrain.<\/p>\n<p>Des repr\u00e9sentant\u00b7es du Comit\u00e9 des droits de l&rsquo;enfant des Nations-Unies ont \u00e9voqu\u00e9 une situation complexe et douloureuse, en soulignant le travail effectu\u00e9 par diff\u00e9rents acteurs internationaux sur le terrain \u00e0 ce jour, et en mettant \u00e9galement en lumi\u00e8re les efforts qu\u2019il reste \u00e0 faire.<\/p>\n                            <\/div>\n        <\/div>\n    <\/section>\n\n        <section class=\"contentSec\" style=\"display:\">\n        <div class=\"container\">\n            <div class=\"contentBlock\">\n                <h5>Les enfants victimes de la guerre ont droit \u00e0 une \u00e9ducation : l\u2019exemple du Burkina Faso<\/h5>\n                <p>Notre coll\u00e8gue Siman\u00e9 Ouoba, Charg\u00e9 de projets d\u2019\u00e9ducation en situation d\u2019urgence et de protection s\u2019est exprim\u00e9 en visio-conf\u00e9rence depuis le Burkina Faso.<br \/>\nEnfants du Monde intervient au Burkina Faso depuis plus de trente ans. Nous avons progressivement constat\u00e9 la d\u00e9gradation s\u00e9curitaire du pays ainsi que ses terribles cons\u00e9quences sur les enfants. Le contexte de violence persistante fait r\u00e9gner une grande ins\u00e9curit\u00e9 et cette situation engendre des d\u00e9placements de population massifs. Les \u00e9coles sont directement cibl\u00e9es par des attaques. <strong>Des millions d\u2019enfants sont priv\u00e9s d\u2019\u00e9ducation.<\/strong><\/p>\n<p>C\u2019est pourquoi nous menons un projet d\u2019\u00e9ducation en situation d\u2019urgence qui permet \u00e0 des milliers d\u2019enfants de b\u00e9n\u00e9ficier d\u2019une \u00e9ducation de qualit\u00e9.<\/p>\n<p>Siman\u00e9 a expliqu\u00e9 comment nous proposons\u00a0<strong>des cursus d\u2019apprentissage acc\u00e9l\u00e9r\u00e9s pour les enfants<\/strong>\u00a0qui ont manqu\u00e9 de nombreux mois d\u2019\u00e9cole en raison des violences, le mat\u00e9riel que nous distribuons aux plus vuln\u00e9rables (v\u00e9los pour se rendre \u00e0 l\u2019\u00e9cole, lampes solaires pour faire ses devoirs m\u00eame sans \u00e9lectricit\u00e9)\u2026 Nous formons les enseignant\u00b7es \u00e0 l\u2019accompagnement psycho-social des enfants.\u00a0<strong>Nous les formons aussi \u00e0 une p\u00e9dagogie active<\/strong>\u00a0pour assurer une bonne participation des enfants malgr\u00e9 un grand nombre d\u2019\u00e9l\u00e8ves (jusqu\u2019\u00e0 200 par classe !).\u00a0<strong>Nous travaillons \u00e9galement avec les communaut\u00e9s<\/strong>\u00a0pour \u00e9valuer et pr\u00e9venir les dangers et ainsi prot\u00e9ger les enfants.<\/p>\n<p>Dans les zones \u00ab rouges \u00bb aujourd\u2019hui difficilement accessibles,\u00a0<strong>nous diffusons des \u00e9missions de radio \u00e9ducatives<\/strong>\u00a0et distribuons des radios aux familles pour que les enfants puissent poursuivre leur \u00e9ducation \u00e0 distance.<\/p>\n                            <\/div>\n        <\/div>\n    <\/section>\n\n        <section class=\"contentSec\" style=\"display:\">\n        <div class=\"container\">\n            <div class=\"contentBlock\">\n                <h5>Une probl\u00e9matique multifacettes<\/h5>\n                <p>Lors de la table ronde, les \u00e9changes entre sp\u00e9cialistes ont \u00e9t\u00e9 mod\u00e9r\u00e9s par Beata Godenzi, notre Secr\u00e9taire g\u00e9n\u00e9rale, et Philip Jaff\u00e9, membre du Comit\u00e9 des droits de l\u2019enfant des Nations-Unies. Gabriel de Montmollin, directeur du MIR, a introduit la soir\u00e9e.<\/p>\n<p>En ouverture, Daniel Palmieri, historien du CICR, a expliqu\u00e9 la gen\u00e8se de la D\u00e9claration de Gen\u00e8ve, qui a consacr\u00e9 pour la premi\u00e8re des droits sp\u00e9cifiques aux enfants. Aujourd\u2019hui, il existe une Convention relative aux droits de l\u2019enfant, qui est contraignante l\u00e9galement pour les \u00e9tats : Mikiko Otani, ancienne pr\u00e9sidente du Comit\u00e9 des droits de l\u2019enfant, a ouvert la discussion et r\u00e9it\u00e9r\u00e9 ses pr\u00e9occupations face \u00e0 la persistance de graves violations des droits de l\u2019enfant dans les zones de conflit.<\/p>\n<p>En plus du t\u00e9moignage de terrain de notre coll\u00e8gue Siman\u00e9 du Burkina Faso, Guerty Aim\u00e9, coordinatrice de Terre des Hommes Suisse en Ha\u00efti, a relat\u00e9 de mani\u00e8re tr\u00e8s concr\u00e8te la situation des enfants impliqu\u00e9s dans les guerres de gangs.<\/p>\n<p>Michel Anglade, directeur de Save the Children \u00e0 Gen\u00e8ve, a rappel\u00e9 que c\u2019est \u00e0 Eglantyne Jebb, fondatrice de l\u2019organisation, que nous devons la cr\u00e9ation de la D\u00e9claration des droits de l\u2019enfant en 1923.<\/p>\n<p>Marcos Moyano, conseiller en sant\u00e9 mentale au centre op\u00e9rationnel de M\u00e9decins Sans Fronti\u00e8res a expliqu\u00e9 l\u2019impact des conflits sur la sant\u00e9 mentale des enfants.<\/p>\n<p><strong><a href=\"https:\/\/www.musee-reforme.ch\/show-item\/deflagrations\/\" target=\"_blank\" rel=\"noopener\">L\u2019exposition \u00ab D\u00e9flagrations \u00bb<\/a>\u00a0qui pr\u00e9sente des dessins d\u2019enfants confront\u00e9s \u00e0 la guerre est visible au\u00a0<a href=\"https:\/\/www.musee-reforme.ch\/\" target=\"_blank\" rel=\"noopener\">Mus\u00e9e de la R\u00e9forme<\/a>\u00a0jusqu\u2019au 27 ao\u00fbt. N\u2019h\u00e9sitez pas \u00e0 aller la voir pour mieux comprendre en quoi la th\u00e9matique des droits de l\u2019enfant dans les conflits arm\u00e9s est plus que jamais primordiale aujourd\u2019hui.<\/strong><\/p>\n                            <\/div>\n        <\/div>\n    <\/section>\n\n\n    <section class=\"donation_count\" style=\"display:\">\n        <div class=\"inner_row\">\n            <div class=\"right_img_block\">\n                <div class=\"img_block figure_block\">\n                    <img decoding=\"async\" data-src=\"https:\/\/edm.ch\/wp-content\/uploads\/2023\/08\/Burkina-Faso_Sante-scaled.jpg\" alt=\"\" src=\"data:image\/svg+xml;base64,PHN2ZyB3aWR0aD0iMSIgaGVpZ2h0PSIxIiB4bWxucz0iaHR0cDovL3d3dy53My5vcmcvMjAwMC9zdmciPjwvc3ZnPg==\" class=\"lazyload\" style=\"--smush-placeholder-width: 1704px; --smush-placeholder-aspect-ratio: 1704\/2560;\" data-srcset=\"https:\/\/edm.ch\/wp-content\/uploads\/2023\/08\/Burkina-Faso_Sante-scaled.jpg 1704w, https:\/\/edm.ch\/wp-content\/uploads\/2023\/08\/Burkina-Faso_Sante-200x300.jpg 200w, https:\/\/edm.ch\/wp-content\/uploads\/2023\/08\/Burkina-Faso_Sante-682x1024.jpg 682w, https:\/\/edm.ch\/wp-content\/uploads\/2023\/08\/Burkina-Faso_Sante-768x1154.jpg 768w, https:\/\/edm.ch\/wp-content\/uploads\/2023\/08\/Burkina-Faso_Sante-1022x1536.jpg 1022w, https:\/\/edm.ch\/wp-content\/uploads\/2023\/08\/Burkina-Faso_Sante-1363x2048.jpg 1363w\" data-sizes=\"auto\" data-original-sizes=\"(max-width: 1704px) 100vw, 1704px\">\n                                            <div class=\"picture-caption\">\n                            <div class=\"caption-content\"><span>Ouedraogo B. Emmanuel<\/span><\/div>\n                        <\/div>\n                                    <\/div>\n            <\/div>\n            <div class=\"left_txt_block\">\n                <div class=\"txt_contents\">\n                    <h3>Mon don fait la diff\u00e9rence<\/h3>\n                    <div class=\"block_txts\">\n                                                    <div class=\"item\">\n                                <span class=\"title\">Par exemple :<\/span>\n                                <p><\/p>\n                            <\/div>\n                                                    <div class=\"item\">\n                                <span class=\"title\">Avec 70 francs :<\/span>\n                                <p>J\u2019offre un manuel scolaire bilingue fran\u00e7ais et moor\u00e9 (langue locale) \u00e0 8 enfants au Burkina Faso pour leur permettre de mieux progresser \u00e0 l\u2019\u00e9cole. <\/p>\n                            <\/div>\n                                                    <div class=\"item\">\n                                <span class=\"title\">Avec 140 francs :<\/span>\n                                <p>Je permets \u00e0 250 femmes enceintes au Bangladesh d\u2019\u00eatre pr\u00e9par\u00e9es \u00e0 la naissance de leur b\u00e9b\u00e9 et aux risques li\u00e9s \u00e0 leur accouchement.  <\/p>\n                            <\/div>\n                                                    <div class=\"item\">\n                                <span class=\"title\">Avec 200 francs :<\/span>\n                                <p>Je finance une formation continue en \u00e9ducation bilingue \u00e0 10 enseignant\u00b7es au Guatemala pour am\u00e9liorer la qualit\u00e9 de leurs le\u00e7ons.<\/p>\n                            <\/div>\n                                                                            <a href=\"https:\/\/don.edm.ch\/fr\" class=\"btnWhite buttonDonation\">\n                                JE FAIS UN DON                            <\/a>\n                                            <\/div>\n                <\/div>\n            <\/div>\n        <\/div>\n    <\/section>","protected":false},"excerpt":{"rendered":"","protected":false},"featured_media":12155,"template":"","news-category":[58],"news-year":[18],"class_list":["post-5275","news","type-news","status-publish","has-post-thumbnail","hentry","news-category-droit-de-lenfant","news-year-18"],"acf":[],"yoast_head":"<!-- This site is optimized with the Yoast SEO plugin v26.9 - https:\/\/yoast.com\/product\/yoast-seo-wordpress\/ -->\n<title>D\u00e9fense des droits des enfants en conflits - Enfant du Monde<\/title>\n<meta name=\"description\" content=\"Enfant du Monde m\u00e8ne un projet d\u2019\u00e9ducation en situation d&#039;urgence dans plusieurs pays comme le Burkina Faso.\" \/>\n<meta name=\"robots\" content=\"index, follow, max-snippet:-1, max-image-preview:large, max-video-preview:-1\" \/>\n<link rel=\"canonical\" href=\"https:\/\/edm.ch\/fr\/news\/comment-mieux-defendre-les-droits-des-enfants-dans-les-conflits-armes\/\" \/>\n<meta property=\"og:locale\" content=\"fr_FR\" \/>\n<meta property=\"og:type\" content=\"article\" \/>\n<meta property=\"og:title\" content=\"D\u00e9fense des droits des enfants en conflits - Enfant du Monde\" \/>\n<meta property=\"og:description\" content=\"Enfant du Monde m\u00e8ne un projet d\u2019\u00e9ducation en situation d&#039;urgence dans plusieurs pays comme le Burkina Faso.\" \/>\n<meta property=\"og:url\" content=\"https:\/\/edm.ch\/fr\/news\/comment-mieux-defendre-les-droits-des-enfants-dans-les-conflits-armes\/\" \/>\n<meta property=\"og:site_name\" content=\"Enfants du monde\" \/>\n<meta property=\"article:modified_time\" content=\"2025-12-05T09:32:33+00:00\" \/>\n<meta property=\"og:image\" content=\"https:\/\/edm.ch\/wp-content\/uploads\/2023\/08\/actu_MIR_1_ESU.png\" \/>\n\t<meta property=\"og:image:width\" content=\"600\" \/>\n\t<meta property=\"og:image:height\" content=\"400\" \/>\n\t<meta property=\"og:image:type\" content=\"image\/png\" \/>\n<meta name=\"twitter:card\" content=\"summary_large_image\" \/>\n<meta name=\"twitter:label1\" content=\"Est. reading time\" \/>\n\t<meta name=\"twitter:data1\" content=\"1 minute\" \/>\n<script type=\"application\/ld+json\" class=\"yoast-schema-graph\">{\"@context\":\"https:\/\/schema.org\",\"@graph\":[{\"@type\":\"WebPage\",\"@id\":\"https:\/\/edm.ch\/fr\/news\/comment-mieux-defendre-les-droits-des-enfants-dans-les-conflits-armes\/\",\"url\":\"https:\/\/edm.ch\/fr\/news\/comment-mieux-defendre-les-droits-des-enfants-dans-les-conflits-armes\/\",\"name\":\"D\u00e9fense des droits des enfants en conflits - Enfant du Monde\",\"isPartOf\":{\"@id\":\"https:\/\/edm.ch\/en\/#website\"},\"primaryImageOfPage\":{\"@id\":\"https:\/\/edm.ch\/fr\/news\/comment-mieux-defendre-les-droits-des-enfants-dans-les-conflits-armes\/#primaryimage\"},\"image\":{\"@id\":\"https:\/\/edm.ch\/fr\/news\/comment-mieux-defendre-les-droits-des-enfants-dans-les-conflits-armes\/#primaryimage\"},\"thumbnailUrl\":\"https:\/\/edm.ch\/wp-content\/uploads\/2023\/08\/actu_MIR_1_ESU.png\",\"datePublished\":\"2023-05-12T08:58:00+00:00\",\"dateModified\":\"2025-12-05T09:32:33+00:00\",\"description\":\"Enfant du Monde m\u00e8ne un projet d\u2019\u00e9ducation en situation d'urgence dans plusieurs pays comme le Burkina Faso.\",\"inLanguage\":\"fr-FR\",\"potentialAction\":[{\"@type\":\"ReadAction\",\"target\":[\"https:\/\/edm.ch\/fr\/news\/comment-mieux-defendre-les-droits-des-enfants-dans-les-conflits-armes\/\"]}]},{\"@type\":\"ImageObject\",\"inLanguage\":\"fr-FR\",\"@id\":\"https:\/\/edm.ch\/fr\/news\/comment-mieux-defendre-les-droits-des-enfants-dans-les-conflits-armes\/#primaryimage\",\"url\":\"https:\/\/edm.ch\/wp-content\/uploads\/2023\/08\/actu_MIR_1_ESU.png\",\"contentUrl\":\"https:\/\/edm.ch\/wp-content\/uploads\/2023\/08\/actu_MIR_1_ESU.png\",\"width\":600,\"height\":400},{\"@type\":\"WebSite\",\"@id\":\"https:\/\/edm.ch\/en\/#website\",\"url\":\"https:\/\/edm.ch\/en\/\",\"name\":\"Enfants du monde\",\"description\":\"Association suisse\",\"potentialAction\":[{\"@type\":\"SearchAction\",\"target\":{\"@type\":\"EntryPoint\",\"urlTemplate\":\"https:\/\/edm.ch\/en\/?s={search_term_string}\"},\"query-input\":{\"@type\":\"PropertyValueSpecification\",\"valueRequired\":true,\"valueName\":\"search_term_string\"}}],\"inLanguage\":\"fr-FR\"}]}<\/script>\n<!-- \/ Yoast SEO plugin. -->","yoast_head_json":{"title":"D\u00e9fense des droits des enfants en conflits - Enfant du Monde","description":"Enfant du Monde m\u00e8ne un projet d\u2019\u00e9ducation en situation d'urgence dans plusieurs pays comme le Burkina Faso.","robots":{"index":"index","follow":"follow","max-snippet":"max-snippet:-1","max-image-preview":"max-image-preview:large","max-video-preview":"max-video-preview:-1"},"canonical":"https:\/\/edm.ch\/fr\/news\/comment-mieux-defendre-les-droits-des-enfants-dans-les-conflits-armes\/","og_locale":"fr_FR","og_type":"article","og_title":"D\u00e9fense des droits des enfants en conflits - Enfant du Monde","og_description":"Enfant du Monde m\u00e8ne un projet d\u2019\u00e9ducation en situation d'urgence dans plusieurs pays comme le Burkina Faso.","og_url":"https:\/\/edm.ch\/fr\/news\/comment-mieux-defendre-les-droits-des-enfants-dans-les-conflits-armes\/","og_site_name":"Enfants du monde","article_modified_time":"2025-12-05T09:32:33+00:00","og_image":[{"width":600,"height":400,"url":"https:\/\/edm.ch\/wp-content\/uploads\/2023\/08\/actu_MIR_1_ESU.png","type":"image\/png"}],"twitter_card":"summary_large_image","twitter_misc":{"Est. reading time":"1 minute"},"schema":{"@context":"https:\/\/schema.org","@graph":[{"@type":"WebPage","@id":"https:\/\/edm.ch\/fr\/news\/comment-mieux-defendre-les-droits-des-enfants-dans-les-conflits-armes\/","url":"https:\/\/edm.ch\/fr\/news\/comment-mieux-defendre-les-droits-des-enfants-dans-les-conflits-armes\/","name":"D\u00e9fense des droits des enfants en conflits - Enfant du Monde","isPartOf":{"@id":"https:\/\/edm.ch\/en\/#website"},"primaryImageOfPage":{"@id":"https:\/\/edm.ch\/fr\/news\/comment-mieux-defendre-les-droits-des-enfants-dans-les-conflits-armes\/#primaryimage"},"image":{"@id":"https:\/\/edm.ch\/fr\/news\/comment-mieux-defendre-les-droits-des-enfants-dans-les-conflits-armes\/#primaryimage"},"thumbnailUrl":"https:\/\/edm.ch\/wp-content\/uploads\/2023\/08\/actu_MIR_1_ESU.png","datePublished":"2023-05-12T08:58:00+00:00","dateModified":"2025-12-05T09:32:33+00:00","description":"Enfant du Monde m\u00e8ne un projet d\u2019\u00e9ducation en situation d'urgence dans plusieurs pays comme le Burkina Faso.","inLanguage":"fr-FR","potentialAction":[{"@type":"ReadAction","target":["https:\/\/edm.ch\/fr\/news\/comment-mieux-defendre-les-droits-des-enfants-dans-les-conflits-armes\/"]}]},{"@type":"ImageObject","inLanguage":"fr-FR","@id":"https:\/\/edm.ch\/fr\/news\/comment-mieux-defendre-les-droits-des-enfants-dans-les-conflits-armes\/#primaryimage","url":"https:\/\/edm.ch\/wp-content\/uploads\/2023\/08\/actu_MIR_1_ESU.png","contentUrl":"https:\/\/edm.ch\/wp-content\/uploads\/2023\/08\/actu_MIR_1_ESU.png","width":600,"height":400},{"@type":"WebSite","@id":"https:\/\/edm.ch\/en\/#website","url":"https:\/\/edm.ch\/en\/","name":"Enfants du monde","description":"Association suisse","potentialAction":[{"@type":"SearchAction","target":{"@type":"EntryPoint","urlTemplate":"https:\/\/edm.ch\/en\/?s={search_term_string}"},"query-input":{"@type":"PropertyValueSpecification","valueRequired":true,"valueName":"search_term_string"}}],"inLanguage":"fr-FR"}]}},"_links":{"self":[{"href":"https:\/\/edm.ch\/fr\/wp-json\/wp\/v2\/news\/5275","targetHints":{"allow":["GET"]}}],"collection":[{"href":"https:\/\/edm.ch\/fr\/wp-json\/wp\/v2\/news"}],"about":[{"href":"https:\/\/edm.ch\/fr\/wp-json\/wp\/v2\/types\/news"}],"wp:featuredmedia":[{"embeddable":true,"href":"https:\/\/edm.ch\/fr\/wp-json\/wp\/v2\/media\/12155"}],"wp:attachment":[{"href":"https:\/\/edm.ch\/fr\/wp-json\/wp\/v2\/media?parent=5275"}],"wp:term":[{"taxonomy":"news-category","embeddable":true,"href":"https:\/\/edm.ch\/fr\/wp-json\/wp\/v2\/news-category?post=5275"},{"taxonomy":"news-year","embeddable":true,"href":"https:\/\/edm.ch\/fr\/wp-json\/wp\/v2\/news-year?post=5275"}],"curies":[{"name":"wp","href":"https:\/\/api.w.org\/{rel}","templated":true}]}}