{"id":39539,"date":"2026-08-31T16:35:51","date_gmt":"2026-08-31T15:35:51","guid":{"rendered":"https:\/\/edm.ch\/?post_type=news&#038;p=39539"},"modified":"2026-08-31T16:35:58","modified_gmt":"2026-08-31T15:35:58","slug":"ensemble-defendons-une-cooperation-internationale-forte-solidaire-et-durable","status":"publish","type":"news","link":"https:\/\/edm.ch\/fr\/news\/ensemble-defendons-une-cooperation-internationale-forte-solidaire-et-durable\/","title":{"rendered":"Ensemble, d\u00e9fendons une coop\u00e9ration internationale forte, solidaire et durable !"},"content":{"rendered":"<section class=\"subpageBanner\" style=\"display:\">\n    <div class=\"subpageBannerBlock figure_block\">\n        <img decoding=\"async\" data-src=\"https:\/\/edm.ch\/wp-content\/uploads\/2026\/08\/Nouveau-site_Banner_202513.png\" src=\"data:image\/svg+xml;base64,PHN2ZyB3aWR0aD0iMSIgaGVpZ2h0PSIxIiB4bWxucz0iaHR0cDovL3d3dy53My5vcmcvMjAwMC9zdmciPjwvc3ZnPg==\" class=\"lazyload\" style=\"--smush-placeholder-width: 2500px; --smush-placeholder-aspect-ratio: 2500\/1080;\" data-srcset=\"https:\/\/edm.ch\/wp-content\/uploads\/2026\/08\/Nouveau-site_Banner_202513.png 2500w, https:\/\/edm.ch\/wp-content\/uploads\/2026\/08\/Nouveau-site_Banner_202513-300x130.png 300w, https:\/\/edm.ch\/wp-content\/uploads\/2026\/08\/Nouveau-site_Banner_202513-1024x442.png 1024w, https:\/\/edm.ch\/wp-content\/uploads\/2026\/08\/Nouveau-site_Banner_202513-768x332.png 768w, https:\/\/edm.ch\/wp-content\/uploads\/2026\/08\/Nouveau-site_Banner_202513-1536x664.png 1536w, https:\/\/edm.ch\/wp-content\/uploads\/2026\/08\/Nouveau-site_Banner_202513-2048x885.png 2048w\" data-sizes=\"auto\" data-original-sizes=\"(max-width: 2500px) 100vw, 2500px\" \/>\n        <div class=\"subpageBannerWrap\">\n            <div class=\"container\">\n                <div class=\"content\">\n                    <div>\n                        <span class=\"bannerHead\">ENSEMBLE, D\u00c9FENDONS UNE COOP\u00c9RATION INTERNATIONALE FORTE, SOLIDAIRE ET DURABLE !<\/span>\n                        <h1><\/h1>\n                    <\/div>\n                                    <\/div>\n            <\/div>\n        <\/div>\n            <\/div>\n<\/section>\n<script type=\"text\/javascript\">\n    jQuery(document).ready(function ($) {\n        \/\/ Check if the block exists\n        var bannerSection = $('#subpage-banner-section');\n\n        if (bannerSection.length > 0) {\n            \/\/ Move the block to the end of <main> just before the footer\n            $('main').append(bannerSection); \/\/ This will append it inside the <main> tag\n        }\n\n        $('.documentAccordion').on('click', function (e) {\n            e.preventDefault();  \/\/ Prevent default link action\n\n            \/\/ Target the section with the given ID\n            $('html, body').animate({\n                scrollTop: $('#subpage-banner-section').offset().top - 200\n            }, 1000);\n        });\n    });\n<\/script>\n\n        <section class=\"contentSec\" style=\"display:\">\n        <div class=\"container\">\n            <div class=\"contentBlock\">\n                <h5><\/h5>\n                <p><strong>Guerres<\/strong>, <strong>d\u00e9r\u00e8glement climatique<\/strong>, <strong>d\u00e9placements forc\u00e9s<\/strong> : les crises qui bouleversent le monde ne s\u2019arr\u00eatent pas aux fronti\u00e8res et nous concernent d\u00e9j\u00e0 en Suisse.<\/p>\n<p>Aux c\u00f4t\u00e9s des organisations suisses qui viennent en aide aux populations concern\u00e9es dans le monde, Enfants du Monde rejoint la campagne de communication d\u2019<strong>Alliance Sud<\/strong> pour soutenir la coop\u00e9ration internationale.<\/p>\n                            <\/div>\n        <\/div>\n    <\/section>\n\n\n    \n    <section class=\"rightTextLeftImg \" style=\"display:\">\n        <div class=\"container\">\n            <div class=\"rightTextLeftImgRow\">\n                                    <div class=\"left\">\n                                                    <div class=\"imgBlock\">\n                                <a class=\"figure_block\" href=\"https:\/\/edm.ch\/wp-content\/uploads\/2026\/08\/Nouveau-site_Carre_202544.jpg\" data-fancybox data-caption=\"\">\n                                    <img decoding=\"async\" data-src=\"https:\/\/edm.ch\/wp-content\/uploads\/2026\/08\/Nouveau-site_Carre_202544.jpg\" src=\"data:image\/svg+xml;base64,PHN2ZyB3aWR0aD0iMSIgaGVpZ2h0PSIxIiB4bWxucz0iaHR0cDovL3d3dy53My5vcmcvMjAwMC9zdmciPjwvc3ZnPg==\" class=\"lazyload\" style=\"--smush-placeholder-width: 1920px; --smush-placeholder-aspect-ratio: 1920\/1920;\" \/>\n                                                                    <\/a>\n                                <figcaption><\/figcaption>\n                            <\/div>\n                                            <\/div>\n                                                    <div class=\"right\">\n                        <div class=\"content\">\n                            <h3>                                Agir aujourd\u2019hui pour pr\u00e9venir les crises de demain <small><\/small>\n                            <\/h3>                                                            <p>Enfants du Monde unit sa voix \u00e0 celle de plus de <strong>40 ONG suisses<\/strong> pour rappeler que<strong> la coop\u00e9ration internationale contribue \u00e0 construire un avenir plus stable et plus s\u00fbr<\/strong> pour toutes et tous et n\u2019est pas une d\u00e9pense secondaire.<\/p>\n<p>La coop\u00e9ration internationale ne se limite pas \u00e0 intervenir lorsqu\u2019une crise \u00e9clate. Elle permet d\u2019<strong>agir sur les causes des crises<\/strong> et <strong>sur le long terme<\/strong>, en am\u00e9liorant l\u2019acc\u00e8s \u00e0 l\u2019\u00e9ducation, \u00e0 la sant\u00e9 et \u00e0 des perspectives \u00e9conomiques, et aussi en renfor\u00e7ant les comp\u00e9tences des populations et des organisations locales.<\/p>\n                                                                                                            <\/div>\n                    <\/div>\n                            <\/div>\n        <\/div>\n    <\/section>\n\n\n    \n    <section class=\"leftTextRightImg \" style=\"display:\">\n        <div class=\"container\">\n            <div class=\"leftTextRightImgRow\">\n                                    <div class=\"right\">\n                                                    <div class=\"imgBlock\">\n                                <a class=\"figure_block\" href=\"https:\/\/edm.ch\/wp-content\/uploads\/2026\/08\/Nouveau-site_Carre_202547.jpg\" data-fancybox data-caption=\"\">\n                                    <img decoding=\"async\" data-src=\"https:\/\/edm.ch\/wp-content\/uploads\/2026\/08\/Nouveau-site_Carre_202547.jpg\" src=\"data:image\/svg+xml;base64,PHN2ZyB3aWR0aD0iMSIgaGVpZ2h0PSIxIiB4bWxucz0iaHR0cDovL3d3dy53My5vcmcvMjAwMC9zdmciPjwvc3ZnPg==\" class=\"lazyload\" style=\"--smush-placeholder-width: 1920px; --smush-placeholder-aspect-ratio: 1920\/1920;\" \/>\n                                                                    <\/a>\n                                <figcaption><\/figcaption>\n                            <\/div>\n                                            <\/div>\n                                                    <div class=\"left\">\n                        <div class=\"content\">\n                            <h3>                                Des actions concr\u00e8tes pour un avenir durable <small><\/small>\n                            <\/h3>                                                            <p>Depuis plus de 50 ans, Enfants du Monde contribue notamment \u00e0 am\u00e9liorer la qualit\u00e9 de l\u2019\u00e9ducation, \u00e0 former les enseignant\u00b7es et le personnel de sant\u00e9 et \u00e0 faciliter l\u2019acc\u00e8s des femmes, des enfants et des nouveau-n\u00e9s \u00e0 des soins adapt\u00e9s. Ces actions permettent aux communaut\u00e9s de <strong>mieux faire face aux crises<\/strong>, de <strong>d\u00e9fendre leurs droits<\/strong> et de<strong> participer \u00e0 la construction de leur propre avenir.<\/strong><\/p>\n<p>Investir dans la coop\u00e9ration internationale, c\u2019est investir dans l\u2019\u00e9ducation, la sant\u00e9 et des perspectives durables pour toutes et tous. Cela contribue \u00e0 une <strong>stabilit\u00e9 durable<\/strong>, qui b\u00e9n\u00e9ficie aux populations directement concern\u00e9es comme \u00e0 l\u2019ensemble de la communaut\u00e9 internationale.<\/p>\n                                                                                        <a href=\"https:\/\/www.swiss-ngo.ch\/fr\/\" class=\"btnBlue\">D\u00e9couvrir la campagne<\/a>\n                                                                                <\/div>\n                    <\/div>\n                            <\/div>\n        <\/div>\n    <\/section>\n\n        <section class=\"contentSec\" style=\"display:\">\n        <div class=\"container\">\n            <div class=\"contentBlock\">\n                <h5><\/h5>\n                <p style=\"text-align: center;\"><strong>Parce que les crises ne connaissent pas de fronti\u00e8res, ensemble faisons la diff\u00e9rence pour un monde meilleur<\/strong><strong>\u00a0<\/strong><strong>!<\/strong><\/p>\n                            <\/div>\n        <\/div>\n    <\/section>","protected":false},"excerpt":{"rendered":"","protected":false},"featured_media":39572,"template":"","news-category":[],"news-year":[],"class_list":["post-39539","news","type-news","status-publish","has-post-thumbnail","hentry"],"acf":[],"yoast_head":"<!-- This site is optimized with the Yoast SEO plugin v28.1 - https:\/\/yoast.com\/product\/yoast-seo-wordpress\/ -->\n<title>Ensemble, d\u00e9fendons une coop\u00e9ration internationale forte, solidaire et durable ! - Enfants du monde<\/title>\n<meta name=\"robots\" content=\"index, follow, max-snippet:-1, max-image-preview:large, max-video-preview:-1\" \/>\n<link rel=\"canonical\" href=\"https:\/\/edm.ch\/fr\/news\/ensemble-defendons-une-cooperation-internationale-forte-solidaire-et-durable\/\" \/>\n<meta property=\"og:locale\" content=\"fr_FR\" \/>\n<meta property=\"og:type\" content=\"article\" \/>\n<meta property=\"og:title\" content=\"Ensemble, d\u00e9fendons une coop\u00e9ration internationale forte, solidaire et durable ! - Enfants du monde\" \/>\n<meta property=\"og:url\" content=\"https:\/\/edm.ch\/fr\/news\/ensemble-defendons-une-cooperation-internationale-forte-solidaire-et-durable\/\" \/>\n<meta property=\"og:site_name\" content=\"Enfants du monde\" \/>\n<meta property=\"article:modified_time\" content=\"2026-08-31T15:35:58+00:00\" \/>\n<meta property=\"og:image\" content=\"https:\/\/edm.ch\/wp-content\/uploads\/2026\/08\/Nouveau-site_Carre_202546.jpg\" \/>\n\t<meta property=\"og:image:width\" content=\"1920\" \/>\n\t<meta property=\"og:image:height\" content=\"1920\" \/>\n\t<meta property=\"og:image:type\" content=\"image\/jpeg\" \/>\n<meta name=\"twitter:card\" content=\"summary_large_image\" \/>\n<meta name=\"twitter:label1\" content=\"Est. reading time\" \/>\n\t<meta name=\"twitter:data1\" content=\"1 minute\" \/>\n<script type=\"application\/ld+json\" class=\"yoast-schema-graph\">{\"@context\":\"https:\\\/\\\/schema.org\",\"@graph\":[{\"@type\":\"WebPage\",\"@id\":\"https:\\\/\\\/edm.ch\\\/fr\\\/news\\\/ensemble-defendons-une-cooperation-internationale-forte-solidaire-et-durable\\\/\",\"url\":\"https:\\\/\\\/edm.ch\\\/fr\\\/news\\\/ensemble-defendons-une-cooperation-internationale-forte-solidaire-et-durable\\\/\",\"name\":\"Ensemble, d\u00e9fendons une coop\u00e9ration internationale forte, solidaire et durable ! - Enfants du monde\",\"isPartOf\":{\"@id\":\"https:\\\/\\\/edm.ch\\\/en\\\/#website\"},\"primaryImageOfPage\":{\"@id\":\"https:\\\/\\\/edm.ch\\\/fr\\\/news\\\/ensemble-defendons-une-cooperation-internationale-forte-solidaire-et-durable\\\/#primaryimage\"},\"image\":{\"@id\":\"https:\\\/\\\/edm.ch\\\/fr\\\/news\\\/ensemble-defendons-une-cooperation-internationale-forte-solidaire-et-durable\\\/#primaryimage\"},\"thumbnailUrl\":\"https:\\\/\\\/edm.ch\\\/wp-content\\\/uploads\\\/2026\\\/08\\\/Nouveau-site_Carre_202546.jpg\",\"datePublished\":\"2026-08-31T15:35:51+00:00\",\"dateModified\":\"2026-08-31T15:35:58+00:00\",\"inLanguage\":\"fr-FR\",\"potentialAction\":[{\"@type\":\"ReadAction\",\"target\":[\"https:\\\/\\\/edm.ch\\\/fr\\\/news\\\/ensemble-defendons-une-cooperation-internationale-forte-solidaire-et-durable\\\/\"]}]},{\"@type\":\"ImageObject\",\"inLanguage\":\"fr-FR\",\"@id\":\"https:\\\/\\\/edm.ch\\\/fr\\\/news\\\/ensemble-defendons-une-cooperation-internationale-forte-solidaire-et-durable\\\/#primaryimage\",\"url\":\"https:\\\/\\\/edm.ch\\\/wp-content\\\/uploads\\\/2026\\\/08\\\/Nouveau-site_Carre_202546.jpg\",\"contentUrl\":\"https:\\\/\\\/edm.ch\\\/wp-content\\\/uploads\\\/2026\\\/08\\\/Nouveau-site_Carre_202546.jpg\",\"width\":1920,\"height\":1920},{\"@type\":\"WebSite\",\"@id\":\"https:\\\/\\\/edm.ch\\\/en\\\/#website\",\"url\":\"https:\\\/\\\/edm.ch\\\/en\\\/\",\"name\":\"Enfants du monde\",\"description\":\"Association suisse\",\"potentialAction\":[{\"@type\":\"SearchAction\",\"target\":{\"@type\":\"EntryPoint\",\"urlTemplate\":\"https:\\\/\\\/edm.ch\\\/en\\\/?s={search_term_string}\"},\"query-input\":{\"@type\":\"PropertyValueSpecification\",\"valueRequired\":true,\"valueName\":\"search_term_string\"}}],\"inLanguage\":\"fr-FR\"}]}<\/script>\n<!-- \/ Yoast SEO plugin. -->","yoast_head_json":{"title":"Ensemble, d\u00e9fendons une coop\u00e9ration internationale forte, solidaire et durable ! - Enfants du monde","robots":{"index":"index","follow":"follow","max-snippet":"max-snippet:-1","max-image-preview":"max-image-preview:large","max-video-preview":"max-video-preview:-1"},"canonical":"https:\/\/edm.ch\/fr\/news\/ensemble-defendons-une-cooperation-internationale-forte-solidaire-et-durable\/","og_locale":"fr_FR","og_type":"article","og_title":"Ensemble, d\u00e9fendons une coop\u00e9ration internationale forte, solidaire et durable ! - Enfants du monde","og_url":"https:\/\/edm.ch\/fr\/news\/ensemble-defendons-une-cooperation-internationale-forte-solidaire-et-durable\/","og_site_name":"Enfants du monde","article_modified_time":"2026-08-31T15:35:58+00:00","og_image":[{"width":1920,"height":1920,"url":"https:\/\/edm.ch\/wp-content\/uploads\/2026\/08\/Nouveau-site_Carre_202546.jpg","type":"image\/jpeg"}],"twitter_card":"summary_large_image","twitter_misc":{"Est. reading time":"1 minute"},"schema":{"@context":"https:\/\/schema.org","@graph":[{"@type":"WebPage","@id":"https:\/\/edm.ch\/fr\/news\/ensemble-defendons-une-cooperation-internationale-forte-solidaire-et-durable\/","url":"https:\/\/edm.ch\/fr\/news\/ensemble-defendons-une-cooperation-internationale-forte-solidaire-et-durable\/","name":"Ensemble, d\u00e9fendons une coop\u00e9ration internationale forte, solidaire et durable ! - Enfants du monde","isPartOf":{"@id":"https:\/\/edm.ch\/en\/#website"},"primaryImageOfPage":{"@id":"https:\/\/edm.ch\/fr\/news\/ensemble-defendons-une-cooperation-internationale-forte-solidaire-et-durable\/#primaryimage"},"image":{"@id":"https:\/\/edm.ch\/fr\/news\/ensemble-defendons-une-cooperation-internationale-forte-solidaire-et-durable\/#primaryimage"},"thumbnailUrl":"https:\/\/edm.ch\/wp-content\/uploads\/2026\/08\/Nouveau-site_Carre_202546.jpg","datePublished":"2026-08-31T15:35:51+00:00","dateModified":"2026-08-31T15:35:58+00:00","inLanguage":"fr-FR","potentialAction":[{"@type":"ReadAction","target":["https:\/\/edm.ch\/fr\/news\/ensemble-defendons-une-cooperation-internationale-forte-solidaire-et-durable\/"]}]},{"@type":"ImageObject","inLanguage":"fr-FR","@id":"https:\/\/edm.ch\/fr\/news\/ensemble-defendons-une-cooperation-internationale-forte-solidaire-et-durable\/#primaryimage","url":"https:\/\/edm.ch\/wp-content\/uploads\/2026\/08\/Nouveau-site_Carre_202546.jpg","contentUrl":"https:\/\/edm.ch\/wp-content\/uploads\/2026\/08\/Nouveau-site_Carre_202546.jpg","width":1920,"height":1920},{"@type":"WebSite","@id":"https:\/\/edm.ch\/en\/#website","url":"https:\/\/edm.ch\/en\/","name":"Enfants du monde","description":"Association suisse","potentialAction":[{"@type":"SearchAction","target":{"@type":"EntryPoint","urlTemplate":"https:\/\/edm.ch\/en\/?s={search_term_string}"},"query-input":{"@type":"PropertyValueSpecification","valueRequired":true,"valueName":"search_term_string"}}],"inLanguage":"fr-FR"}]}},"_links":{"self":[{"href":"https:\/\/edm.ch\/fr\/wp-json\/wp\/v2\/news\/39539","targetHints":{"allow":["GET"]}}],"collection":[{"href":"https:\/\/edm.ch\/fr\/wp-json\/wp\/v2\/news"}],"about":[{"href":"https:\/\/edm.ch\/fr\/wp-json\/wp\/v2\/types\/news"}],"wp:featuredmedia":[{"embeddable":true,"href":"https:\/\/edm.ch\/fr\/wp-json\/wp\/v2\/media\/39572"}],"wp:attachment":[{"href":"https:\/\/edm.ch\/fr\/wp-json\/wp\/v2\/media?parent=39539"}],"wp:term":[{"taxonomy":"news-category","embeddable":true,"href":"https:\/\/edm.ch\/fr\/wp-json\/wp\/v2\/news-category?post=39539"},{"taxonomy":"news-year","embeddable":true,"href":"https:\/\/edm.ch\/fr\/wp-json\/wp\/v2\/news-year?post=39539"}],"curies":[{"name":"wp","href":"https:\/\/api.w.org\/{rel}","templated":true}]}}