{"id":37821,"date":"2025-11-12T10:40:16","date_gmt":"2025-11-12T10:40:16","guid":{"rendered":"https:\/\/edm.ch\/?post_type=news&#038;p=37821"},"modified":"2025-11-25T19:00:34","modified_gmt":"2025-11-25T19:00:34","slug":"offrir-un-meilleur-avenir","status":"publish","type":"news","link":"https:\/\/edm.ch\/fr\/news\/offrir-un-meilleur-avenir\/","title":{"rendered":"Vous pouvez offrir un meilleur avenir aux enfants les plus vuln\u00e9rables !"},"content":{"rendered":"<section class=\"subpageBanner\" style=\"display:\">\n    <div class=\"subpageBannerBlock figure_block\">\n        <img decoding=\"async\" data-src=\"https:\/\/edm.ch\/wp-content\/uploads\/2025\/11\/Enfants_du_Monde_Guatemala_sourires.jpg\" src=\"data:image\/svg+xml;base64,PHN2ZyB3aWR0aD0iMSIgaGVpZ2h0PSIxIiB4bWxucz0iaHR0cDovL3d3dy53My5vcmcvMjAwMC9zdmciPjwvc3ZnPg==\" class=\"lazyload\" style=\"--smush-placeholder-width: 1920px; --smush-placeholder-aspect-ratio: 1920\/1920;\" data-srcset=\"https:\/\/edm.ch\/wp-content\/uploads\/2025\/11\/Enfants_du_Monde_Guatemala_sourires.jpg 1920w, https:\/\/edm.ch\/wp-content\/uploads\/2025\/11\/Enfants_du_Monde_Guatemala_sourires-300x300.jpg 300w, https:\/\/edm.ch\/wp-content\/uploads\/2025\/11\/Enfants_du_Monde_Guatemala_sourires-1024x1024.jpg 1024w, https:\/\/edm.ch\/wp-content\/uploads\/2025\/11\/Enfants_du_Monde_Guatemala_sourires-150x150.jpg 150w, https:\/\/edm.ch\/wp-content\/uploads\/2025\/11\/Enfants_du_Monde_Guatemala_sourires-768x768.jpg 768w, https:\/\/edm.ch\/wp-content\/uploads\/2025\/11\/Enfants_du_Monde_Guatemala_sourires-1536x1536.jpg 1536w\" data-sizes=\"auto\" data-original-sizes=\"(max-width: 1920px) 100vw, 1920px\" \/>\n        <div class=\"subpageBannerWrap\">\n            <div class=\"container\">\n                <div class=\"content\">\n                    <div>\n                        <span class=\"bannerHead\">Vous pouvez offrir un meilleur avenir aux enfants les plus vuln\u00e9rables ! <\/span>\n                        <h1><\/h1>\n                    <\/div>\n                                    <\/div>\n            <\/div>\n        <\/div>\n            <\/div>\n<\/section>\n<script type=\"text\/javascript\">\n    jQuery(document).ready(function ($) {\n        \/\/ Check if the block exists\n        var bannerSection = $('#subpage-banner-section');\n\n        if (bannerSection.length > 0) {\n            \/\/ Move the block to the end of <main> just before the footer\n            $('main').append(bannerSection); \/\/ This will append it inside the <main> tag\n        }\n\n        $('.documentAccordion').on('click', function (e) {\n            e.preventDefault();  \/\/ Prevent default link action\n\n            \/\/ Target the section with the given ID\n            $('html, body').animate({\n                scrollTop: $('#subpage-banner-section').offset().top - 200\n            }, 1000);\n        });\n    });\n<\/script>\n\n        <section class=\"contentSec\" style=\"display:\">\n        <div class=\"container\">\n            <div class=\"contentBlock\">\n                <h5><\/h5>\n                <p>Avec votre soutien, des enfants vuln\u00e9rables peuvent recevoir une \u00e9ducation de qualit\u00e9 et des femmes enceintes dans le monde peuvent accoucher en toute s\u00e9curit\u00e9.<\/p>\n<p>&nbsp;<\/p>\n<div id=\"rnw-paylink-button-dzjjz\"><\/div>\n<p><script type=\"module\">\n  import {TwintButton} from \"https:\/\/unpkg.com\/@raisenow\/paylink-button@2\/dist\/TwintButton.js\"\n  TwintButton.render(\"#rnw-paylink-button-dzjjz\", {\n    \"solution-id\": \"dzjjz\",\n    \"solution-type\": \"donate\",\n    \"language\": \"fr\",\n    \"size\": \"small\",\n    \"width\": \"fixed\",\n    \"color-scheme\": \"dark\",\n  })\n<\/script><\/p>\n                            <\/div>\n        <\/div>\n    <\/section>\n\n\n    \n    <section class=\"rightTextLeftImg \" style=\"display:\">\n        <div class=\"container\">\n            <div class=\"rightTextLeftImgRow\">\n                                    <div class=\"left\">\n                                                    <div class=\"imgBlock\">\n                                <a class=\"figure_block\" href=\"https:\/\/edm.ch\/wp-content\/uploads\/2023\/12\/Enfants_du_Monde_temoignage_education_urgence_burkina_faso.png\" data-fancybox data-caption=\"\">\n                                    <img decoding=\"async\" data-src=\"https:\/\/edm.ch\/wp-content\/uploads\/2023\/12\/Enfants_du_Monde_temoignage_education_urgence_burkina_faso.png\" src=\"data:image\/svg+xml;base64,PHN2ZyB3aWR0aD0iMSIgaGVpZ2h0PSIxIiB4bWxucz0iaHR0cDovL3d3dy53My5vcmcvMjAwMC9zdmciPjwvc3ZnPg==\" class=\"lazyload\" style=\"--smush-placeholder-width: 1920px; --smush-placeholder-aspect-ratio: 1920\/1920;\" data-srcset=\"https:\/\/edm.ch\/wp-content\/uploads\/2023\/12\/Enfants_du_Monde_temoignage_education_urgence_burkina_faso.png 1920w, https:\/\/edm.ch\/wp-content\/uploads\/2023\/12\/Enfants_du_Monde_temoignage_education_urgence_burkina_faso-300x300.png 300w, https:\/\/edm.ch\/wp-content\/uploads\/2023\/12\/Enfants_du_Monde_temoignage_education_urgence_burkina_faso-1024x1024.png 1024w, https:\/\/edm.ch\/wp-content\/uploads\/2023\/12\/Enfants_du_Monde_temoignage_education_urgence_burkina_faso-150x150.png 150w, https:\/\/edm.ch\/wp-content\/uploads\/2023\/12\/Enfants_du_Monde_temoignage_education_urgence_burkina_faso-768x768.png 768w, https:\/\/edm.ch\/wp-content\/uploads\/2023\/12\/Enfants_du_Monde_temoignage_education_urgence_burkina_faso-1536x1536.png 1536w\" data-sizes=\"auto\" data-original-sizes=\"(max-width: 1920px) 100vw, 1920px\" \/>\n                                                                            <div class=\"picture-caption\">\n                                            <div class=\"caption-content\"><span>Herv\u00e9 Palm<\/span><\/div>\n                                        <\/div>\n                                                                    <\/a>\n                                <figcaption><\/figcaption>\n                            <\/div>\n                                            <\/div>\n                                                    <div class=\"right\">\n                        <div class=\"content\">\n                            <h2>                                Parce que l\u2019\u00e9ducation permet d\u2019acc\u00e9der \u00e0 un avenir meilleur <small><\/small>\n                            <\/h2>                                                            <p>Dans certaines r\u00e9gions du monde,<strong> 1 \u00e9l\u00e8ve sur 3 termine l\u2019\u00e9cole primaire sans savoir lire une phrase compl\u00e8te<\/strong>.*<\/p>\n<p>Avec votre aide, nous pouvons changer cela :<\/p>\n<ul>\n<li>Offrez aux \u00e9l\u00e8ves une \u00e9ducation dans leur langue maternelle locale introduisant progressivement la langue d\u2019enseignement officielle du pays. (espagnol-maya au Guatemala, fran\u00e7ais-moor\u00e9 au Burkina Faso), <strong>pour qu\u2019ils progressent plus vite.<\/strong><\/li>\n<li>Formez les enseignant\u00b7es \u00e0 notre p\u00e9dagogie permettant de faire participer tous les enfants, <strong>m\u00eame dans des classes surcharg\u00e9es.<\/strong><\/li>\n<li>Proposez des le\u00e7ons adapt\u00e9es aux r\u00e9alit\u00e9s quotidiennes des enfants, <strong>pour qu\u2019ils apprennent mieux et transmettent leurs connaissances \u00e0 leur famille.<\/strong><\/li>\n<\/ul>\n<p>Votre don change la vie de milliers d\u2019enfants et de leur famille !<\/p>\n                                                                                        <a href=\"https:\/\/don.edm.ch\/campagne-2025-fr\" class=\"btnYellow\">Je fais un don<\/a>\n                                                                                <\/div>\n                    <\/div>\n                            <\/div>\n        <\/div>\n    <\/section>\n\n\n    \n    <section class=\"leftTextRightImg \" style=\"display:\">\n        <div class=\"container\">\n            <div class=\"leftTextRightImgRow\">\n                                    <div class=\"right\">\n                                                    <div class=\"imgBlock\">\n                                <a class=\"figure_block\" href=\"https:\/\/edm.ch\/wp-content\/uploads\/2023\/09\/Enfants_du_monde_website_image_RS6526_Bangladesh_femme_1920.jpg\" data-fancybox data-caption=\"\">\n                                    <img decoding=\"async\" data-src=\"https:\/\/edm.ch\/wp-content\/uploads\/2023\/09\/Enfants_du_monde_website_image_RS6526_Bangladesh_femme_1920.jpg\" src=\"data:image\/svg+xml;base64,PHN2ZyB3aWR0aD0iMSIgaGVpZ2h0PSIxIiB4bWxucz0iaHR0cDovL3d3dy53My5vcmcvMjAwMC9zdmciPjwvc3ZnPg==\" class=\"lazyload\" style=\"--smush-placeholder-width: 1920px; --smush-placeholder-aspect-ratio: 1920\/1920;\" data-srcset=\"https:\/\/edm.ch\/wp-content\/uploads\/2023\/09\/Enfants_du_monde_website_image_RS6526_Bangladesh_femme_1920.jpg 1920w, https:\/\/edm.ch\/wp-content\/uploads\/2023\/09\/Enfants_du_monde_website_image_RS6526_Bangladesh_femme_1920-300x300.jpg 300w, https:\/\/edm.ch\/wp-content\/uploads\/2023\/09\/Enfants_du_monde_website_image_RS6526_Bangladesh_femme_1920-1024x1024.jpg 1024w, https:\/\/edm.ch\/wp-content\/uploads\/2023\/09\/Enfants_du_monde_website_image_RS6526_Bangladesh_femme_1920-150x150.jpg 150w, https:\/\/edm.ch\/wp-content\/uploads\/2023\/09\/Enfants_du_monde_website_image_RS6526_Bangladesh_femme_1920-768x768.jpg 768w, https:\/\/edm.ch\/wp-content\/uploads\/2023\/09\/Enfants_du_monde_website_image_RS6526_Bangladesh_femme_1920-1536x1536.jpg 1536w\" data-sizes=\"auto\" data-original-sizes=\"(max-width: 1920px) 100vw, 1920px\" \/>\n                                                                    <\/a>\n                                <figcaption><\/figcaption>\n                            <\/div>\n                                            <\/div>\n                                                    <div class=\"left\">\n                        <div class=\"content\">\n                            <h2>                                Parce qu\u2019aucune femme ne devrait donner la vie en risquant la sienne <small><\/small>\n                            <\/h2>                                                            <p>Chaque jour, plus de 800 femmes** dans le monde meurent de complications li\u00e9es \u00e0 la grossesse ou \u00e0 l\u2019accouchement.<\/p>\n<p>Votre soutien fait la diff\u00e9rence pour les futures mamans et leur b\u00e9b\u00e9, au Bangladesh, Burkina Faso et au N\u00e9pal :<\/p>\n<ul>\n<li>Formez les sage-femmes et les infirmier-\u00e8res<strong> \u00e0 mieux prendre en charge les m\u00e8res et leurs b\u00e9b\u00e9s.<\/strong><\/li>\n<li>Offrez des s\u00e9ances d\u2019\u00e9ducation aux femmes enceintes pour qu\u2019elles sachent <strong>identifier les signes de danger pendant la grossesse et pour la sant\u00e9 de leur nouveau-n\u00e9.<\/strong><\/li>\n<li>Diffusez <strong>des informations vitales de pr\u00e9vention aupr\u00e8s des familles,<\/strong> m\u00eame analphab\u00e8tes, dans des formats accessibles \u00e0 toutes.<\/li>\n<\/ul>\n<p>Des gestes simples peuvent prot\u00e9ger la vie et la sant\u00e9 des m\u00e8res et de leurs b\u00e9b\u00e9s.<\/p>\n                                                                                        <a href=\"https:\/\/don.edm.ch\/campagne-2025-fr\" class=\"btnYellow\">Je fais un don<\/a>\n                                                                                <\/div>\n                    <\/div>\n                            <\/div>\n        <\/div>\n    <\/section>\n\n\n    \n    <section class=\"quoteImage rightTextLeftImg \" style=\"display:\">\n        <div class=\"container\">\n            <div class=\"rightTextLeftImgRow\">\n                                    <div class=\"left\">\n                                                    <div class=\"imgBlock\">\n                                <a class=\"figure_block\" href=\"https:\/\/edm.ch\/wp-content\/uploads\/2023\/12\/Enfants_du_Monde_Reyna_Guatemala.png\" data-fancybox data-caption=\"\">\n                                    <img decoding=\"async\" data-src=\"https:\/\/edm.ch\/wp-content\/uploads\/2023\/12\/Enfants_du_Monde_Reyna_Guatemala.png\" src=\"data:image\/svg+xml;base64,PHN2ZyB3aWR0aD0iMSIgaGVpZ2h0PSIxIiB4bWxucz0iaHR0cDovL3d3dy53My5vcmcvMjAwMC9zdmciPjwvc3ZnPg==\" class=\"lazyload\" style=\"--smush-placeholder-width: 1920px; --smush-placeholder-aspect-ratio: 1920\/1920;\" data-srcset=\"https:\/\/edm.ch\/wp-content\/uploads\/2023\/12\/Enfants_du_Monde_Reyna_Guatemala.png 1920w, https:\/\/edm.ch\/wp-content\/uploads\/2023\/12\/Enfants_du_Monde_Reyna_Guatemala-300x300.png 300w, https:\/\/edm.ch\/wp-content\/uploads\/2023\/12\/Enfants_du_Monde_Reyna_Guatemala-1024x1024.png 1024w, https:\/\/edm.ch\/wp-content\/uploads\/2023\/12\/Enfants_du_Monde_Reyna_Guatemala-150x150.png 150w, https:\/\/edm.ch\/wp-content\/uploads\/2023\/12\/Enfants_du_Monde_Reyna_Guatemala-768x768.png 768w, https:\/\/edm.ch\/wp-content\/uploads\/2023\/12\/Enfants_du_Monde_Reyna_Guatemala-1536x1536.png 1536w\" data-sizes=\"auto\" data-original-sizes=\"(max-width: 1920px) 100vw, 1920px\" \/>\n                                                                    <\/a>\n                                <figcaption><\/figcaption>\n                            <\/div>\n                                            <\/div>\n                                                    <div class=\"right\">\n                        <div class=\"content\">\n                            <h2>                                Reyna, <small>\u00e9coli\u00e8re, Guatemala<\/small>\n                            <\/h2>                            <div class=\"quote\">                                <p>J\u2019apprends \u00e0 lire et \u00e0 \u00e9crire en espagnol ainsi que dans ma langue maternelle, le kaqchikel. Cela m\u2019aide beaucoup de pouvoir utiliser le kaqchikel. J\u2019aime surtout lire des contes et apprendre \u00e0 \u00e9crire. Plus tard, j\u2019aimerais devenir m\u00e9decin pour pouvoir gu\u00e9rir les autres.<\/p>\n                            <\/div>                                                                                <\/div>\n                    <\/div>\n                            <\/div>\n        <\/div>\n    <\/section>\n\n\n    <section class=\"donation_count\" style=\"display:\">\n        <div class=\"inner_row\">\n            <div class=\"right_img_block\">\n                <div class=\"img_block figure_block\">\n                    <img decoding=\"async\" data-src=\"https:\/\/edm.ch\/wp-content\/uploads\/2024\/01\/Enfants_du_Monde_inauguration_apercu_burkina_faso.png\" alt=\"\" src=\"data:image\/svg+xml;base64,PHN2ZyB3aWR0aD0iMSIgaGVpZ2h0PSIxIiB4bWxucz0iaHR0cDovL3d3dy53My5vcmcvMjAwMC9zdmciPjwvc3ZnPg==\" class=\"lazyload\" style=\"--smush-placeholder-width: 1920px; --smush-placeholder-aspect-ratio: 1920\/1920;\" data-srcset=\"https:\/\/edm.ch\/wp-content\/uploads\/2024\/01\/Enfants_du_Monde_inauguration_apercu_burkina_faso.png 1920w, https:\/\/edm.ch\/wp-content\/uploads\/2024\/01\/Enfants_du_Monde_inauguration_apercu_burkina_faso-300x300.png 300w, https:\/\/edm.ch\/wp-content\/uploads\/2024\/01\/Enfants_du_Monde_inauguration_apercu_burkina_faso-1024x1024.png 1024w, https:\/\/edm.ch\/wp-content\/uploads\/2024\/01\/Enfants_du_Monde_inauguration_apercu_burkina_faso-150x150.png 150w, https:\/\/edm.ch\/wp-content\/uploads\/2024\/01\/Enfants_du_Monde_inauguration_apercu_burkina_faso-768x768.png 768w, https:\/\/edm.ch\/wp-content\/uploads\/2024\/01\/Enfants_du_Monde_inauguration_apercu_burkina_faso-1536x1536.png 1536w\" data-sizes=\"auto\" data-original-sizes=\"(max-width: 1920px) 100vw, 1920px\">\n                                    <\/div>\n            <\/div>\n            <div class=\"left_txt_block\">\n                <div class=\"txt_contents\">\n                    <h3>Mon don fait la diff\u00e9rence<\/h3>\n                    <div class=\"block_txts\">\n                                                    <div class=\"item\">\n                                <span class=\"title\">Par exemple : <\/span>\n                                <p><\/p>\n                            <\/div>\n                                                    <div class=\"item\">\n                                <span class=\"title\">Avec 70 francs : <\/span>\n                                <p>J\u2019offre un manuel scolaire bilingue fran\u00e7ais et moor\u00e9 (langue locale) \u00e0 10 enfants au Burkina Faso pour leur permettre de mieux progresser \u00e0 l\u2019\u00e9cole.<\/p>\n                            <\/div>\n                                                    <div class=\"item\">\n                                <span class=\"title\">Avec 140 francs : <\/span>\n                                <p>Je permets \u00e0 700 femmes enceintes du Bangladesh et \u00e0 leur mari de participer \u00e0 une s\u00e9ance d\u2019\u00e9ducation \u00e0 la sant\u00e9 maternelle et de se pr\u00e9parer \u00e0 l\u2019accouchement.<\/p>\n                            <\/div>\n                                                    <div class=\"item\">\n                                <span class=\"title\">Avec 200 francs : <\/span>\n                                <p>Je finance une formation continue en \u00e9ducation bilingue \u00e0 17 enseignant\u00b7es au Guatemala pour am\u00e9liorer la qualit\u00e9 de leurs le\u00e7ons.<\/p>\n                            <\/div>\n                                                                            <a href=\"https:\/\/don.edm.ch\/campagne-2025-fr\" class=\"btnWhite buttonDonation\">\n                                Je fais un don                            <\/a>\n                                            <\/div>\n                <\/div>\n            <\/div>\n        <\/div>\n    <\/section>","protected":false},"excerpt":{"rendered":"<p>Faites la diff\u00e9rence d\u00e8s aujourd\u2019hui et contribuez \u00e0 offrir un avenir meilleur \u00e0 des milliers d\u2019enfants, de femmes et de familles.<\/p>\n","protected":false},"featured_media":38017,"template":"","news-category":[266,271,272,273,49,57,63,258,263,265],"news-year":[541],"class_list":["post-37821","news","type-news","status-publish","has-post-thumbnail","hentry","news-category-nepal","news-category-afrique","news-category-amerique-latine","news-category-asie","news-category-sante","news-category-education","news-category-burkina-faso","news-category-bangladesh","news-category-guatemala","news-category-madagascar","news-year-2025-4"],"acf":[],"yoast_head":"<!-- This site is optimized with the Yoast SEO plugin v26.9 - https:\/\/yoast.com\/product\/yoast-seo-wordpress\/ -->\n<title>Faire un don pour les enfants et les femmes - Enfants du Monde<\/title>\n<meta name=\"description\" content=\"Faites la diff\u00e9rence d\u00e8s aujourd\u2019hui et contribuez \u00e0 offrir un avenir meilleur \u00e0 des milliers d\u2019enfants, de femmes et de familles.\" \/>\n<meta name=\"robots\" content=\"index, follow, max-snippet:-1, max-image-preview:large, max-video-preview:-1\" \/>\n<link rel=\"canonical\" href=\"https:\/\/edm.ch\/fr\/news\/offrir-un-meilleur-avenir\/\" \/>\n<meta property=\"og:locale\" content=\"fr_FR\" \/>\n<meta property=\"og:type\" content=\"article\" \/>\n<meta property=\"og:title\" content=\"Faire un don pour les enfants et les femmes - Enfants du Monde\" \/>\n<meta property=\"og:description\" content=\"Faites la diff\u00e9rence d\u00e8s aujourd\u2019hui et contribuez \u00e0 offrir un avenir meilleur \u00e0 des milliers d\u2019enfants, de femmes et de familles.\" \/>\n<meta property=\"og:url\" content=\"https:\/\/edm.ch\/fr\/news\/offrir-un-meilleur-avenir\/\" \/>\n<meta property=\"og:site_name\" content=\"Enfants du monde\" \/>\n<meta property=\"article:modified_time\" content=\"2025-11-25T19:00:34+00:00\" \/>\n<meta property=\"og:image\" content=\"https:\/\/edm.ch\/wp-content\/uploads\/2025\/11\/Enfants_du_Monde_Guatemala_sourires.jpg\" \/>\n\t<meta property=\"og:image:width\" content=\"1920\" \/>\n\t<meta property=\"og:image:height\" content=\"1920\" \/>\n\t<meta property=\"og:image:type\" content=\"image\/jpeg\" \/>\n<meta name=\"twitter:card\" content=\"summary_large_image\" \/>\n<meta name=\"twitter:label1\" content=\"Est. reading time\" \/>\n\t<meta name=\"twitter:data1\" content=\"1 minute\" \/>\n<script type=\"application\/ld+json\" class=\"yoast-schema-graph\">{\"@context\":\"https:\/\/schema.org\",\"@graph\":[{\"@type\":\"WebPage\",\"@id\":\"https:\/\/edm.ch\/fr\/news\/offrir-un-meilleur-avenir\/\",\"url\":\"https:\/\/edm.ch\/fr\/news\/offrir-un-meilleur-avenir\/\",\"name\":\"Faire un don pour les enfants et les femmes - Enfants du Monde\",\"isPartOf\":{\"@id\":\"https:\/\/edm.ch\/en\/#website\"},\"primaryImageOfPage\":{\"@id\":\"https:\/\/edm.ch\/fr\/news\/offrir-un-meilleur-avenir\/#primaryimage\"},\"image\":{\"@id\":\"https:\/\/edm.ch\/fr\/news\/offrir-un-meilleur-avenir\/#primaryimage\"},\"thumbnailUrl\":\"https:\/\/edm.ch\/wp-content\/uploads\/2025\/11\/Enfants_du_Monde_Guatemala_sourires.jpg\",\"datePublished\":\"2025-11-12T10:40:16+00:00\",\"dateModified\":\"2025-11-25T19:00:34+00:00\",\"description\":\"Faites la diff\u00e9rence d\u00e8s aujourd\u2019hui et contribuez \u00e0 offrir un avenir meilleur \u00e0 des milliers d\u2019enfants, de femmes et de familles.\",\"inLanguage\":\"fr-FR\",\"potentialAction\":[{\"@type\":\"ReadAction\",\"target\":[\"https:\/\/edm.ch\/fr\/news\/offrir-un-meilleur-avenir\/\"]}]},{\"@type\":\"ImageObject\",\"inLanguage\":\"fr-FR\",\"@id\":\"https:\/\/edm.ch\/fr\/news\/offrir-un-meilleur-avenir\/#primaryimage\",\"url\":\"https:\/\/edm.ch\/wp-content\/uploads\/2025\/11\/Enfants_du_Monde_Guatemala_sourires.jpg\",\"contentUrl\":\"https:\/\/edm.ch\/wp-content\/uploads\/2025\/11\/Enfants_du_Monde_Guatemala_sourires.jpg\",\"width\":1920,\"height\":1920},{\"@type\":\"WebSite\",\"@id\":\"https:\/\/edm.ch\/en\/#website\",\"url\":\"https:\/\/edm.ch\/en\/\",\"name\":\"Enfants du monde\",\"description\":\"Association suisse\",\"potentialAction\":[{\"@type\":\"SearchAction\",\"target\":{\"@type\":\"EntryPoint\",\"urlTemplate\":\"https:\/\/edm.ch\/en\/?s={search_term_string}\"},\"query-input\":{\"@type\":\"PropertyValueSpecification\",\"valueRequired\":true,\"valueName\":\"search_term_string\"}}],\"inLanguage\":\"fr-FR\"}]}<\/script>\n<!-- \/ Yoast SEO plugin. -->","yoast_head_json":{"title":"Faire un don pour les enfants et les femmes - Enfants du Monde","description":"Faites la diff\u00e9rence d\u00e8s aujourd\u2019hui et contribuez \u00e0 offrir un avenir meilleur \u00e0 des milliers d\u2019enfants, de femmes et de familles.","robots":{"index":"index","follow":"follow","max-snippet":"max-snippet:-1","max-image-preview":"max-image-preview:large","max-video-preview":"max-video-preview:-1"},"canonical":"https:\/\/edm.ch\/fr\/news\/offrir-un-meilleur-avenir\/","og_locale":"fr_FR","og_type":"article","og_title":"Faire un don pour les enfants et les femmes - Enfants du Monde","og_description":"Faites la diff\u00e9rence d\u00e8s aujourd\u2019hui et contribuez \u00e0 offrir un avenir meilleur \u00e0 des milliers d\u2019enfants, de femmes et de familles.","og_url":"https:\/\/edm.ch\/fr\/news\/offrir-un-meilleur-avenir\/","og_site_name":"Enfants du monde","article_modified_time":"2025-11-25T19:00:34+00:00","og_image":[{"width":1920,"height":1920,"url":"https:\/\/edm.ch\/wp-content\/uploads\/2025\/11\/Enfants_du_Monde_Guatemala_sourires.jpg","type":"image\/jpeg"}],"twitter_card":"summary_large_image","twitter_misc":{"Est. reading time":"1 minute"},"schema":{"@context":"https:\/\/schema.org","@graph":[{"@type":"WebPage","@id":"https:\/\/edm.ch\/fr\/news\/offrir-un-meilleur-avenir\/","url":"https:\/\/edm.ch\/fr\/news\/offrir-un-meilleur-avenir\/","name":"Faire un don pour les enfants et les femmes - Enfants du Monde","isPartOf":{"@id":"https:\/\/edm.ch\/en\/#website"},"primaryImageOfPage":{"@id":"https:\/\/edm.ch\/fr\/news\/offrir-un-meilleur-avenir\/#primaryimage"},"image":{"@id":"https:\/\/edm.ch\/fr\/news\/offrir-un-meilleur-avenir\/#primaryimage"},"thumbnailUrl":"https:\/\/edm.ch\/wp-content\/uploads\/2025\/11\/Enfants_du_Monde_Guatemala_sourires.jpg","datePublished":"2025-11-12T10:40:16+00:00","dateModified":"2025-11-25T19:00:34+00:00","description":"Faites la diff\u00e9rence d\u00e8s aujourd\u2019hui et contribuez \u00e0 offrir un avenir meilleur \u00e0 des milliers d\u2019enfants, de femmes et de familles.","inLanguage":"fr-FR","potentialAction":[{"@type":"ReadAction","target":["https:\/\/edm.ch\/fr\/news\/offrir-un-meilleur-avenir\/"]}]},{"@type":"ImageObject","inLanguage":"fr-FR","@id":"https:\/\/edm.ch\/fr\/news\/offrir-un-meilleur-avenir\/#primaryimage","url":"https:\/\/edm.ch\/wp-content\/uploads\/2025\/11\/Enfants_du_Monde_Guatemala_sourires.jpg","contentUrl":"https:\/\/edm.ch\/wp-content\/uploads\/2025\/11\/Enfants_du_Monde_Guatemala_sourires.jpg","width":1920,"height":1920},{"@type":"WebSite","@id":"https:\/\/edm.ch\/en\/#website","url":"https:\/\/edm.ch\/en\/","name":"Enfants du monde","description":"Association suisse","potentialAction":[{"@type":"SearchAction","target":{"@type":"EntryPoint","urlTemplate":"https:\/\/edm.ch\/en\/?s={search_term_string}"},"query-input":{"@type":"PropertyValueSpecification","valueRequired":true,"valueName":"search_term_string"}}],"inLanguage":"fr-FR"}]}},"_links":{"self":[{"href":"https:\/\/edm.ch\/fr\/wp-json\/wp\/v2\/news\/37821","targetHints":{"allow":["GET"]}}],"collection":[{"href":"https:\/\/edm.ch\/fr\/wp-json\/wp\/v2\/news"}],"about":[{"href":"https:\/\/edm.ch\/fr\/wp-json\/wp\/v2\/types\/news"}],"wp:featuredmedia":[{"embeddable":true,"href":"https:\/\/edm.ch\/fr\/wp-json\/wp\/v2\/media\/38017"}],"wp:attachment":[{"href":"https:\/\/edm.ch\/fr\/wp-json\/wp\/v2\/media?parent=37821"}],"wp:term":[{"taxonomy":"news-category","embeddable":true,"href":"https:\/\/edm.ch\/fr\/wp-json\/wp\/v2\/news-category?post=37821"},{"taxonomy":"news-year","embeddable":true,"href":"https:\/\/edm.ch\/fr\/wp-json\/wp\/v2\/news-year?post=37821"}],"curies":[{"name":"wp","href":"https:\/\/api.w.org\/{rel}","templated":true}]}}