{"id":37014,"date":"2025-09-16T06:58:45","date_gmt":"2025-09-16T06:58:45","guid":{"rendered":"https:\/\/edm.ch\/?post_type=publication&#038;p=37014"},"modified":"2025-09-26T08:40:52","modified_gmt":"2025-09-26T08:40:52","slug":"legalite-de-genre","status":"publish","type":"news","link":"https:\/\/edm.ch\/fr\/news\/legalite-de-genre\/","title":{"rendered":"L\u2019\u00e9galit\u00e9 de genre ne peut plus attendre : agir aujourd\u2019hui pour les filles au Sahel"},"content":{"rendered":"<section class=\"subpageBanner\" style=\"display:\">\n    <div class=\"subpageBannerBlock figure_block\">\n        <img decoding=\"async\" data-src=\"https:\/\/edm.ch\/wp-content\/uploads\/2025\/08\/RS110_Zangre-Agathe8-1-e1754663549346.jpg\" src=\"data:image\/svg+xml;base64,PHN2ZyB3aWR0aD0iMSIgaGVpZ2h0PSIxIiB4bWxucz0iaHR0cDovL3d3dy53My5vcmcvMjAwMC9zdmciPjwvc3ZnPg==\" class=\"lazyload\" style=\"--smush-placeholder-width: 5328px; --smush-placeholder-aspect-ratio: 5328\/2886;\" \/>\n        <div class=\"subpageBannerWrap\">\n            <div class=\"container\">\n                <div class=\"content\">\n                    <div>\n                        <span class=\"bannerHead\"><\/span>\n                        <h1>L\u2019\u00e9galit\u00e9 de genre ne peut plus attendre : agir aujourd\u2019hui pour les filles au Sahel<\/h1>\n                    <\/div>\n                                    <\/div>\n            <\/div>\n        <\/div>\n                    <div class=\"picture-caption\">\n                <div class=\"caption-content\"><span>Zangr\u00e9 Agathe \u00e9l\u00e8ve de 12 ans \u00e0 \u00e9cole de Sougoudougou, fait un exercice.<\/span><\/div>\n            <\/div>\n            <\/div>\n<\/section>\n<script type=\"text\/javascript\">\n    jQuery(document).ready(function ($) {\n        \/\/ Check if the block exists\n        var bannerSection = $('#subpage-banner-section');\n\n        if (bannerSection.length > 0) {\n            \/\/ Move the block to the end of <main> just before the footer\n            $('main').append(bannerSection); \/\/ This will append it inside the <main> tag\n        }\n\n        $('.documentAccordion').on('click', function (e) {\n            e.preventDefault();  \/\/ Prevent default link action\n\n            \/\/ Target the section with the given ID\n            $('html, body').animate({\n                scrollTop: $('#subpage-banner-section').offset().top - 200\n            }, 1000);\n        });\n    });\n<\/script>\n\n        <section class=\"contentSec\" style=\"display:\">\n        <div class=\"container\">\n            <div class=\"contentBlock\">\n                <h5><\/h5>\n                <p><span id=\"p3R_mc13\" class=\"markedContent\"><span dir=\"ltr\" role=\"presentation\"><span tabindex=\"0\" data-fui-focus-visible=\"\">Avec la parution du<\/span><\/span><\/span><a href=\"https:\/\/equalmeasures2030.org\/2024-sdg-gender-index\/\"><span id=\"p3R_mc14\" class=\"markedContent\"> <span dir=\"ltr\" role=\"presentation\"><span tabindex=\"0\">2024 SDG Gender Index<\/span><\/span><\/span><\/a><span id=\"p3R_mc15\" class=\"markedContent\"> <span dir=\"ltr\" role=\"presentation\"><span tabindex=\"0\">qui<\/span><\/span> <span dir=\"ltr\" role=\"presentation\"><span tabindex=\"0\">mesure<\/span><\/span> <span dir=\"ltr\" role=\"presentation\"><span tabindex=\"0\">l\u2019\u00e9tat des lieux de<\/span><\/span> <span dir=\"ltr\" role=\"presentation\"><span tabindex=\"0\">l\u2019\u00e9galit\u00e9<\/span><\/span> <span dir=\"ltr\" role=\"presentation\"><span tabindex=\"0\">entre les<\/span><\/span> <span dir=\"ltr\" role=\"presentation\"><span tabindex=\"0\">genre<\/span><\/span><span dir=\"ltr\" role=\"presentation\"><span tabindex=\"0\">s <\/span><\/span><\/span><span id=\"p3R_mc16\" class=\"markedContent\"><span dir=\"ltr\" role=\"presentation\"><span tabindex=\"0\">au niveau mondial, le constat est dramatique<\/span><\/span> <span dir=\"ltr\" role=\"presentation\"><span tabindex=\"0\">:<\/span><\/span> <strong><span dir=\"ltr\" role=\"presentation\">seuls quelques pays atteignent une note <\/span><span dir=\"ltr\" role=\"presentation\">\u00ab<\/span> <span dir=\"ltr\" role=\"presentation\">satisfaisante<\/span> <span dir=\"ltr\" role=\"presentation\">\u00bb en ce qui concerne l\u2019\u00e9galit\u00e9.<\/span><\/strong><\/span><\/p>\n                            <\/div>\n        <\/div>\n    <\/section>\n\n\n    \n    <section class=\"rightTextLeftImg \" style=\"display:\">\n        <div class=\"container\">\n            <div class=\"rightTextLeftImgRow\">\n                                    <div class=\"left\">\n                                                    <div class=\"imgBlock\">\n                                <a class=\"figure_block\" href=\"https:\/\/edm.ch\/wp-content\/uploads\/2025\/08\/RS447_Rasmata_portrait_classe_2.jpg\" data-fancybox data-caption=\"\">\n                                    <img decoding=\"async\" data-src=\"https:\/\/edm.ch\/wp-content\/uploads\/2025\/08\/RS447_Rasmata_portrait_classe_2.jpg\" src=\"data:image\/svg+xml;base64,PHN2ZyB3aWR0aD0iMSIgaGVpZ2h0PSIxIiB4bWxucz0iaHR0cDovL3d3dy53My5vcmcvMjAwMC9zdmciPjwvc3ZnPg==\" class=\"lazyload\" style=\"--smush-placeholder-width: 4608px; --smush-placeholder-aspect-ratio: 4608\/3072;\" data-srcset=\"https:\/\/edm.ch\/wp-content\/uploads\/2025\/08\/RS447_Rasmata_portrait_classe_2.jpg 4608w, https:\/\/edm.ch\/wp-content\/uploads\/2025\/08\/RS447_Rasmata_portrait_classe_2-300x200.jpg 300w, https:\/\/edm.ch\/wp-content\/uploads\/2025\/08\/RS447_Rasmata_portrait_classe_2-1024x683.jpg 1024w, https:\/\/edm.ch\/wp-content\/uploads\/2025\/08\/RS447_Rasmata_portrait_classe_2-768x512.jpg 768w, https:\/\/edm.ch\/wp-content\/uploads\/2025\/08\/RS447_Rasmata_portrait_classe_2-1536x1024.jpg 1536w, https:\/\/edm.ch\/wp-content\/uploads\/2025\/08\/RS447_Rasmata_portrait_classe_2-2048x1365.jpg 2048w\" data-sizes=\"auto\" data-original-sizes=\"(max-width: 4608px) 100vw, 4608px\" \/>\n                                                                    <\/a>\n                                <figcaption><\/figcaption>\n                            <\/div>\n                                            <\/div>\n                                                    <div class=\"right\">\n                        <div class=\"content\">\n                            <h2>                                Genre : un bilan mondial alarmant, des r\u00e9ponses concr\u00e8tes sur le terrain <small><\/small>\n                            <\/h2>                                                            <p>Dans le cadre de nos projets d\u2019\u00e9ducation au Sahel et dans le monde, nous portons une attention toute particuli\u00e8re aux probl\u00e9matiques sp\u00e9cifiques des filles. Aujourd\u2019hui, <strong>mettons en lumi\u00e8re ces actions qui font la diff\u00e9rence pour elles malgr\u00e9 tous les efforts qu\u2019il reste \u00e0 faire.<\/strong><\/p>\n                                                                                                            <\/div>\n                    <\/div>\n                            <\/div>\n        <\/div>\n    <\/section>\n\n\n    \n    <section class=\"leftTextRightImg \" style=\"display:\">\n        <div class=\"container\">\n            <div class=\"leftTextRightImgRow\">\n                                    <div class=\"right\">\n                                                    <div class=\"imgBlock\">\n                                <a class=\"figure_block\" href=\"https:\/\/edm.ch\/wp-content\/uploads\/2025\/08\/RS336_IMG_5965.jpeg\" data-fancybox data-caption=\"\">\n                                    <img decoding=\"async\" data-src=\"https:\/\/edm.ch\/wp-content\/uploads\/2025\/08\/RS336_IMG_5965.jpeg\" src=\"data:image\/svg+xml;base64,PHN2ZyB3aWR0aD0iMSIgaGVpZ2h0PSIxIiB4bWxucz0iaHR0cDovL3d3dy53My5vcmcvMjAwMC9zdmciPjwvc3ZnPg==\" class=\"lazyload\" style=\"--smush-placeholder-width: 4032px; --smush-placeholder-aspect-ratio: 4032\/3024;\" data-srcset=\"https:\/\/edm.ch\/wp-content\/uploads\/2025\/08\/RS336_IMG_5965.jpeg 4032w, https:\/\/edm.ch\/wp-content\/uploads\/2025\/08\/RS336_IMG_5965-300x225.jpeg 300w, https:\/\/edm.ch\/wp-content\/uploads\/2025\/08\/RS336_IMG_5965-1024x768.jpeg 1024w, https:\/\/edm.ch\/wp-content\/uploads\/2025\/08\/RS336_IMG_5965-768x576.jpeg 768w, https:\/\/edm.ch\/wp-content\/uploads\/2025\/08\/RS336_IMG_5965-1536x1152.jpeg 1536w, https:\/\/edm.ch\/wp-content\/uploads\/2025\/08\/RS336_IMG_5965-2048x1536.jpeg 2048w\" data-sizes=\"auto\" data-original-sizes=\"(max-width: 4032px) 100vw, 4032px\" \/>\n                                                                    <\/a>\n                                <figcaption><\/figcaption>\n                            <\/div>\n                                            <\/div>\n                                                    <div class=\"left\">\n                        <div class=\"content\">\n                            <h2>                                Le poids des conflits, de l\u2019exclusion et des services d\u00e9faillants <small><\/small>\n                            <\/h2>                                                            <p>Plusieurs facteurs expliquent les mauvais r\u00e9sultats d\u00e9peints pour le Burkina Faso et le Tchad dans le Gender Index\u00a0: <strong>conflits, infrastructures de base et services publics limit\u00e9s, taux \u00e9lev\u00e9 d\u2019abandon scolaire\u2026<\/strong><\/p>\n<p>Tous ces \u00e9l\u00e9ments compliquent le meilleur d\u00e9veloppement \u00e9conomique et social des filles et des femmes. <strong>Face \u00e0 ce constat, nos actions s\u2019inscrivent comme des r\u00e9ponses concr\u00e8tes aux in\u00e9galit\u00e9s dans ces pays.<\/strong> Les femmes n\u2019y ont pas les m\u00eames opportunit\u00e9s que les hommes, et c\u2019est la raison pour laquelle nos projets portent une attention toute particuli\u00e8re \u00e0 elles dans le contexte \u00e9ducatif\u00a0: afin que l\u2019\u00e9cole soit pour elles un levier vers un meilleur avenir.<\/p>\n                                                                                                            <\/div>\n                    <\/div>\n                            <\/div>\n        <\/div>\n    <\/section>\n\n\n    \n    <section class=\"rightTextLeftImg \" style=\"display:\">\n        <div class=\"container\">\n            <div class=\"rightTextLeftImgRow\">\n                                    <div class=\"left\">\n                                                    <div class=\"imgBlock\">\n                                <a class=\"figure_block\" href=\"https:\/\/edm.ch\/wp-content\/uploads\/2025\/08\/RS119_Zangre-Agathe17-1.jpg\" data-fancybox data-caption=\"\">\n                                    <img decoding=\"async\" data-src=\"https:\/\/edm.ch\/wp-content\/uploads\/2025\/08\/RS119_Zangre-Agathe17-1.jpg\" src=\"data:image\/svg+xml;base64,PHN2ZyB3aWR0aD0iMSIgaGVpZ2h0PSIxIiB4bWxucz0iaHR0cDovL3d3dy53My5vcmcvMjAwMC9zdmciPjwvc3ZnPg==\" class=\"lazyload\" style=\"--smush-placeholder-width: 3728px; --smush-placeholder-aspect-ratio: 3728\/4970;\" data-srcset=\"https:\/\/edm.ch\/wp-content\/uploads\/2025\/08\/RS119_Zangre-Agathe17-1.jpg 3728w, https:\/\/edm.ch\/wp-content\/uploads\/2025\/08\/RS119_Zangre-Agathe17-1-225x300.jpg 225w, https:\/\/edm.ch\/wp-content\/uploads\/2025\/08\/RS119_Zangre-Agathe17-1-768x1024.jpg 768w, https:\/\/edm.ch\/wp-content\/uploads\/2025\/08\/RS119_Zangre-Agathe17-1-1152x1536.jpg 1152w, https:\/\/edm.ch\/wp-content\/uploads\/2025\/08\/RS119_Zangre-Agathe17-1-1536x2048.jpg 1536w\" data-sizes=\"auto\" data-original-sizes=\"(max-width: 3728px) 100vw, 3728px\" \/>\n                                                                            <div class=\"picture-caption\">\n                                            <div class=\"caption-content\"><span>Zangr\u00e9 Agathe \u00e9l\u00e8ve de 12 ans \u00e0 \u00e9cole de Sougoudougou, avec sa ma\u00eetresse.<\/span><\/div>\n                                        <\/div>\n                                                                    <\/a>\n                                <figcaption><\/figcaption>\n                            <\/div>\n                                            <\/div>\n                                                    <div class=\"right\">\n                        <div class=\"content\">\n                            <h2>                                Burkina Faso : \u00e9duquer les filles malgr\u00e9 l\u2019ins\u00e9curit\u00e9 et les tabous  <small><\/small>\n                            <\/h2>                                                            <p>Au Burkina Faso, les conflits ont provoqu\u00e9 le d\u00e9placement forc\u00e9 de milliers de personnes, notamment des enfants, dont des filles. L\u2019ins\u00e9curit\u00e9 est devenue le quotidien dans de nombreuses r\u00e9gions. <strong>Pour assurer une \u00e9ducation \u00e0 ces enfants, nous menons dans certaines r\u00e9gions affect\u00e9es des projets d\u2019\u00e9ducation en situation d\u2019urgence dans lesquels la fr\u00e9quentation des filles est plus \u00e9lev\u00e9e que dans le syst\u00e8me usuel.<\/strong> La p\u00e9dagogie que nous pr\u00f4nons aupr\u00e8s des enseignant\u00b7es est sensible au genre.<\/p>\n                                                                                                            <\/div>\n                    <\/div>\n                            <\/div>\n        <\/div>\n    <\/section>\n\n\n    \n    <section class=\"leftTextRightImg \" style=\"display:\">\n        <div class=\"container\">\n            <div class=\"leftTextRightImgRow\">\n                                    <div class=\"right\">\n                                                    <div class=\"imgBlock\">\n                                <a class=\"figure_block\" href=\"https:\/\/edm.ch\/wp-content\/uploads\/2025\/08\/RS4008_DSC_0834-1.jpg\" data-fancybox data-caption=\"\">\n                                    <img decoding=\"async\" data-src=\"https:\/\/edm.ch\/wp-content\/uploads\/2025\/08\/RS4008_DSC_0834-1.jpg\" src=\"data:image\/svg+xml;base64,PHN2ZyB3aWR0aD0iMSIgaGVpZ2h0PSIxIiB4bWxucz0iaHR0cDovL3d3dy53My5vcmcvMjAwMC9zdmciPjwvc3ZnPg==\" class=\"lazyload\" style=\"--smush-placeholder-width: 4608px; --smush-placeholder-aspect-ratio: 4608\/3072;\" data-srcset=\"https:\/\/edm.ch\/wp-content\/uploads\/2025\/08\/RS4008_DSC_0834-1.jpg 4608w, https:\/\/edm.ch\/wp-content\/uploads\/2025\/08\/RS4008_DSC_0834-1-300x200.jpg 300w, https:\/\/edm.ch\/wp-content\/uploads\/2025\/08\/RS4008_DSC_0834-1-1024x683.jpg 1024w, https:\/\/edm.ch\/wp-content\/uploads\/2025\/08\/RS4008_DSC_0834-1-768x512.jpg 768w, https:\/\/edm.ch\/wp-content\/uploads\/2025\/08\/RS4008_DSC_0834-1-1536x1024.jpg 1536w, https:\/\/edm.ch\/wp-content\/uploads\/2025\/08\/RS4008_DSC_0834-1-2048x1365.jpg 2048w\" data-sizes=\"auto\" data-original-sizes=\"(max-width: 4608px) 100vw, 4608px\" \/>\n                                                                    <\/a>\n                                <figcaption><\/figcaption>\n                            <\/div>\n                                            <\/div>\n                                                    <div class=\"left\">\n                        <div class=\"content\">\n                            <h2>                                Cr\u00e9er des espaces de r\u00e9flexion sur le r\u00f4le des femmes dans la soci\u00e9t\u00e9  <small><\/small>\n                            <\/h2>                                                            <p>Sur les 139 pays recens\u00e9s dans le Gender Index, le <strong>Tchad se tient \u00e0 l\u2019avant-derni\u00e8re place.<\/strong> Dans ce pays, nos projets d\u2019\u00e9ducation visent \u00e0 am\u00e9liorer l\u2019acc\u00e8s \u00e0 l\u2019\u00e9ducation des filles.<\/p>\n<p>Sans stigmatiser, notre approche p\u00e9dagogique permet d\u2019ouvrir le dialogue sur des pratiques sensibles comme l\u2019excision. <strong>Nous avons d\u00e9velopp\u00e9 une s\u00e9quence didactique \u00e0 destination des enseignant\u00b7es sur cette th\u00e9matique.<\/strong> Tout en respectant les tabous, cette derni\u00e8re souligne le caract\u00e8re probl\u00e9matique de cette pratique et permet d\u2019aborder d\u2019autres sujets en lien avec le genre, notamment la place de la femme dans la soci\u00e9t\u00e9 et les r\u00f4les genr\u00e9s.<\/p>\n                                                                                                            <\/div>\n                    <\/div>\n                            <\/div>\n        <\/div>\n    <\/section>\n\n\n    \n    <section class=\"rightTextLeftImg \" style=\"display:\">\n        <div class=\"container\">\n            <div class=\"rightTextLeftImgRow\">\n                                    <div class=\"left\">\n                                                    <div class=\"imgBlock\">\n                                <a class=\"figure_block\" href=\"https:\/\/edm.ch\/wp-content\/uploads\/2025\/08\/RS6864__DSC9878_BEST-2.jpg\" data-fancybox data-caption=\"\">\n                                    <img decoding=\"async\" data-src=\"https:\/\/edm.ch\/wp-content\/uploads\/2025\/08\/RS6864__DSC9878_BEST-2.jpg\" src=\"data:image\/svg+xml;base64,PHN2ZyB3aWR0aD0iMSIgaGVpZ2h0PSIxIiB4bWxucz0iaHR0cDovL3d3dy53My5vcmcvMjAwMC9zdmciPjwvc3ZnPg==\" class=\"lazyload\" style=\"--smush-placeholder-width: 1417px; --smush-placeholder-aspect-ratio: 1417\/946;\" data-srcset=\"https:\/\/edm.ch\/wp-content\/uploads\/2025\/08\/RS6864__DSC9878_BEST-2.jpg 1417w, https:\/\/edm.ch\/wp-content\/uploads\/2025\/08\/RS6864__DSC9878_BEST-2-300x200.jpg 300w, https:\/\/edm.ch\/wp-content\/uploads\/2025\/08\/RS6864__DSC9878_BEST-2-1024x684.jpg 1024w, https:\/\/edm.ch\/wp-content\/uploads\/2025\/08\/RS6864__DSC9878_BEST-2-768x513.jpg 768w\" data-sizes=\"auto\" data-original-sizes=\"(max-width: 1417px) 100vw, 1417px\" \/>\n                                                                    <\/a>\n                                <figcaption><\/figcaption>\n                            <\/div>\n                                            <\/div>\n                                                    <div class=\"right\">\n                        <div class=\"content\">\n                            <h2>                                L\u2019\u00e9galit\u00e9 ne peut plus attendre : agissons d\u00e8s aujourd\u2019hui  <small><\/small>\n                            <\/h2>                                                            <p>La th\u00e9matique du genre doit \u00eatre consid\u00e9r\u00e9e et appliqu\u00e9e de mani\u00e8re transversale \u00e0 toutes les \u00e9tapes de nos projets. Il reste encore de nombreux efforts \u00e0 faire pour atteindre l\u2019\u00e9galit\u00e9.<\/p>\n<p>L\u2019\u00e9ducation est un premier pas, mais <strong>nous appelons \u00e0 tous les acteur\u00b7trices de la coop\u00e9ration internationale \u2013 bailleurs, gouvernements et soci\u00e9t\u00e9 civile \u2013 \u00e0 se mobiliser<\/strong> pour poursuivre leurs efforts envers l\u2019\u00e9galit\u00e9 entre les genres.<\/p>\n                                                                                                            <\/div>\n                    <\/div>\n                            <\/div>\n        <\/div>\n    <\/section>\n\n\n    <section class=\"donation_count\" style=\"display:\">\n        <div class=\"inner_row\">\n            <div class=\"right_img_block\">\n                <div class=\"img_block figure_block\">\n                    <img decoding=\"async\" data-src=\"https:\/\/edm.ch\/wp-content\/uploads\/2025\/08\/RS106_Zangre-Agathe4.jpg\" alt=\"\" src=\"data:image\/svg+xml;base64,PHN2ZyB3aWR0aD0iMSIgaGVpZ2h0PSIxIiB4bWxucz0iaHR0cDovL3d3dy53My5vcmcvMjAwMC9zdmciPjwvc3ZnPg==\" class=\"lazyload\" style=\"--smush-placeholder-width: 3247px; --smush-placeholder-aspect-ratio: 3247\/4329;\" data-srcset=\"https:\/\/edm.ch\/wp-content\/uploads\/2025\/08\/RS106_Zangre-Agathe4.jpg 3247w, https:\/\/edm.ch\/wp-content\/uploads\/2025\/08\/RS106_Zangre-Agathe4-225x300.jpg 225w, https:\/\/edm.ch\/wp-content\/uploads\/2025\/08\/RS106_Zangre-Agathe4-768x1024.jpg 768w, https:\/\/edm.ch\/wp-content\/uploads\/2025\/08\/RS106_Zangre-Agathe4-1152x1536.jpg 1152w, https:\/\/edm.ch\/wp-content\/uploads\/2025\/08\/RS106_Zangre-Agathe4-1536x2048.jpg 1536w\" data-sizes=\"auto\" data-original-sizes=\"(max-width: 3247px) 100vw, 3247px\">\n                                            <div class=\"picture-caption\">\n                            <div class=\"caption-content\"><span>Zangr\u00e9 Agathe \u00e9l\u00e8ve de 12 ans \u00e0 \u00e9cole de Sougoudougou, fait un exercice dans la cours de l&rsquo;\u00e9cole.<\/span><\/div>\n                        <\/div>\n                                    <\/div>\n            <\/div>\n            <div class=\"left_txt_block\">\n                <div class=\"txt_contents\">\n                    <h3>Mon don fait la diff\u00e9rence<\/h3>\n                    <div class=\"block_txts\">\n                                                    <div class=\"item\">\n                                <span class=\"title\">Par Example :<\/span>\n                                <p><\/p>\n                            <\/div>\n                                                    <div class=\"item\">\n                                <span class=\"title\">Avec 70 francs :<\/span>\n                                <p>J\u2019offre \u00e0 10 enfants du Burkina Faso un manuel scolaire bilingue en fran\u00e7ais et moor\u00e9 qui leur permet de progresser.<\/p>\n                            <\/div>\n                                                    <div class=\"item\">\n                                <span class=\"title\">Avec 100 francs :<\/span>\n                                <p>J\u2019offre un kit d\u2019hygi\u00e8ne \u00e0 8 filles du camp d\u2019Aboutengu\u00e9 au Tchad, compos\u00e9 de serviettes lavables, de slips et de savons.<\/p>\n                            <\/div>\n                                                    <div class=\"item\">\n                                <span class=\"title\">Avec 150 francs :<\/span>\n                                <p>J\u2019offre une formation continue en \u00e9ducation bilingue \u00e0 5 enseignant.es au Burkina Faso pour am\u00e9liorer la qualit\u00e9 de leurs le\u00e7ons.<\/p>\n                            <\/div>\n                                                                            <a href=\"https:\/\/don.edm.ch\/fr\" class=\"btnWhite buttonDonation\">\n                                JE FAIS UN DON                            <\/a>\n                                            <\/div>\n                <\/div>\n            <\/div>\n        <\/div>\n    <\/section>","protected":false},"excerpt":{"rendered":"<p>Avec la parution du 2024 SDG Gender Index qui mesure l\u2019\u00e9tat des lieux de l\u2019\u00e9galit\u00e9 entre les genres au niveau mondial, le constat est dramatique : seuls quelques pays atteignent une note \u00ab satisfaisante \u00bb en ce qui concerne l\u2019\u00e9galit\u00e9.<\/p>\n","protected":false},"featured_media":37031,"template":"","news-category":[271],"news-year":[541],"class_list":["post-37014","news","type-news","status-publish","has-post-thumbnail","hentry","news-category-afrique","news-year-2025-4"],"acf":[],"yoast_head":"<!-- This site is optimized with the Yoast SEO plugin v26.9 - https:\/\/yoast.com\/product\/yoast-seo-wordpress\/ -->\n<title>L\u2019\u00e9galit\u00e9 de genre ne peut plus attendre : agir aujourd\u2019hui pour les filles au Sahel - Enfants du monde<\/title>\n<meta name=\"robots\" content=\"index, follow, max-snippet:-1, max-image-preview:large, max-video-preview:-1\" \/>\n<link rel=\"canonical\" href=\"https:\/\/edm.ch\/fr\/news\/legalite-de-genre\/\" \/>\n<meta property=\"og:locale\" content=\"fr_FR\" \/>\n<meta property=\"og:type\" content=\"article\" \/>\n<meta property=\"og:title\" content=\"L\u2019\u00e9galit\u00e9 de genre ne peut plus attendre : agir aujourd\u2019hui pour les filles au Sahel - Enfants du monde\" \/>\n<meta property=\"og:description\" content=\"Avec la parution du 2024 SDG Gender Index qui mesure l\u2019\u00e9tat des lieux de l\u2019\u00e9galit\u00e9 entre les genres au niveau mondial, le constat est dramatique : seuls quelques pays atteignent une note \u00ab satisfaisante \u00bb en ce qui concerne l\u2019\u00e9galit\u00e9.\" \/>\n<meta property=\"og:url\" content=\"https:\/\/edm.ch\/fr\/news\/legalite-de-genre\/\" \/>\n<meta property=\"og:site_name\" content=\"Enfants du monde\" \/>\n<meta property=\"article:modified_time\" content=\"2025-09-26T08:40:52+00:00\" \/>\n<meta property=\"og:image\" content=\"https:\/\/edm.ch\/wp-content\/uploads\/2025\/08\/Post_26.06_Event_1.png\" \/>\n\t<meta property=\"og:image:width\" content=\"1080\" \/>\n\t<meta property=\"og:image:height\" content=\"1080\" \/>\n\t<meta property=\"og:image:type\" content=\"image\/png\" \/>\n<meta name=\"twitter:card\" content=\"summary_large_image\" \/>\n<meta name=\"twitter:label1\" content=\"Est. reading time\" \/>\n\t<meta name=\"twitter:data1\" content=\"1 minute\" \/>\n<script type=\"application\/ld+json\" class=\"yoast-schema-graph\">{\"@context\":\"https:\/\/schema.org\",\"@graph\":[{\"@type\":\"WebPage\",\"@id\":\"https:\/\/edm.ch\/fr\/news\/legalite-de-genre\/\",\"url\":\"https:\/\/edm.ch\/fr\/news\/legalite-de-genre\/\",\"name\":\"L\u2019\u00e9galit\u00e9 de genre ne peut plus attendre : agir aujourd\u2019hui pour les filles au Sahel - Enfants du monde\",\"isPartOf\":{\"@id\":\"https:\/\/edm.ch\/en\/#website\"},\"primaryImageOfPage\":{\"@id\":\"https:\/\/edm.ch\/fr\/news\/legalite-de-genre\/#primaryimage\"},\"image\":{\"@id\":\"https:\/\/edm.ch\/fr\/news\/legalite-de-genre\/#primaryimage\"},\"thumbnailUrl\":\"https:\/\/edm.ch\/wp-content\/uploads\/2025\/08\/Post_26.06_Event_1.png\",\"datePublished\":\"2025-09-16T06:58:45+00:00\",\"dateModified\":\"2025-09-26T08:40:52+00:00\",\"inLanguage\":\"fr-FR\",\"potentialAction\":[{\"@type\":\"ReadAction\",\"target\":[\"https:\/\/edm.ch\/fr\/news\/legalite-de-genre\/\"]}]},{\"@type\":\"ImageObject\",\"inLanguage\":\"fr-FR\",\"@id\":\"https:\/\/edm.ch\/fr\/news\/legalite-de-genre\/#primaryimage\",\"url\":\"https:\/\/edm.ch\/wp-content\/uploads\/2025\/08\/Post_26.06_Event_1.png\",\"contentUrl\":\"https:\/\/edm.ch\/wp-content\/uploads\/2025\/08\/Post_26.06_Event_1.png\",\"width\":1080,\"height\":1080},{\"@type\":\"WebSite\",\"@id\":\"https:\/\/edm.ch\/en\/#website\",\"url\":\"https:\/\/edm.ch\/en\/\",\"name\":\"Enfants du monde\",\"description\":\"Association suisse\",\"potentialAction\":[{\"@type\":\"SearchAction\",\"target\":{\"@type\":\"EntryPoint\",\"urlTemplate\":\"https:\/\/edm.ch\/en\/?s={search_term_string}\"},\"query-input\":{\"@type\":\"PropertyValueSpecification\",\"valueRequired\":true,\"valueName\":\"search_term_string\"}}],\"inLanguage\":\"fr-FR\"}]}<\/script>\n<!-- \/ Yoast SEO plugin. -->","yoast_head_json":{"title":"L\u2019\u00e9galit\u00e9 de genre ne peut plus attendre : agir aujourd\u2019hui pour les filles au Sahel - Enfants du monde","robots":{"index":"index","follow":"follow","max-snippet":"max-snippet:-1","max-image-preview":"max-image-preview:large","max-video-preview":"max-video-preview:-1"},"canonical":"https:\/\/edm.ch\/fr\/news\/legalite-de-genre\/","og_locale":"fr_FR","og_type":"article","og_title":"L\u2019\u00e9galit\u00e9 de genre ne peut plus attendre : agir aujourd\u2019hui pour les filles au Sahel - Enfants du monde","og_description":"Avec la parution du 2024 SDG Gender Index qui mesure l\u2019\u00e9tat des lieux de l\u2019\u00e9galit\u00e9 entre les genres au niveau mondial, le constat est dramatique : seuls quelques pays atteignent une note \u00ab satisfaisante \u00bb en ce qui concerne l\u2019\u00e9galit\u00e9.","og_url":"https:\/\/edm.ch\/fr\/news\/legalite-de-genre\/","og_site_name":"Enfants du monde","article_modified_time":"2025-09-26T08:40:52+00:00","og_image":[{"width":1080,"height":1080,"url":"https:\/\/edm.ch\/wp-content\/uploads\/2025\/08\/Post_26.06_Event_1.png","type":"image\/png"}],"twitter_card":"summary_large_image","twitter_misc":{"Est. reading time":"1 minute"},"schema":{"@context":"https:\/\/schema.org","@graph":[{"@type":"WebPage","@id":"https:\/\/edm.ch\/fr\/news\/legalite-de-genre\/","url":"https:\/\/edm.ch\/fr\/news\/legalite-de-genre\/","name":"L\u2019\u00e9galit\u00e9 de genre ne peut plus attendre : agir aujourd\u2019hui pour les filles au Sahel - Enfants du monde","isPartOf":{"@id":"https:\/\/edm.ch\/en\/#website"},"primaryImageOfPage":{"@id":"https:\/\/edm.ch\/fr\/news\/legalite-de-genre\/#primaryimage"},"image":{"@id":"https:\/\/edm.ch\/fr\/news\/legalite-de-genre\/#primaryimage"},"thumbnailUrl":"https:\/\/edm.ch\/wp-content\/uploads\/2025\/08\/Post_26.06_Event_1.png","datePublished":"2025-09-16T06:58:45+00:00","dateModified":"2025-09-26T08:40:52+00:00","inLanguage":"fr-FR","potentialAction":[{"@type":"ReadAction","target":["https:\/\/edm.ch\/fr\/news\/legalite-de-genre\/"]}]},{"@type":"ImageObject","inLanguage":"fr-FR","@id":"https:\/\/edm.ch\/fr\/news\/legalite-de-genre\/#primaryimage","url":"https:\/\/edm.ch\/wp-content\/uploads\/2025\/08\/Post_26.06_Event_1.png","contentUrl":"https:\/\/edm.ch\/wp-content\/uploads\/2025\/08\/Post_26.06_Event_1.png","width":1080,"height":1080},{"@type":"WebSite","@id":"https:\/\/edm.ch\/en\/#website","url":"https:\/\/edm.ch\/en\/","name":"Enfants du monde","description":"Association suisse","potentialAction":[{"@type":"SearchAction","target":{"@type":"EntryPoint","urlTemplate":"https:\/\/edm.ch\/en\/?s={search_term_string}"},"query-input":{"@type":"PropertyValueSpecification","valueRequired":true,"valueName":"search_term_string"}}],"inLanguage":"fr-FR"}]}},"_links":{"self":[{"href":"https:\/\/edm.ch\/fr\/wp-json\/wp\/v2\/news\/37014","targetHints":{"allow":["GET"]}}],"collection":[{"href":"https:\/\/edm.ch\/fr\/wp-json\/wp\/v2\/news"}],"about":[{"href":"https:\/\/edm.ch\/fr\/wp-json\/wp\/v2\/types\/news"}],"wp:featuredmedia":[{"embeddable":true,"href":"https:\/\/edm.ch\/fr\/wp-json\/wp\/v2\/media\/37031"}],"wp:attachment":[{"href":"https:\/\/edm.ch\/fr\/wp-json\/wp\/v2\/media?parent=37014"}],"wp:term":[{"taxonomy":"news-category","embeddable":true,"href":"https:\/\/edm.ch\/fr\/wp-json\/wp\/v2\/news-category?post=37014"},{"taxonomy":"news-year","embeddable":true,"href":"https:\/\/edm.ch\/fr\/wp-json\/wp\/v2\/news-year?post=37014"}],"curies":[{"name":"wp","href":"https:\/\/api.w.org\/{rel}","templated":true}]}}