{"id":36687,"date":"2025-08-20T10:42:10","date_gmt":"2025-08-20T10:42:10","guid":{"rendered":"https:\/\/edm.ch\/?post_type=news&#038;p=36687"},"modified":"2025-08-20T10:47:55","modified_gmt":"2025-08-20T10:47:55","slug":"devenir-donateurtrice-regulierere","status":"publish","type":"news","link":"https:\/\/edm.ch\/fr\/news\/devenir-donateurtrice-regulierere\/","title":{"rendered":"Devenir donateur\u00b7trice r\u00e9gulier\u00b7\u00e8re : le geste qui change tout"},"content":{"rendered":"<section class=\"subpageBanner\" style=\"display:\">\n    <div class=\"subpageBannerBlock figure_block\">\n        <img decoding=\"async\" data-src=\"https:\/\/edm.ch\/wp-content\/uploads\/2025\/07\/RS6437__SDP6011_ASIBA_slawomir2010BF.jpg\" src=\"data:image\/svg+xml;base64,PHN2ZyB3aWR0aD0iMSIgaGVpZ2h0PSIxIiB4bWxucz0iaHR0cDovL3d3dy53My5vcmcvMjAwMC9zdmciPjwvc3ZnPg==\" class=\"lazyload\" style=\"--smush-placeholder-width: 2400px; --smush-placeholder-aspect-ratio: 2400\/1597;\" data-srcset=\"https:\/\/edm.ch\/wp-content\/uploads\/2025\/07\/RS6437__SDP6011_ASIBA_slawomir2010BF.jpg 2400w, https:\/\/edm.ch\/wp-content\/uploads\/2025\/07\/RS6437__SDP6011_ASIBA_slawomir2010BF-300x200.jpg 300w, https:\/\/edm.ch\/wp-content\/uploads\/2025\/07\/RS6437__SDP6011_ASIBA_slawomir2010BF-1024x681.jpg 1024w, https:\/\/edm.ch\/wp-content\/uploads\/2025\/07\/RS6437__SDP6011_ASIBA_slawomir2010BF-768x511.jpg 768w, https:\/\/edm.ch\/wp-content\/uploads\/2025\/07\/RS6437__SDP6011_ASIBA_slawomir2010BF-1536x1022.jpg 1536w, https:\/\/edm.ch\/wp-content\/uploads\/2025\/07\/RS6437__SDP6011_ASIBA_slawomir2010BF-2048x1363.jpg 2048w\" data-sizes=\"auto\" data-original-sizes=\"(max-width: 2400px) 100vw, 2400px\" \/>\n        <div class=\"subpageBannerWrap\">\n            <div class=\"container\">\n                <div class=\"content\">\n                    <div>\n                        <span class=\"bannerHead\">Devenir donateur\u00b7trice r\u00e9gulier\u00b7\u00e8re : le geste qui change tout<\/span>\n                        <h1><\/h1>\n                    <\/div>\n                                    <\/div>\n            <\/div>\n        <\/div>\n            <\/div>\n<\/section>\n<script type=\"text\/javascript\">\n    jQuery(document).ready(function ($) {\n        \/\/ Check if the block exists\n        var bannerSection = $('#subpage-banner-section');\n\n        if (bannerSection.length > 0) {\n            \/\/ Move the block to the end of <main> just before the footer\n            $('main').append(bannerSection); \/\/ This will append it inside the <main> tag\n        }\n\n        $('.documentAccordion').on('click', function (e) {\n            e.preventDefault();  \/\/ Prevent default link action\n\n            \/\/ Target the section with the given ID\n            $('html, body').animate({\n                scrollTop: $('#subpage-banner-section').offset().top - 200\n            }, 1000);\n        });\n    });\n<\/script>\n\n        <section class=\"contentSec\" style=\"display:\">\n        <div class=\"container\">\n            <div class=\"contentBlock\">\n                <h5>Un engagement simple pour un impact durable<\/h5>\n                <p>Chaque mois, votre don r\u00e9gulier nous permet d\u2019agir <strong>l\u00e0 o\u00f9 les besoins sont les plus urgents<\/strong> pour am\u00e9liorer durablement la vie des enfants, des b\u00e9b\u00e9s et des mamans dans les pays les plus pauvres du monde.<\/p>\n<p>Nous ne voulons pas avoir \u00e0 choisir qui aider \u2013 <strong>votre don r\u00e9gulier nous permet de ne laisser personne de c\u00f4t\u00e9.<\/strong><\/p>\n                            <\/div>\n        <\/div>\n    <\/section>\n\n\n    \n    <section class=\"leftTextRightImg \" style=\"display:\">\n        <div class=\"container\">\n            <div class=\"leftTextRightImgRow\">\n                                    <div class=\"right\">\n                                                    <div class=\"imgBlock\">\n                                <a class=\"figure_block\" href=\"https:\/\/edm.ch\/wp-content\/uploads\/2025\/07\/RS6540__SDP3686_BEST.jpg\" data-fancybox data-caption=\"\">\n                                    <img decoding=\"async\" data-src=\"https:\/\/edm.ch\/wp-content\/uploads\/2025\/07\/RS6540__SDP3686_BEST.jpg\" src=\"data:image\/svg+xml;base64,PHN2ZyB3aWR0aD0iMSIgaGVpZ2h0PSIxIiB4bWxucz0iaHR0cDovL3d3dy53My5vcmcvMjAwMC9zdmciPjwvc3ZnPg==\" class=\"lazyload\" style=\"--smush-placeholder-width: 4256px; --smush-placeholder-aspect-ratio: 4256\/2832;\" data-srcset=\"https:\/\/edm.ch\/wp-content\/uploads\/2025\/07\/RS6540__SDP3686_BEST.jpg 4256w, https:\/\/edm.ch\/wp-content\/uploads\/2025\/07\/RS6540__SDP3686_BEST-300x200.jpg 300w, https:\/\/edm.ch\/wp-content\/uploads\/2025\/07\/RS6540__SDP3686_BEST-1024x681.jpg 1024w, https:\/\/edm.ch\/wp-content\/uploads\/2025\/07\/RS6540__SDP3686_BEST-768x511.jpg 768w, https:\/\/edm.ch\/wp-content\/uploads\/2025\/07\/RS6540__SDP3686_BEST-1536x1022.jpg 1536w, https:\/\/edm.ch\/wp-content\/uploads\/2025\/07\/RS6540__SDP3686_BEST-2048x1363.jpg 2048w\" data-sizes=\"auto\" data-original-sizes=\"(max-width: 4256px) 100vw, 4256px\" \/>\n                                                                    <\/a>\n                                <figcaption><\/figcaption>\n                            <\/div>\n                                            <\/div>\n                                                    <div class=\"left\">\n                        <div class=\"content\">\n                            <h3>                                Les avantages du don r\u00e9gulier, pour vous et pour les personnes que nous soutenons <small><\/small>\n                            <\/h3>                                                            <ul>\n<li>Votre don r\u00e9gulier est <strong>d\u00e9ductible des imp\u00f4ts.<\/strong><\/li>\n<li>Vous offrez <strong>une aide continue<\/strong> aux enfants et aux m\u00e8res qui en ont le plus besoin.<\/li>\n<li>Vous nous permettez <strong>de planifier nos actions \u00e0 long terme.<\/strong><\/li>\n<li>Vous r\u00e9duisez les frais administratifs\u00a0: <strong>plus d\u2019argent va directement aux b\u00e9n\u00e9ficiaires.<\/strong><\/li>\n<li>Vous donnez plus de libert\u00e9 d\u2019action \u00e0 nos \u00e9quipes sur le terrain, <strong>y compris en cas d\u2019urgence.<\/strong><\/li>\n<li>Vous <strong>renforcez notre ind\u00e9pendance<\/strong> dans la gestion de nos projets.<\/li>\n<\/ul>\n                                                                                        <a href=\"https:\/\/don.edm.ch\/don-regulier-campagne\" class=\"btnYellow\">Je fais un don r\u00e9gulier<\/a>\n                                                                                <\/div>\n                    <\/div>\n                            <\/div>\n        <\/div>\n    <\/section>\n\n\n    \n    <section class=\"rightTextLeftImg \" style=\"display:\">\n        <div class=\"container\">\n            <div class=\"rightTextLeftImgRow\">\n                                    <div class=\"left\">\n                                                    <div class=\"imgBlock\">\n                                <a class=\"figure_block\" href=\"https:\/\/edm.ch\/wp-content\/uploads\/2025\/07\/RS5139_389_Guatemala_Fairpicture_148-1.jpg\" data-fancybox data-caption=\"\">\n                                    <img decoding=\"async\" data-src=\"https:\/\/edm.ch\/wp-content\/uploads\/2025\/07\/RS5139_389_Guatemala_Fairpicture_148-1.jpg\" src=\"data:image\/svg+xml;base64,PHN2ZyB3aWR0aD0iMSIgaGVpZ2h0PSIxIiB4bWxucz0iaHR0cDovL3d3dy53My5vcmcvMjAwMC9zdmciPjwvc3ZnPg==\" class=\"lazyload\" style=\"--smush-placeholder-width: 5616px; --smush-placeholder-aspect-ratio: 5616\/3744;\" data-srcset=\"https:\/\/edm.ch\/wp-content\/uploads\/2025\/07\/RS5139_389_Guatemala_Fairpicture_148-1.jpg 5616w, https:\/\/edm.ch\/wp-content\/uploads\/2025\/07\/RS5139_389_Guatemala_Fairpicture_148-1-300x200.jpg 300w, https:\/\/edm.ch\/wp-content\/uploads\/2025\/07\/RS5139_389_Guatemala_Fairpicture_148-1-1024x683.jpg 1024w, https:\/\/edm.ch\/wp-content\/uploads\/2025\/07\/RS5139_389_Guatemala_Fairpicture_148-1-768x512.jpg 768w, https:\/\/edm.ch\/wp-content\/uploads\/2025\/07\/RS5139_389_Guatemala_Fairpicture_148-1-1536x1024.jpg 1536w, https:\/\/edm.ch\/wp-content\/uploads\/2025\/07\/RS5139_389_Guatemala_Fairpicture_148-1-2048x1365.jpg 2048w\" data-sizes=\"auto\" data-original-sizes=\"(max-width: 5616px) 100vw, 5616px\" \/>\n                                                                            <div class=\"picture-caption\">\n                                            <div class=\"caption-content\"><span>Second grade student, Jessica Paola Quex Nimajay (8),  writes in her notebook during class in the Official bilingual mixed urban school Iximch\u00e9, located in Tecp\u00e1n Guatemala, Chimaltenango, on November 4, 2022. \n\nMany Maya children in this region of Guatemala come from rural, some from poor communities. \n\nThe Iximch\u00e9 school is supported by Enfants du Monde, where the kids learn not only in Spanish -one of the official languages in Guatemala- but also in kaqchikel, their mother tongue, which allows them to learn faster and better. \n\nTeachers are trained in \u0093active learning\u0094 so that they use methods which encourage the pupils\u0092 participation and their ability to learn \u0093how to learn\u0094. \n\nDue to Covid, schools were closed for two years. This year 2002 the Ministry of Education authorized on-site classes, but with safety protocols to avoid contagion. Among the measures are the use of masks, hand washing and the bubble method, which establishes the number of students that should be in each classroom.<\/span><\/div>\n                                        <\/div>\n                                                                    <\/a>\n                                <figcaption><\/figcaption>\n                            <\/div>\n                                            <\/div>\n                                                    <div class=\"right\">\n                        <div class=\"content\">\n                            <h3>                                Je choisis les modalit\u00e9s de mon don r\u00e9gulier : <small><\/small>\n                            <\/h3>                                                            <ul>\n<li><strong>Je choisis mon montant,<\/strong> \u00e0 partir de 10 francs par mois<\/li>\n<li>Paiement facile par carte bancaire,<\/li>\n<li>Mon don est <strong>d\u00e9ductible des imp\u00f4ts<\/strong><\/li>\n<\/ul>\n<p>Je peux<strong> modifier ou arr\u00eater mon engagement \u00e0 tout moment,<\/strong> sur simple appel au : +41 22 798 88 81, ou par email \u00e0 <a href=\"mailto:info@edm.ch\">info@edm.ch<\/a>.<\/p>\n                                                                                                            <\/div>\n                    <\/div>\n                            <\/div>\n        <\/div>\n    <\/section>\n\n\n    <section class=\"donation_count\" style=\"display:\">\n        <div class=\"inner_row\">\n            <div class=\"right_img_block\">\n                <div class=\"img_block figure_block\">\n                    <img decoding=\"async\" data-src=\"https:\/\/edm.ch\/wp-content\/uploads\/2025\/07\/RS6609_DSC_0151_BEST.jpg\" alt=\"\" src=\"data:image\/svg+xml;base64,PHN2ZyB3aWR0aD0iMSIgaGVpZ2h0PSIxIiB4bWxucz0iaHR0cDovL3d3dy53My5vcmcvMjAwMC9zdmciPjwvc3ZnPg==\" class=\"lazyload\" style=\"--smush-placeholder-width: 7360px; --smush-placeholder-aspect-ratio: 7360\/4912;\" data-srcset=\"https:\/\/edm.ch\/wp-content\/uploads\/2025\/07\/RS6609_DSC_0151_BEST.jpg 7360w, https:\/\/edm.ch\/wp-content\/uploads\/2025\/07\/RS6609_DSC_0151_BEST-300x200.jpg 300w, https:\/\/edm.ch\/wp-content\/uploads\/2025\/07\/RS6609_DSC_0151_BEST-1024x683.jpg 1024w, https:\/\/edm.ch\/wp-content\/uploads\/2025\/07\/RS6609_DSC_0151_BEST-768x513.jpg 768w, https:\/\/edm.ch\/wp-content\/uploads\/2025\/07\/RS6609_DSC_0151_BEST-1536x1025.jpg 1536w, https:\/\/edm.ch\/wp-content\/uploads\/2025\/07\/RS6609_DSC_0151_BEST-2048x1367.jpg 2048w\" data-sizes=\"auto\" data-original-sizes=\"(max-width: 7360px) 100vw, 7360px\">\n                                    <\/div>\n            <\/div>\n            <div class=\"left_txt_block\">\n                <div class=\"txt_contents\">\n                    <h3>Mon don r\u00e9gulier fait la diff\u00e9rence :<\/h3>\n                    <div class=\"block_txts\">\n                                                    <div class=\"item\">\n                                <span class=\"title\">Par exemple : <\/span>\n                                <p><\/p>\n                            <\/div>\n                                                    <div class=\"item\">\n                                <span class=\"title\">Avec un don de 10 francs par mois : <\/span>\n                                <p>J\u2019offre un manuel scolaire bilingue en fran\u00e7ais et dans leur langue maternelle locale (le moor\u00e9) \u00e0 16 enfants au Burkina Faso pour leur permettre de progresser.<\/p>\n                            <\/div>\n                                                    <div class=\"item\">\n                                <span class=\"title\">Avec un don de 50 francs par mois :<\/span>\n                                <p>J\u2019offre la formation continue \u00e0 50 enseignant\u00b7es au Guatemala pour am\u00e9liorer la qualit\u00e9 de leurs le\u00e7ons.<\/p>\n                            <\/div>\n                                                    <div class=\"item\">\n                                <span class=\"title\">Avec un don de 100 francs par mois :<\/span>\n                                <p>Je finance la formation en sant\u00e9 maternelle et infantile de 16 membres du personnel de sant\u00e9 au Bangladesh.<\/p>\n                            <\/div>\n                                                                            <a href=\"https:\/\/don.edm.ch\/don-regulier-campagne\" class=\"btnWhite buttonDonation\">\n                                JE FAIS UN DON R\u00c9GULIER                             <\/a>\n                                            <\/div>\n                <\/div>\n            <\/div>\n        <\/div>\n    <\/section>","protected":false},"excerpt":{"rendered":"<p>En devenant donateur\u00b7trice r\u00e9gulier\u00b7\u00e8re, vous offrez un meilleur avenir aux enfants et aux m\u00e8res d\u00e9favoris\u00e9\u00b7es. Plus que jamais, nous avons besoin de vous !<\/p>\n","protected":false},"featured_media":36801,"template":"","news-category":[268,269,49,57,63,258,263,265,266,267],"news-year":[541],"class_list":["post-36687","news","type-news","status-publish","has-post-thumbnail","hentry","news-category-tanzanie","news-category-tchad","news-category-sante","news-category-education","news-category-burkina-faso","news-category-bangladesh","news-category-guatemala","news-category-madagascar","news-category-nepal","news-category-niger","news-year-2025-4"],"acf":[],"yoast_head":"<!-- This site is optimized with the Yoast SEO plugin v26.9 - https:\/\/yoast.com\/product\/yoast-seo-wordpress\/ -->\n<title>Devenir donateur\u00b7trice r\u00e9gulier\u00b7\u00e8re : le geste qui change tout - Enfants du monde<\/title>\n<meta name=\"robots\" content=\"index, follow, max-snippet:-1, max-image-preview:large, max-video-preview:-1\" \/>\n<link rel=\"canonical\" href=\"https:\/\/edm.ch\/fr\/news\/devenir-donateurtrice-regulierere\/\" \/>\n<meta property=\"og:locale\" content=\"fr_FR\" \/>\n<meta property=\"og:type\" content=\"article\" \/>\n<meta property=\"og:title\" content=\"Devenir donateur\u00b7trice r\u00e9gulier\u00b7\u00e8re : le geste qui change tout - Enfants du monde\" \/>\n<meta property=\"og:description\" content=\"En devenant donateur\u00b7trice r\u00e9gulier\u00b7\u00e8re, vous offrez un meilleur avenir aux enfants et aux m\u00e8res d\u00e9favoris\u00e9\u00b7es. Plus que jamais, nous avons besoin de vous !\" \/>\n<meta property=\"og:url\" content=\"https:\/\/edm.ch\/fr\/news\/devenir-donateurtrice-regulierere\/\" \/>\n<meta property=\"og:site_name\" content=\"Enfants du monde\" \/>\n<meta property=\"article:modified_time\" content=\"2025-08-20T10:47:55+00:00\" \/>\n<meta property=\"og:image\" content=\"https:\/\/edm.ch\/wp-content\/uploads\/2025\/07\/Enfants_du_Monde_Clemence-2-1024x1024.png\" \/>\n\t<meta property=\"og:image:width\" content=\"1024\" \/>\n\t<meta property=\"og:image:height\" content=\"1024\" \/>\n\t<meta property=\"og:image:type\" content=\"image\/png\" \/>\n<meta name=\"twitter:card\" content=\"summary_large_image\" \/>\n<meta name=\"twitter:label1\" content=\"Est. reading time\" \/>\n\t<meta name=\"twitter:data1\" content=\"1 minute\" \/>\n<script type=\"application\/ld+json\" class=\"yoast-schema-graph\">{\"@context\":\"https:\/\/schema.org\",\"@graph\":[{\"@type\":\"WebPage\",\"@id\":\"https:\/\/edm.ch\/fr\/news\/devenir-donateurtrice-regulierere\/\",\"url\":\"https:\/\/edm.ch\/fr\/news\/devenir-donateurtrice-regulierere\/\",\"name\":\"Devenir donateur\u00b7trice r\u00e9gulier\u00b7\u00e8re : le geste qui change tout - Enfants du monde\",\"isPartOf\":{\"@id\":\"https:\/\/edm.ch\/en\/#website\"},\"primaryImageOfPage\":{\"@id\":\"https:\/\/edm.ch\/fr\/news\/devenir-donateurtrice-regulierere\/#primaryimage\"},\"image\":{\"@id\":\"https:\/\/edm.ch\/fr\/news\/devenir-donateurtrice-regulierere\/#primaryimage\"},\"thumbnailUrl\":\"https:\/\/edm.ch\/wp-content\/uploads\/2025\/07\/Enfants_du_Monde_Clemence-2.png\",\"datePublished\":\"2025-08-20T10:42:10+00:00\",\"dateModified\":\"2025-08-20T10:47:55+00:00\",\"inLanguage\":\"fr-FR\",\"potentialAction\":[{\"@type\":\"ReadAction\",\"target\":[\"https:\/\/edm.ch\/fr\/news\/devenir-donateurtrice-regulierere\/\"]}]},{\"@type\":\"ImageObject\",\"inLanguage\":\"fr-FR\",\"@id\":\"https:\/\/edm.ch\/fr\/news\/devenir-donateurtrice-regulierere\/#primaryimage\",\"url\":\"https:\/\/edm.ch\/wp-content\/uploads\/2025\/07\/Enfants_du_Monde_Clemence-2.png\",\"contentUrl\":\"https:\/\/edm.ch\/wp-content\/uploads\/2025\/07\/Enfants_du_Monde_Clemence-2.png\",\"width\":1920,\"height\":1920},{\"@type\":\"WebSite\",\"@id\":\"https:\/\/edm.ch\/en\/#website\",\"url\":\"https:\/\/edm.ch\/en\/\",\"name\":\"Enfants du monde\",\"description\":\"Association suisse\",\"potentialAction\":[{\"@type\":\"SearchAction\",\"target\":{\"@type\":\"EntryPoint\",\"urlTemplate\":\"https:\/\/edm.ch\/en\/?s={search_term_string}\"},\"query-input\":{\"@type\":\"PropertyValueSpecification\",\"valueRequired\":true,\"valueName\":\"search_term_string\"}}],\"inLanguage\":\"fr-FR\"}]}<\/script>\n<!-- \/ Yoast SEO plugin. -->","yoast_head_json":{"title":"Devenir donateur\u00b7trice r\u00e9gulier\u00b7\u00e8re : le geste qui change tout - Enfants du monde","robots":{"index":"index","follow":"follow","max-snippet":"max-snippet:-1","max-image-preview":"max-image-preview:large","max-video-preview":"max-video-preview:-1"},"canonical":"https:\/\/edm.ch\/fr\/news\/devenir-donateurtrice-regulierere\/","og_locale":"fr_FR","og_type":"article","og_title":"Devenir donateur\u00b7trice r\u00e9gulier\u00b7\u00e8re : le geste qui change tout - Enfants du monde","og_description":"En devenant donateur\u00b7trice r\u00e9gulier\u00b7\u00e8re, vous offrez un meilleur avenir aux enfants et aux m\u00e8res d\u00e9favoris\u00e9\u00b7es. Plus que jamais, nous avons besoin de vous !","og_url":"https:\/\/edm.ch\/fr\/news\/devenir-donateurtrice-regulierere\/","og_site_name":"Enfants du monde","article_modified_time":"2025-08-20T10:47:55+00:00","og_image":[{"width":1024,"height":1024,"url":"https:\/\/edm.ch\/wp-content\/uploads\/2025\/07\/Enfants_du_Monde_Clemence-2-1024x1024.png","type":"image\/png"}],"twitter_card":"summary_large_image","twitter_misc":{"Est. reading time":"1 minute"},"schema":{"@context":"https:\/\/schema.org","@graph":[{"@type":"WebPage","@id":"https:\/\/edm.ch\/fr\/news\/devenir-donateurtrice-regulierere\/","url":"https:\/\/edm.ch\/fr\/news\/devenir-donateurtrice-regulierere\/","name":"Devenir donateur\u00b7trice r\u00e9gulier\u00b7\u00e8re : le geste qui change tout - Enfants du monde","isPartOf":{"@id":"https:\/\/edm.ch\/en\/#website"},"primaryImageOfPage":{"@id":"https:\/\/edm.ch\/fr\/news\/devenir-donateurtrice-regulierere\/#primaryimage"},"image":{"@id":"https:\/\/edm.ch\/fr\/news\/devenir-donateurtrice-regulierere\/#primaryimage"},"thumbnailUrl":"https:\/\/edm.ch\/wp-content\/uploads\/2025\/07\/Enfants_du_Monde_Clemence-2.png","datePublished":"2025-08-20T10:42:10+00:00","dateModified":"2025-08-20T10:47:55+00:00","inLanguage":"fr-FR","potentialAction":[{"@type":"ReadAction","target":["https:\/\/edm.ch\/fr\/news\/devenir-donateurtrice-regulierere\/"]}]},{"@type":"ImageObject","inLanguage":"fr-FR","@id":"https:\/\/edm.ch\/fr\/news\/devenir-donateurtrice-regulierere\/#primaryimage","url":"https:\/\/edm.ch\/wp-content\/uploads\/2025\/07\/Enfants_du_Monde_Clemence-2.png","contentUrl":"https:\/\/edm.ch\/wp-content\/uploads\/2025\/07\/Enfants_du_Monde_Clemence-2.png","width":1920,"height":1920},{"@type":"WebSite","@id":"https:\/\/edm.ch\/en\/#website","url":"https:\/\/edm.ch\/en\/","name":"Enfants du monde","description":"Association suisse","potentialAction":[{"@type":"SearchAction","target":{"@type":"EntryPoint","urlTemplate":"https:\/\/edm.ch\/en\/?s={search_term_string}"},"query-input":{"@type":"PropertyValueSpecification","valueRequired":true,"valueName":"search_term_string"}}],"inLanguage":"fr-FR"}]}},"_links":{"self":[{"href":"https:\/\/edm.ch\/fr\/wp-json\/wp\/v2\/news\/36687","targetHints":{"allow":["GET"]}}],"collection":[{"href":"https:\/\/edm.ch\/fr\/wp-json\/wp\/v2\/news"}],"about":[{"href":"https:\/\/edm.ch\/fr\/wp-json\/wp\/v2\/types\/news"}],"wp:featuredmedia":[{"embeddable":true,"href":"https:\/\/edm.ch\/fr\/wp-json\/wp\/v2\/media\/36801"}],"wp:attachment":[{"href":"https:\/\/edm.ch\/fr\/wp-json\/wp\/v2\/media?parent=36687"}],"wp:term":[{"taxonomy":"news-category","embeddable":true,"href":"https:\/\/edm.ch\/fr\/wp-json\/wp\/v2\/news-category?post=36687"},{"taxonomy":"news-year","embeddable":true,"href":"https:\/\/edm.ch\/fr\/wp-json\/wp\/v2\/news-year?post=36687"}],"curies":[{"name":"wp","href":"https:\/\/api.w.org\/{rel}","templated":true}]}}