{"id":36002,"date":"2025-05-27T13:57:22","date_gmt":"2025-05-27T13:57:22","guid":{"rendered":"https:\/\/edm.ch\/?post_type=news&#038;p=36002"},"modified":"2025-07-17T09:07:29","modified_gmt":"2025-07-17T09:07:29","slug":"26-juin-2025","status":"publish","type":"news","link":"https:\/\/edm.ch\/fr\/news\/26-juin-2025\/","title":{"rendered":"Et si l\u2019\u00e9ducation \u00e9tait la cl\u00e9 pour une paix durable\u00a0? Rejoignez-nous le 26 juin\u00a0!"},"content":{"rendered":"<section class=\"subpageBanner\" style=\"display:\">\n    <div class=\"subpageBannerBlock figure_block\">\n        <img decoding=\"async\" data-src=\"https:\/\/edm.ch\/wp-content\/uploads\/2025\/05\/Enfants_du_Monde_banner_tchad_2025.png\" src=\"data:image\/svg+xml;base64,PHN2ZyB3aWR0aD0iMSIgaGVpZ2h0PSIxIiB4bWxucz0iaHR0cDovL3d3dy53My5vcmcvMjAwMC9zdmciPjwvc3ZnPg==\" class=\"lazyload\" style=\"--smush-placeholder-width: 2500px; --smush-placeholder-aspect-ratio: 2500\/1080;\" data-srcset=\"https:\/\/edm.ch\/wp-content\/uploads\/2025\/05\/Enfants_du_Monde_banner_tchad_2025.png 2500w, https:\/\/edm.ch\/wp-content\/uploads\/2025\/05\/Enfants_du_Monde_banner_tchad_2025-300x130.png 300w, https:\/\/edm.ch\/wp-content\/uploads\/2025\/05\/Enfants_du_Monde_banner_tchad_2025-1024x442.png 1024w, https:\/\/edm.ch\/wp-content\/uploads\/2025\/05\/Enfants_du_Monde_banner_tchad_2025-768x332.png 768w, https:\/\/edm.ch\/wp-content\/uploads\/2025\/05\/Enfants_du_Monde_banner_tchad_2025-1536x664.png 1536w, https:\/\/edm.ch\/wp-content\/uploads\/2025\/05\/Enfants_du_Monde_banner_tchad_2025-2048x885.png 2048w\" data-sizes=\"auto\" data-original-sizes=\"(max-width: 2500px) 100vw, 2500px\" \/>\n        <div class=\"subpageBannerWrap\">\n            <div class=\"container\">\n                <div class=\"content\">\n                    <div>\n                        <span class=\"bannerHead\">Et si l\u2019\u00e9ducation \u00e9tait la cl\u00e9 pour une paix durable ? Rejoignez-nous le 26 juin !<\/span>\n                        <h1><\/h1>\n                    <\/div>\n                                    <\/div>\n            <\/div>\n        <\/div>\n            <\/div>\n<\/section>\n<script type=\"text\/javascript\">\n    jQuery(document).ready(function ($) {\n        \/\/ Check if the block exists\n        var bannerSection = $('#subpage-banner-section');\n\n        if (bannerSection.length > 0) {\n            \/\/ Move the block to the end of <main> just before the footer\n            $('main').append(bannerSection); \/\/ This will append it inside the <main> tag\n        }\n\n        $('.documentAccordion').on('click', function (e) {\n            e.preventDefault();  \/\/ Prevent default link action\n\n            \/\/ Target the section with the given ID\n            $('html, body').animate({\n                scrollTop: $('#subpage-banner-section').offset().top - 200\n            }, 1000);\n        });\n    });\n<\/script>\n\n        <section class=\"contentSec\" style=\"display:\">\n        <div class=\"container\">\n            <div class=\"contentBlock\">\n                <h5><\/h5>\n                <p>Dans un monde de plus en plus marqu\u00e9 par les conflits, les d\u00e9placements forc\u00e9s et les in\u00e9galit\u00e9s croissantes, comment construire une paix durable dans les pays du Sud global, comme en Suisse ? Nous sommes convaincu\u00b7es que la r\u00e9ponse passe par un levier souvent sous-estim\u00e9 mais absolument essentiel : <strong>l\u2019\u00e9ducation de base, en particulier dans les contextes de crise.<\/strong><\/p>\n<p>Afin de r\u00e9fl\u00e9chir ensemble \u00e0 ce lien entre l\u2019\u00e9ducation et la paix, nous vous invitons \u00e0 nous rejoindre lors de notre table-ronde<strong> du 26 juin prochain \u00ab <span class=\"hc5qJ3vx6a3Y8De3kuDA\">Investissons dans l\u2019\u00e9ducation de base pour promouvoir une soci\u00e9t\u00e9 en paix ! <\/span>\u00bb.<\/strong><\/p>\n                            <\/div>\n        <\/div>\n    <\/section>\n\n\n    \n    <section class=\"rightTextLeftImg \" style=\"display:\">\n        <div class=\"container\">\n            <div class=\"rightTextLeftImgRow\">\n                                    <div class=\"left\">\n                                                    <div class=\"imgBlock\">\n                                <a class=\"figure_block\" href=\"https:\/\/edm.ch\/wp-content\/uploads\/2024\/05\/Enfants_du_Monde_evenement_apercu.png\" data-fancybox data-caption=\"\">\n                                    <img decoding=\"async\" data-src=\"https:\/\/edm.ch\/wp-content\/uploads\/2024\/05\/Enfants_du_Monde_evenement_apercu.png\" src=\"data:image\/svg+xml;base64,PHN2ZyB3aWR0aD0iMSIgaGVpZ2h0PSIxIiB4bWxucz0iaHR0cDovL3d3dy53My5vcmcvMjAwMC9zdmciPjwvc3ZnPg==\" class=\"lazyload\" style=\"--smush-placeholder-width: 1920px; --smush-placeholder-aspect-ratio: 1920\/1920;\" data-srcset=\"https:\/\/edm.ch\/wp-content\/uploads\/2024\/05\/Enfants_du_Monde_evenement_apercu.png 1920w, https:\/\/edm.ch\/wp-content\/uploads\/2024\/05\/Enfants_du_Monde_evenement_apercu-300x300.png 300w, https:\/\/edm.ch\/wp-content\/uploads\/2024\/05\/Enfants_du_Monde_evenement_apercu-1024x1024.png 1024w, https:\/\/edm.ch\/wp-content\/uploads\/2024\/05\/Enfants_du_Monde_evenement_apercu-150x150.png 150w, https:\/\/edm.ch\/wp-content\/uploads\/2024\/05\/Enfants_du_Monde_evenement_apercu-768x768.png 768w, https:\/\/edm.ch\/wp-content\/uploads\/2024\/05\/Enfants_du_Monde_evenement_apercu-1536x1536.png 1536w\" data-sizes=\"auto\" data-original-sizes=\"(max-width: 1920px) 100vw, 1920px\" \/>\n                                                                            <div class=\"picture-caption\">\n                                            <div class=\"caption-content\"><span>Lucien Agasse<\/span><\/div>\n                                        <\/div>\n                                                                    <\/a>\n                                <figcaption><\/figcaption>\n                            <\/div>\n                                            <\/div>\n                                                    <div class=\"right\">\n                        <div class=\"content\">\n                            <h2>                                Programme <small><\/small>\n                            <\/h2>                                                            <p>L\u2019\u00e9v\u00e8nement sera pr\u00e9c\u00e9d\u00e9 par notre <strong>Assembl\u00e9e g\u00e9n\u00e9rale de <span style=\"color: #000000;\">15h30 \u00e0 17h<\/span><\/strong> \u00e0 laquelle vous pouvez assister si vous le souhaitez.<\/p>\n<ul>\n<li><span style=\"color: #000000;\">17h15\u202f: Accueil<\/span><\/li>\n<li><span style=\"color: #000000;\">17h30-18h30\u00a0: Table ronde et \u00e9changes avec le public<\/span><\/li>\n<li><span style=\"color: #000000;\">18h30\u202f:<\/span> Ap\u00e9ritif<\/li>\n<\/ul>\n<p><strong>Adresse\u00a0:<\/strong> Rue de Varemb\u00e9 1, 1202 Gen\u00e8ve<\/p>\n<p>Nous vous prions de vous inscrire <strong>avant le 18 juin (il est possible d&rsquo;assister \u00e0 l&rsquo;\u00e9v\u00e8nement en ligne) :<\/strong><\/p>\n                                                                                        <a href=\"https:\/\/edm.ch\/fr\/ag-2025\/\" class=\"btnBlue\">Je m&#039;inscris !<\/a>\n                                                                                <\/div>\n                    <\/div>\n                            <\/div>\n        <\/div>\n    <\/section>\n\n\n    \n    <section class=\"leftTextRightImg \" style=\"display:\">\n        <div class=\"container\">\n            <div class=\"leftTextRightImgRow\">\n                                    <div class=\"right\">\n                                                    <div class=\"imgBlock\">\n                                <a class=\"figure_block\" href=\"https:\/\/edm.ch\/wp-content\/uploads\/2025\/05\/Enfants_du_Monde_Evenement_2.png\" data-fancybox data-caption=\"\">\n                                    <img decoding=\"async\" data-src=\"https:\/\/edm.ch\/wp-content\/uploads\/2025\/05\/Enfants_du_Monde_Evenement_2.png\" src=\"data:image\/svg+xml;base64,PHN2ZyB3aWR0aD0iMSIgaGVpZ2h0PSIxIiB4bWxucz0iaHR0cDovL3d3dy53My5vcmcvMjAwMC9zdmciPjwvc3ZnPg==\" class=\"lazyload\" style=\"--smush-placeholder-width: 1920px; --smush-placeholder-aspect-ratio: 1920\/1920;\" data-srcset=\"https:\/\/edm.ch\/wp-content\/uploads\/2025\/05\/Enfants_du_Monde_Evenement_2.png 1920w, https:\/\/edm.ch\/wp-content\/uploads\/2025\/05\/Enfants_du_Monde_Evenement_2-300x300.png 300w, https:\/\/edm.ch\/wp-content\/uploads\/2025\/05\/Enfants_du_Monde_Evenement_2-1024x1024.png 1024w, https:\/\/edm.ch\/wp-content\/uploads\/2025\/05\/Enfants_du_Monde_Evenement_2-150x150.png 150w, https:\/\/edm.ch\/wp-content\/uploads\/2025\/05\/Enfants_du_Monde_Evenement_2-768x768.png 768w, https:\/\/edm.ch\/wp-content\/uploads\/2025\/05\/Enfants_du_Monde_Evenement_2-1536x1536.png 1536w\" data-sizes=\"auto\" data-original-sizes=\"(max-width: 1920px) 100vw, 1920px\" \/>\n                                                                            <div class=\"picture-caption\">\n                                            <div class=\"caption-content\"><span>Lucien Agasse<\/span><\/div>\n                                        <\/div>\n                                                                    <\/a>\n                                <figcaption><\/figcaption>\n                            <\/div>\n                                            <\/div>\n                                                    <div class=\"left\">\n                        <div class=\"content\">\n                            <h2>                                Avec la participation de :  <small><\/small>\n                            <\/h2>                                                            <ul>\n<li><strong>Mme Boly Barry,<\/strong> ancienne ministre de l\u2019\u00c9ducation du Burkina Faso et ancienne rapporteuse sp\u00e9ciale sur le droit \u00e0 l\u2019\u00e9ducation de l\u2019ONU<\/li>\n<li><strong>Mme Bengoa, <\/strong>directrice de la Cha\u00eene du Bonheur<\/li>\n<li><strong>Mme Faul,<\/strong> directrice g\u00e9n\u00e9rale, NORRAG (Network for international policies and cooperation in education and training)<\/li>\n<li><strong>M. Hughes,<\/strong> directeur g\u00e9n\u00e9ral de l\u2019\u00c9cole Internationale de Gen\u00e8ve<\/li>\n<li><strong>M. Ouoba,<\/strong> charg\u00e9 de programme d\u2019\u00e9ducation en situation d\u2019urgence au Burkina Faso, Enfants du Monde<\/li>\n<\/ul>\n                                                                                                            <\/div>\n                    <\/div>\n                            <\/div>\n        <\/div>\n    <\/section>","protected":false},"excerpt":{"rendered":"<p>Nous vous invitons le 26 juin \u00e0 venir assister \u00e0 notre table-ronde \u00ab\u00a0Promouvoir une soci\u00e9t\u00e9 en paix\u202f? Investir dans l\u2019\u00e9ducation de base\u202f!\u00a0\u00bb ! Vous pourrez \u00e9changer avec nos intervenant\u00b7es sur comment construire une paix durable dans un monde de plus en plus complexe.<\/p>\n","protected":false},"featured_media":29618,"template":"","news-category":[57,63,186,270,271],"news-year":[541],"class_list":["post-36002","news","type-news","status-publish","has-post-thumbnail","hentry","news-category-education","news-category-burkina-faso","news-category-suisse","news-category-europe","news-category-afrique","news-year-2025-4"],"acf":[],"yoast_head":"<!-- This site is optimized with the Yoast SEO plugin v26.9 - https:\/\/yoast.com\/product\/yoast-seo-wordpress\/ -->\n<title>\u00c9ducation et paix - Table ronde - Enfants du Monde<\/title>\n<meta name=\"description\" content=\"Rejoignez-nous le 26 juin pour notre table-ronde \u00ab\u00a0Promouvoir une soci\u00e9t\u00e9 en paix\u202f? Investir dans l\u2019\u00e9ducation de base\u202f!\u00a0\u00bb !\" \/>\n<meta name=\"robots\" content=\"index, follow, max-snippet:-1, max-image-preview:large, max-video-preview:-1\" \/>\n<link rel=\"canonical\" href=\"https:\/\/edm.ch\/fr\/news\/26-juin-2025\/\" \/>\n<meta property=\"og:locale\" content=\"fr_FR\" \/>\n<meta property=\"og:type\" content=\"article\" \/>\n<meta property=\"og:title\" content=\"\u00c9ducation et paix - Table ronde - Enfants du Monde\" \/>\n<meta property=\"og:description\" content=\"Rejoignez-nous le 26 juin pour notre table-ronde \u00ab\u00a0Promouvoir une soci\u00e9t\u00e9 en paix\u202f? Investir dans l\u2019\u00e9ducation de base\u202f!\u00a0\u00bb !\" \/>\n<meta property=\"og:url\" content=\"https:\/\/edm.ch\/fr\/news\/26-juin-2025\/\" \/>\n<meta property=\"og:site_name\" content=\"Enfants du monde\" \/>\n<meta property=\"article:modified_time\" content=\"2025-07-17T09:07:29+00:00\" \/>\n<meta property=\"og:image\" content=\"https:\/\/edm.ch\/wp-content\/uploads\/2023\/01\/Nouveau-site_Carre-7-1024x1024.png\" \/>\n\t<meta property=\"og:image:width\" content=\"1024\" \/>\n\t<meta property=\"og:image:height\" content=\"1024\" \/>\n\t<meta property=\"og:image:type\" content=\"image\/png\" \/>\n<meta name=\"twitter:card\" content=\"summary_large_image\" \/>\n<script type=\"application\/ld+json\" class=\"yoast-schema-graph\">{\"@context\":\"https:\/\/schema.org\",\"@graph\":[{\"@type\":\"WebPage\",\"@id\":\"https:\/\/edm.ch\/fr\/news\/26-juin-2025\/\",\"url\":\"https:\/\/edm.ch\/fr\/news\/26-juin-2025\/\",\"name\":\"\u00c9ducation et paix - Table ronde - Enfants du Monde\",\"isPartOf\":{\"@id\":\"https:\/\/edm.ch\/en\/#website\"},\"primaryImageOfPage\":{\"@id\":\"https:\/\/edm.ch\/fr\/news\/26-juin-2025\/#primaryimage\"},\"image\":{\"@id\":\"https:\/\/edm.ch\/fr\/news\/26-juin-2025\/#primaryimage\"},\"thumbnailUrl\":\"https:\/\/edm.ch\/wp-content\/uploads\/2023\/01\/Nouveau-site_Carre-7.png\",\"datePublished\":\"2025-05-27T13:57:22+00:00\",\"dateModified\":\"2025-07-17T09:07:29+00:00\",\"description\":\"Rejoignez-nous le 26 juin pour notre table-ronde \u00ab\u00a0Promouvoir une soci\u00e9t\u00e9 en paix\u202f? Investir dans l\u2019\u00e9ducation de base\u202f!\u00a0\u00bb !\",\"inLanguage\":\"fr-FR\",\"potentialAction\":[{\"@type\":\"ReadAction\",\"target\":[\"https:\/\/edm.ch\/fr\/news\/26-juin-2025\/\"]}]},{\"@type\":\"ImageObject\",\"inLanguage\":\"fr-FR\",\"@id\":\"https:\/\/edm.ch\/fr\/news\/26-juin-2025\/#primaryimage\",\"url\":\"https:\/\/edm.ch\/wp-content\/uploads\/2023\/01\/Nouveau-site_Carre-7.png\",\"contentUrl\":\"https:\/\/edm.ch\/wp-content\/uploads\/2023\/01\/Nouveau-site_Carre-7.png\",\"width\":1920,\"height\":1920},{\"@type\":\"WebSite\",\"@id\":\"https:\/\/edm.ch\/en\/#website\",\"url\":\"https:\/\/edm.ch\/en\/\",\"name\":\"Enfants du monde\",\"description\":\"Association suisse\",\"potentialAction\":[{\"@type\":\"SearchAction\",\"target\":{\"@type\":\"EntryPoint\",\"urlTemplate\":\"https:\/\/edm.ch\/en\/?s={search_term_string}\"},\"query-input\":{\"@type\":\"PropertyValueSpecification\",\"valueRequired\":true,\"valueName\":\"search_term_string\"}}],\"inLanguage\":\"fr-FR\"}]}<\/script>\n<!-- \/ Yoast SEO plugin. -->","yoast_head_json":{"title":"\u00c9ducation et paix - Table ronde - Enfants du Monde","description":"Rejoignez-nous le 26 juin pour notre table-ronde \u00ab\u00a0Promouvoir une soci\u00e9t\u00e9 en paix\u202f? Investir dans l\u2019\u00e9ducation de base\u202f!\u00a0\u00bb !","robots":{"index":"index","follow":"follow","max-snippet":"max-snippet:-1","max-image-preview":"max-image-preview:large","max-video-preview":"max-video-preview:-1"},"canonical":"https:\/\/edm.ch\/fr\/news\/26-juin-2025\/","og_locale":"fr_FR","og_type":"article","og_title":"\u00c9ducation et paix - Table ronde - Enfants du Monde","og_description":"Rejoignez-nous le 26 juin pour notre table-ronde \u00ab\u00a0Promouvoir une soci\u00e9t\u00e9 en paix\u202f? Investir dans l\u2019\u00e9ducation de base\u202f!\u00a0\u00bb !","og_url":"https:\/\/edm.ch\/fr\/news\/26-juin-2025\/","og_site_name":"Enfants du monde","article_modified_time":"2025-07-17T09:07:29+00:00","og_image":[{"width":1024,"height":1024,"url":"https:\/\/edm.ch\/wp-content\/uploads\/2023\/01\/Nouveau-site_Carre-7-1024x1024.png","type":"image\/png"}],"twitter_card":"summary_large_image","schema":{"@context":"https:\/\/schema.org","@graph":[{"@type":"WebPage","@id":"https:\/\/edm.ch\/fr\/news\/26-juin-2025\/","url":"https:\/\/edm.ch\/fr\/news\/26-juin-2025\/","name":"\u00c9ducation et paix - Table ronde - Enfants du Monde","isPartOf":{"@id":"https:\/\/edm.ch\/en\/#website"},"primaryImageOfPage":{"@id":"https:\/\/edm.ch\/fr\/news\/26-juin-2025\/#primaryimage"},"image":{"@id":"https:\/\/edm.ch\/fr\/news\/26-juin-2025\/#primaryimage"},"thumbnailUrl":"https:\/\/edm.ch\/wp-content\/uploads\/2023\/01\/Nouveau-site_Carre-7.png","datePublished":"2025-05-27T13:57:22+00:00","dateModified":"2025-07-17T09:07:29+00:00","description":"Rejoignez-nous le 26 juin pour notre table-ronde \u00ab\u00a0Promouvoir une soci\u00e9t\u00e9 en paix\u202f? Investir dans l\u2019\u00e9ducation de base\u202f!\u00a0\u00bb !","inLanguage":"fr-FR","potentialAction":[{"@type":"ReadAction","target":["https:\/\/edm.ch\/fr\/news\/26-juin-2025\/"]}]},{"@type":"ImageObject","inLanguage":"fr-FR","@id":"https:\/\/edm.ch\/fr\/news\/26-juin-2025\/#primaryimage","url":"https:\/\/edm.ch\/wp-content\/uploads\/2023\/01\/Nouveau-site_Carre-7.png","contentUrl":"https:\/\/edm.ch\/wp-content\/uploads\/2023\/01\/Nouveau-site_Carre-7.png","width":1920,"height":1920},{"@type":"WebSite","@id":"https:\/\/edm.ch\/en\/#website","url":"https:\/\/edm.ch\/en\/","name":"Enfants du monde","description":"Association suisse","potentialAction":[{"@type":"SearchAction","target":{"@type":"EntryPoint","urlTemplate":"https:\/\/edm.ch\/en\/?s={search_term_string}"},"query-input":{"@type":"PropertyValueSpecification","valueRequired":true,"valueName":"search_term_string"}}],"inLanguage":"fr-FR"}]}},"_links":{"self":[{"href":"https:\/\/edm.ch\/fr\/wp-json\/wp\/v2\/news\/36002","targetHints":{"allow":["GET"]}}],"collection":[{"href":"https:\/\/edm.ch\/fr\/wp-json\/wp\/v2\/news"}],"about":[{"href":"https:\/\/edm.ch\/fr\/wp-json\/wp\/v2\/types\/news"}],"wp:featuredmedia":[{"embeddable":true,"href":"https:\/\/edm.ch\/fr\/wp-json\/wp\/v2\/media\/29618"}],"wp:attachment":[{"href":"https:\/\/edm.ch\/fr\/wp-json\/wp\/v2\/media?parent=36002"}],"wp:term":[{"taxonomy":"news-category","embeddable":true,"href":"https:\/\/edm.ch\/fr\/wp-json\/wp\/v2\/news-category?post=36002"},{"taxonomy":"news-year","embeddable":true,"href":"https:\/\/edm.ch\/fr\/wp-json\/wp\/v2\/news-year?post=36002"}],"curies":[{"name":"wp","href":"https:\/\/api.w.org\/{rel}","templated":true}]}}