{"id":33758,"date":"2025-02-21T08:00:58","date_gmt":"2025-02-21T08:00:58","guid":{"rendered":"https:\/\/edm.ch\/?post_type=news&#038;p=33758"},"modified":"2025-02-21T08:11:22","modified_gmt":"2025-02-21T08:11:22","slug":"journee-de-la-langue-maternelle","status":"publish","type":"news","link":"https:\/\/edm.ch\/fr\/news\/journee-de-la-langue-maternelle\/","title":{"rendered":"Journ\u00e9e de la langue maternelle\u00a0: \u00e9crivons ensemble le futur des enfants en plusieurs langues\u00a0!"},"content":{"rendered":"<section class=\"subpageBanner\" style=\"display:\">\n    <div class=\"subpageBannerBlock figure_block\">\n        <img decoding=\"async\" data-src=\"https:\/\/edm.ch\/wp-content\/uploads\/2025\/02\/Enfants_du_Monde_banner_journee_langue_materelle-1.png\" src=\"data:image\/svg+xml;base64,PHN2ZyB3aWR0aD0iMSIgaGVpZ2h0PSIxIiB4bWxucz0iaHR0cDovL3d3dy53My5vcmcvMjAwMC9zdmciPjwvc3ZnPg==\" class=\"lazyload\" style=\"--smush-placeholder-width: 2500px; --smush-placeholder-aspect-ratio: 2500\/1080;\" data-srcset=\"https:\/\/edm.ch\/wp-content\/uploads\/2025\/02\/Enfants_du_Monde_banner_journee_langue_materelle-1.png 2500w, https:\/\/edm.ch\/wp-content\/uploads\/2025\/02\/Enfants_du_Monde_banner_journee_langue_materelle-1-300x130.png 300w, https:\/\/edm.ch\/wp-content\/uploads\/2025\/02\/Enfants_du_Monde_banner_journee_langue_materelle-1-1024x442.png 1024w, https:\/\/edm.ch\/wp-content\/uploads\/2025\/02\/Enfants_du_Monde_banner_journee_langue_materelle-1-768x332.png 768w, https:\/\/edm.ch\/wp-content\/uploads\/2025\/02\/Enfants_du_Monde_banner_journee_langue_materelle-1-1536x664.png 1536w, https:\/\/edm.ch\/wp-content\/uploads\/2025\/02\/Enfants_du_Monde_banner_journee_langue_materelle-1-2048x885.png 2048w\" data-sizes=\"auto\" data-original-sizes=\"(max-width: 2500px) 100vw, 2500px\" \/>\n        <div class=\"subpageBannerWrap\">\n            <div class=\"container\">\n                <div class=\"content\">\n                    <div>\n                        <span class=\"bannerHead\">Journ\u00e9e de la langue maternelle : \u00e9crivons ensemble le futur des enfants en plusieurs langues !<\/span>\n                        <h1><\/h1>\n                    <\/div>\n                                    <\/div>\n            <\/div>\n        <\/div>\n            <\/div>\n<\/section>\n<script type=\"text\/javascript\">\n    jQuery(document).ready(function ($) {\n        \/\/ Check if the block exists\n        var bannerSection = $('#subpage-banner-section');\n\n        if (bannerSection.length > 0) {\n            \/\/ Move the block to the end of <main> just before the footer\n            $('main').append(bannerSection); \/\/ This will append it inside the <main> tag\n        }\n\n        $('.documentAccordion').on('click', function (e) {\n            e.preventDefault();  \/\/ Prevent default link action\n\n            \/\/ Target the section with the given ID\n            $('html, body').animate({\n                scrollTop: $('#subpage-banner-section').offset().top - 200\n            }, 1000);\n        });\n    });\n<\/script>\n\n        <section class=\"contentSec\" style=\"display:\">\n        <div class=\"container\">\n            <div class=\"contentBlock\">\n                <h5><\/h5>\n                <p>C\u00e9l\u00e9brez la <strong>Journ\u00e9e mondiale de la langue maternelle<\/strong> avec nous\u00a0!<\/p>\n<p>Aller \u00e0 l\u2019\u00e9cole et <strong>apprendre<\/strong> dans sa <strong>langue maternelle<\/strong> peut nous para\u00eetre une \u00e9vidence, mais dans <strong>beaucoup de pays<\/strong>, la <strong>langue<\/strong> parl\u00e9e par les enfants \u00e0 la maison est d<strong>iff\u00e9rente de la langue officielle<\/strong> dans laquelle est dispens\u00e9e <strong>l\u2019\u00e9ducation<\/strong>. Aujourd\u2019hui encore, trop d\u2019enfants sont priv\u00e9s d\u2019un acc\u00e8s \u00e0 une \u00e9ducation dans une langue qu\u2019ils comprennent.<\/p>\n<p>Au <strong>Tchad<\/strong>, au <strong>Guatemala<\/strong> et au <strong>Burkina Faso<\/strong>, nous d\u00e9veloppons du mat\u00e9riel p\u00e9dagogique bilingue pour que chaque \u00e9l\u00e8ve puisse apprendre \u00e0 lire et \u00e9crire dans sa langue\u00a0: <strong>offrez des manuels scolaires \u00e0 ces enfants pour une \u00e9ducation plus inclusive\u00a0!<\/strong><\/p>\n                                    <a href=\"https:\/\/don.edm.ch\/NL-education-fevrier-2025\" class=\"btnYellow small\">\n                        <span>Je fais un don<\/span>\n                    <\/a>\n                            <\/div>\n        <\/div>\n    <\/section>\n\n\n    \n    <section class=\"rightTextLeftImg \" style=\"display:\">\n        <div class=\"container\">\n            <div class=\"rightTextLeftImgRow\">\n                                    <div class=\"left\">\n                                                    <div class=\"imgBlock\">\n                                <a class=\"figure_block\" href=\"https:\/\/edm.ch\/wp-content\/uploads\/2025\/02\/Modinfo_actu_journee_langue_maternelle-4.png\" data-fancybox data-caption=\"\">\n                                    <img decoding=\"async\" data-src=\"https:\/\/edm.ch\/wp-content\/uploads\/2025\/02\/Modinfo_actu_journee_langue_maternelle-4.png\" src=\"data:image\/svg+xml;base64,PHN2ZyB3aWR0aD0iMSIgaGVpZ2h0PSIxIiB4bWxucz0iaHR0cDovL3d3dy53My5vcmcvMjAwMC9zdmciPjwvc3ZnPg==\" class=\"lazyload\" style=\"--smush-placeholder-width: 1920px; --smush-placeholder-aspect-ratio: 1920\/1920;\" data-srcset=\"https:\/\/edm.ch\/wp-content\/uploads\/2025\/02\/Modinfo_actu_journee_langue_maternelle-4.png 1920w, https:\/\/edm.ch\/wp-content\/uploads\/2025\/02\/Modinfo_actu_journee_langue_maternelle-4-300x300.png 300w, https:\/\/edm.ch\/wp-content\/uploads\/2025\/02\/Modinfo_actu_journee_langue_maternelle-4-1024x1024.png 1024w, https:\/\/edm.ch\/wp-content\/uploads\/2025\/02\/Modinfo_actu_journee_langue_maternelle-4-150x150.png 150w, https:\/\/edm.ch\/wp-content\/uploads\/2025\/02\/Modinfo_actu_journee_langue_maternelle-4-768x768.png 768w, https:\/\/edm.ch\/wp-content\/uploads\/2025\/02\/Modinfo_actu_journee_langue_maternelle-4-1536x1536.png 1536w\" data-sizes=\"auto\" data-original-sizes=\"(max-width: 1920px) 100vw, 1920px\" \/>\n                                                                    <\/a>\n                                <figcaption><\/figcaption>\n                            <\/div>\n                                            <\/div>\n                                                    <div class=\"right\">\n                        <div class=\"content\">\n                            <h2>                                Des contes locaux bilingues sar-arabe au Tchad <small><\/small>\n                            <\/h2>                                                            <p>Nous produisons du <strong>mat\u00e9riel p\u00e9dagogique<\/strong> respectueux de la pluralit\u00e9 des langues dans ce pays pour <strong>soutenir les enfants<\/strong> dans leurs apprentissages. Par exemple, deux contes locaux nomm\u00e9s \u00ab\u00a0Papa Vaya\u00a0\u00bb et \u00ab\u00a0La hy\u00e8ne, le singe et le li\u00e8vre\u00a0\u00bb ont \u00e9t\u00e9 adapt\u00e9s et illustr\u00e9s en fran\u00e7ais et en arabe pour que les enfants puissent <strong>apprendre \u00e0 lire et \u00e9crire<\/strong> dans les deux langues.<\/p>\n                                                                                                            <\/div>\n                    <\/div>\n                            <\/div>\n        <\/div>\n    <\/section>\n\n\n    \n    <section class=\"leftTextRightImg \" style=\"display:\">\n        <div class=\"container\">\n            <div class=\"leftTextRightImgRow\">\n                                    <div class=\"right\">\n                                                    <div class=\"imgBlock\">\n                                <a class=\"figure_block\" href=\"https:\/\/edm.ch\/wp-content\/uploads\/2025\/02\/Modinfo_actu_journee_langue_maternelle.png\" data-fancybox data-caption=\"\">\n                                    <img decoding=\"async\" data-src=\"https:\/\/edm.ch\/wp-content\/uploads\/2025\/02\/Modinfo_actu_journee_langue_maternelle.png\" src=\"data:image\/svg+xml;base64,PHN2ZyB3aWR0aD0iMSIgaGVpZ2h0PSIxIiB4bWxucz0iaHR0cDovL3d3dy53My5vcmcvMjAwMC9zdmciPjwvc3ZnPg==\" class=\"lazyload\" style=\"--smush-placeholder-width: 1920px; --smush-placeholder-aspect-ratio: 1920\/1920;\" data-srcset=\"https:\/\/edm.ch\/wp-content\/uploads\/2025\/02\/Modinfo_actu_journee_langue_maternelle.png 1920w, https:\/\/edm.ch\/wp-content\/uploads\/2025\/02\/Modinfo_actu_journee_langue_maternelle-300x300.png 300w, https:\/\/edm.ch\/wp-content\/uploads\/2025\/02\/Modinfo_actu_journee_langue_maternelle-1024x1024.png 1024w, https:\/\/edm.ch\/wp-content\/uploads\/2025\/02\/Modinfo_actu_journee_langue_maternelle-150x150.png 150w, https:\/\/edm.ch\/wp-content\/uploads\/2025\/02\/Modinfo_actu_journee_langue_maternelle-768x768.png 768w, https:\/\/edm.ch\/wp-content\/uploads\/2025\/02\/Modinfo_actu_journee_langue_maternelle-1536x1536.png 1536w\" data-sizes=\"auto\" data-original-sizes=\"(max-width: 1920px) 100vw, 1920px\" \/>\n                                                                    <\/a>\n                                <figcaption><\/figcaption>\n                            <\/div>\n                                            <\/div>\n                                                    <div class=\"left\">\n                        <div class=\"content\">\n                            <h2>                                L\u2019importance de l\u2019espagnol pour les minorit\u00e9s mayas au Guatemala  <small><\/small>\n                            <\/h2>                                                            <p>Au <strong>Guatemala<\/strong>, la langue officielle est l\u2019espagnol, mais dans les r\u00e9gions o\u00f9 nous travaillons, la langue maternelle des enfants est le q\u2019eqchi\u2019 ou le kaqchikel, des langues mayas.<\/p>\n<p>Pour trouver du travail dans d\u2019autres r\u00e9gions du pays, il est souvent indispensable de ma\u00eetriser l\u2019espagnol. Les <strong>manuels scolaires<\/strong> que nous concevons sont <strong>bilingues espagnol-langue maya<\/strong>, car ma\u00eetriser ces deux langues garantira aux enfants de <strong>meilleures opportunit\u00e9s d\u2019avenir<\/strong>.<\/p>\n                                                                                                            <\/div>\n                    <\/div>\n                            <\/div>\n        <\/div>\n    <\/section>\n\n\n    \n    <section class=\"rightTextLeftImg \" style=\"display:\">\n        <div class=\"container\">\n            <div class=\"rightTextLeftImgRow\">\n                                    <div class=\"left\">\n                                                    <div class=\"imgBlock\">\n                                <a class=\"figure_block\" href=\"https:\/\/edm.ch\/wp-content\/uploads\/2025\/02\/Modinfo_actu_journee_langue_maternelle-3.png\" data-fancybox data-caption=\"\">\n                                    <img decoding=\"async\" data-src=\"https:\/\/edm.ch\/wp-content\/uploads\/2025\/02\/Modinfo_actu_journee_langue_maternelle-3.png\" src=\"data:image\/svg+xml;base64,PHN2ZyB3aWR0aD0iMSIgaGVpZ2h0PSIxIiB4bWxucz0iaHR0cDovL3d3dy53My5vcmcvMjAwMC9zdmciPjwvc3ZnPg==\" class=\"lazyload\" style=\"--smush-placeholder-width: 1920px; --smush-placeholder-aspect-ratio: 1920\/1920;\" data-srcset=\"https:\/\/edm.ch\/wp-content\/uploads\/2025\/02\/Modinfo_actu_journee_langue_maternelle-3.png 1920w, https:\/\/edm.ch\/wp-content\/uploads\/2025\/02\/Modinfo_actu_journee_langue_maternelle-3-300x300.png 300w, https:\/\/edm.ch\/wp-content\/uploads\/2025\/02\/Modinfo_actu_journee_langue_maternelle-3-1024x1024.png 1024w, https:\/\/edm.ch\/wp-content\/uploads\/2025\/02\/Modinfo_actu_journee_langue_maternelle-3-150x150.png 150w, https:\/\/edm.ch\/wp-content\/uploads\/2025\/02\/Modinfo_actu_journee_langue_maternelle-3-768x768.png 768w, https:\/\/edm.ch\/wp-content\/uploads\/2025\/02\/Modinfo_actu_journee_langue_maternelle-3-1536x1536.png 1536w\" data-sizes=\"auto\" data-original-sizes=\"(max-width: 1920px) 100vw, 1920px\" \/>\n                                                                    <\/a>\n                                <figcaption><\/figcaption>\n                            <\/div>\n                                            <\/div>\n                                                    <div class=\"right\">\n                        <div class=\"content\">\n                            <h2>                                Du moor\u00e9 au fran\u00e7ais au Burkina Faso <small><\/small>\n                            <\/h2>                                                            <p>C\u2019est difficile d\u2019apprendre correctement quand on ne parle pas la langue parl\u00e9e par le professeur\u00a0! C\u2019est pour cela que nous travaillons pour que les enfants burkinab\u00e9s aient acc\u00e8s \u00e0 une <strong>\u00e9ducation bilingue en fran\u00e7ais en moor\u00e9<\/strong> (la langue parl\u00e9e \u00e0 la maison) et pas uniquement en fran\u00e7ais.<\/p>\n<p>En collaboration avec le Minist\u00e8re de l\u2019\u00e9ducation, nous mettons \u00e0 disposition du <strong>mat\u00e9riel p\u00e9dagogique<\/strong> qui, en plus d\u2019\u00eatre adapt\u00e9 \u00e0 la langue maternelle des enfants, promeut le <strong>d\u00e9veloppement durable<\/strong>, les<strong> droits de l\u2019enfant<\/strong>, une <strong>culture de la paix<\/strong> et de <strong>l\u2019\u00e9galit\u00e9 de genre<\/strong>.<\/p>\n                                                                                        <a href=\"https:\/\/don.edm.ch\/NL-education-fevrier-2025\" class=\"btnYellow\">Je fais un don<\/a>\n                                                                                <\/div>\n                    <\/div>\n                            <\/div>\n        <\/div>\n    <\/section>\n\n\n    \n    <section class=\"quoteImage leftTextRightImg \" style=\"display:\">\n        <div class=\"container\">\n            <div class=\"leftTextRightImgRow\">\n                                    <div class=\"right\">\n                                                    <div class=\"imgBlock\">\n                                <a class=\"figure_block\" href=\"https:\/\/edm.ch\/wp-content\/uploads\/2022\/01\/Beneficiaire_Education_BurkinaFaso_Adma-1.jpg\" data-fancybox data-caption=\"\">\n                                    <img decoding=\"async\" data-src=\"https:\/\/edm.ch\/wp-content\/uploads\/2022\/01\/Beneficiaire_Education_BurkinaFaso_Adma-1.jpg\" src=\"data:image\/svg+xml;base64,PHN2ZyB3aWR0aD0iMSIgaGVpZ2h0PSIxIiB4bWxucz0iaHR0cDovL3d3dy53My5vcmcvMjAwMC9zdmciPjwvc3ZnPg==\" class=\"lazyload\" style=\"--smush-placeholder-width: 600px; --smush-placeholder-aspect-ratio: 600\/400;\" \/>\n                                                                    <\/a>\n                                <figcaption><\/figcaption>\n                            <\/div>\n                                            <\/div>\n                                                    <div class=\"left\">\n                        <div class=\"content\">\n                            <h2>                                 <small>Adma \u00c9l\u00e8ve au Burkina Faso<\/small>\n                            <\/h2>                            <div class=\"quote\">                                <p>Cela m\u2019aide de pouvoir aussi utiliser la langue moor\u00e9, ma langue maternelle, surtout pour la lecture. Plus tard, j\u2019aimerais devenir enseignant.<\/p>\n                            <\/div>                                                                                <\/div>\n                    <\/div>\n                            <\/div>\n        <\/div>\n    <\/section>\n\n\n    <section class=\"donation_count\" style=\"display:\">\n        <div class=\"inner_row\">\n            <div class=\"right_img_block\">\n                <div class=\"img_block figure_block\">\n                    <img decoding=\"async\" data-src=\"https:\/\/edm.ch\/wp-content\/uploads\/2025\/02\/Modinfo_actu_journee_langue_maternelle-2.png\" alt=\"\" src=\"data:image\/svg+xml;base64,PHN2ZyB3aWR0aD0iMSIgaGVpZ2h0PSIxIiB4bWxucz0iaHR0cDovL3d3dy53My5vcmcvMjAwMC9zdmciPjwvc3ZnPg==\" class=\"lazyload\" style=\"--smush-placeholder-width: 1920px; --smush-placeholder-aspect-ratio: 1920\/1920;\" data-srcset=\"https:\/\/edm.ch\/wp-content\/uploads\/2025\/02\/Modinfo_actu_journee_langue_maternelle-2.png 1920w, https:\/\/edm.ch\/wp-content\/uploads\/2025\/02\/Modinfo_actu_journee_langue_maternelle-2-300x300.png 300w, https:\/\/edm.ch\/wp-content\/uploads\/2025\/02\/Modinfo_actu_journee_langue_maternelle-2-1024x1024.png 1024w, https:\/\/edm.ch\/wp-content\/uploads\/2025\/02\/Modinfo_actu_journee_langue_maternelle-2-150x150.png 150w, https:\/\/edm.ch\/wp-content\/uploads\/2025\/02\/Modinfo_actu_journee_langue_maternelle-2-768x768.png 768w, https:\/\/edm.ch\/wp-content\/uploads\/2025\/02\/Modinfo_actu_journee_langue_maternelle-2-1536x1536.png 1536w\" data-sizes=\"auto\" data-original-sizes=\"(max-width: 1920px) 100vw, 1920px\">\n                                    <\/div>\n            <\/div>\n            <div class=\"left_txt_block\">\n                <div class=\"txt_contents\">\n                    <h3>Mon don fait la diff\u00e9rence<\/h3>\n                    <div class=\"block_txts\">\n                                                    <div class=\"item\">\n                                <span class=\"title\">Avec 70 francs : <\/span>\n                                <p>J\u2019offre \u00e0 10 enfants du Burkina Faso un manuel scolaire bilingue en fran\u00e7ais et moor\u00e9 qui leur permet de progresser.<\/p>\n                            <\/div>\n                                                    <div class=\"item\">\n                                <span class=\"title\">Avec 200 francs :<\/span>\n                                <p>Je finance une formation continue en \u00e9ducation bilingue \u00e0 17 enseignant\u00b7es au Guatemala pour am\u00e9liorer la qualit\u00e9 de leurs le\u00e7ons.<\/p>\n                            <\/div>\n                                                                            <a href=\"https:\/\/don.edm.ch\/NL-education-fevrier-2025\" class=\"btnWhite buttonDonation\">\n                                Je fais un don                            <\/a>\n                                            <\/div>\n                <\/div>\n            <\/div>\n        <\/div>\n    <\/section>","protected":false},"excerpt":{"rendered":"<p>C\u00e9l\u00e9brez la Journ\u00e9e mondiale de la langue maternelle avec nous !<br \/>\nAller \u00e0 l\u2019\u00e9cole et apprendre dans sa langue maternelle peut nous para\u00eetre une \u00e9vidence, mais dans beaucoup de pays, la langue parl\u00e9e par les enfants \u00e0 la maison est diff\u00e9rente de la langue officielle dans laquelle est dispens\u00e9e l\u2019\u00e9ducation. Aujourd\u2019hui encore, trop d\u2019enfants sont priv\u00e9s d\u2019un acc\u00e8s \u00e0 une \u00e9ducation dans une langue qu\u2019ils comprennent. <\/p>\n","protected":false},"featured_media":33780,"template":"","news-category":[57,63,263,269,271,272],"news-year":[541],"class_list":["post-33758","news","type-news","status-publish","has-post-thumbnail","hentry","news-category-education","news-category-burkina-faso","news-category-guatemala","news-category-tchad","news-category-afrique","news-category-amerique-latine","news-year-2025-4"],"acf":[],"yoast_head":"<!-- This site is optimized with the Yoast SEO plugin v26.9 - https:\/\/yoast.com\/product\/yoast-seo-wordpress\/ -->\n<title>Livres scolaires pour les enfants - \u00c9ducation - Enfants du Monde<\/title>\n<meta name=\"description\" content=\"Pour la Journ\u00e9e mondiale de la langue maternelle, votre don fait la diff\u00e9rence. Trop d\u2019enfants sont priv\u00e9s d\u2019une \u00e9ducation dans leur langue.\" \/>\n<meta name=\"robots\" content=\"index, follow, max-snippet:-1, max-image-preview:large, max-video-preview:-1\" \/>\n<link rel=\"canonical\" href=\"https:\/\/edm.ch\/fr\/news\/journee-de-la-langue-maternelle\/\" \/>\n<meta property=\"og:locale\" content=\"fr_FR\" \/>\n<meta property=\"og:type\" content=\"article\" \/>\n<meta property=\"og:title\" content=\"Livres scolaires pour les enfants - \u00c9ducation - Enfants du Monde\" \/>\n<meta property=\"og:description\" content=\"Pour la Journ\u00e9e mondiale de la langue maternelle, votre don fait la diff\u00e9rence. Trop d\u2019enfants sont priv\u00e9s d\u2019une \u00e9ducation dans leur langue.\" \/>\n<meta property=\"og:url\" content=\"https:\/\/edm.ch\/fr\/news\/journee-de-la-langue-maternelle\/\" \/>\n<meta property=\"og:site_name\" content=\"Enfants du monde\" \/>\n<meta property=\"article:modified_time\" content=\"2025-02-21T08:11:22+00:00\" \/>\n<meta property=\"og:image\" content=\"https:\/\/edm.ch\/wp-content\/uploads\/2025\/02\/Enfants_du_Monde_banner_journee_langue_materelle-1-1024x442.png\" \/>\n\t<meta property=\"og:image:width\" content=\"1024\" \/>\n\t<meta property=\"og:image:height\" content=\"442\" \/>\n\t<meta property=\"og:image:type\" content=\"image\/png\" \/>\n<meta name=\"twitter:card\" content=\"summary_large_image\" \/>\n<meta name=\"twitter:label1\" content=\"Est. reading time\" \/>\n\t<meta name=\"twitter:data1\" content=\"1 minute\" \/>\n<script type=\"application\/ld+json\" class=\"yoast-schema-graph\">{\"@context\":\"https:\/\/schema.org\",\"@graph\":[{\"@type\":\"WebPage\",\"@id\":\"https:\/\/edm.ch\/fr\/news\/journee-de-la-langue-maternelle\/\",\"url\":\"https:\/\/edm.ch\/fr\/news\/journee-de-la-langue-maternelle\/\",\"name\":\"Livres scolaires pour les enfants - \u00c9ducation - Enfants du Monde\",\"isPartOf\":{\"@id\":\"https:\/\/edm.ch\/en\/#website\"},\"primaryImageOfPage\":{\"@id\":\"https:\/\/edm.ch\/fr\/news\/journee-de-la-langue-maternelle\/#primaryimage\"},\"image\":{\"@id\":\"https:\/\/edm.ch\/fr\/news\/journee-de-la-langue-maternelle\/#primaryimage\"},\"thumbnailUrl\":\"https:\/\/edm.ch\/wp-content\/uploads\/2025\/02\/Enfants_du_Monde_banner_journee_langue_materelle-1.png\",\"datePublished\":\"2025-02-21T08:00:58+00:00\",\"dateModified\":\"2025-02-21T08:11:22+00:00\",\"description\":\"Pour la Journ\u00e9e mondiale de la langue maternelle, votre don fait la diff\u00e9rence. Trop d\u2019enfants sont priv\u00e9s d\u2019une \u00e9ducation dans leur langue.\",\"inLanguage\":\"fr-FR\",\"potentialAction\":[{\"@type\":\"ReadAction\",\"target\":[\"https:\/\/edm.ch\/fr\/news\/journee-de-la-langue-maternelle\/\"]}]},{\"@type\":\"ImageObject\",\"inLanguage\":\"fr-FR\",\"@id\":\"https:\/\/edm.ch\/fr\/news\/journee-de-la-langue-maternelle\/#primaryimage\",\"url\":\"https:\/\/edm.ch\/wp-content\/uploads\/2025\/02\/Enfants_du_Monde_banner_journee_langue_materelle-1.png\",\"contentUrl\":\"https:\/\/edm.ch\/wp-content\/uploads\/2025\/02\/Enfants_du_Monde_banner_journee_langue_materelle-1.png\",\"width\":2500,\"height\":1080},{\"@type\":\"WebSite\",\"@id\":\"https:\/\/edm.ch\/en\/#website\",\"url\":\"https:\/\/edm.ch\/en\/\",\"name\":\"Enfants du monde\",\"description\":\"Association suisse\",\"potentialAction\":[{\"@type\":\"SearchAction\",\"target\":{\"@type\":\"EntryPoint\",\"urlTemplate\":\"https:\/\/edm.ch\/en\/?s={search_term_string}\"},\"query-input\":{\"@type\":\"PropertyValueSpecification\",\"valueRequired\":true,\"valueName\":\"search_term_string\"}}],\"inLanguage\":\"fr-FR\"}]}<\/script>\n<!-- \/ Yoast SEO plugin. -->","yoast_head_json":{"title":"Livres scolaires pour les enfants - \u00c9ducation - Enfants du Monde","description":"Pour la Journ\u00e9e mondiale de la langue maternelle, votre don fait la diff\u00e9rence. Trop d\u2019enfants sont priv\u00e9s d\u2019une \u00e9ducation dans leur langue.","robots":{"index":"index","follow":"follow","max-snippet":"max-snippet:-1","max-image-preview":"max-image-preview:large","max-video-preview":"max-video-preview:-1"},"canonical":"https:\/\/edm.ch\/fr\/news\/journee-de-la-langue-maternelle\/","og_locale":"fr_FR","og_type":"article","og_title":"Livres scolaires pour les enfants - \u00c9ducation - Enfants du Monde","og_description":"Pour la Journ\u00e9e mondiale de la langue maternelle, votre don fait la diff\u00e9rence. Trop d\u2019enfants sont priv\u00e9s d\u2019une \u00e9ducation dans leur langue.","og_url":"https:\/\/edm.ch\/fr\/news\/journee-de-la-langue-maternelle\/","og_site_name":"Enfants du monde","article_modified_time":"2025-02-21T08:11:22+00:00","og_image":[{"width":1024,"height":442,"url":"https:\/\/edm.ch\/wp-content\/uploads\/2025\/02\/Enfants_du_Monde_banner_journee_langue_materelle-1-1024x442.png","type":"image\/png"}],"twitter_card":"summary_large_image","twitter_misc":{"Est. reading time":"1 minute"},"schema":{"@context":"https:\/\/schema.org","@graph":[{"@type":"WebPage","@id":"https:\/\/edm.ch\/fr\/news\/journee-de-la-langue-maternelle\/","url":"https:\/\/edm.ch\/fr\/news\/journee-de-la-langue-maternelle\/","name":"Livres scolaires pour les enfants - \u00c9ducation - Enfants du Monde","isPartOf":{"@id":"https:\/\/edm.ch\/en\/#website"},"primaryImageOfPage":{"@id":"https:\/\/edm.ch\/fr\/news\/journee-de-la-langue-maternelle\/#primaryimage"},"image":{"@id":"https:\/\/edm.ch\/fr\/news\/journee-de-la-langue-maternelle\/#primaryimage"},"thumbnailUrl":"https:\/\/edm.ch\/wp-content\/uploads\/2025\/02\/Enfants_du_Monde_banner_journee_langue_materelle-1.png","datePublished":"2025-02-21T08:00:58+00:00","dateModified":"2025-02-21T08:11:22+00:00","description":"Pour la Journ\u00e9e mondiale de la langue maternelle, votre don fait la diff\u00e9rence. Trop d\u2019enfants sont priv\u00e9s d\u2019une \u00e9ducation dans leur langue.","inLanguage":"fr-FR","potentialAction":[{"@type":"ReadAction","target":["https:\/\/edm.ch\/fr\/news\/journee-de-la-langue-maternelle\/"]}]},{"@type":"ImageObject","inLanguage":"fr-FR","@id":"https:\/\/edm.ch\/fr\/news\/journee-de-la-langue-maternelle\/#primaryimage","url":"https:\/\/edm.ch\/wp-content\/uploads\/2025\/02\/Enfants_du_Monde_banner_journee_langue_materelle-1.png","contentUrl":"https:\/\/edm.ch\/wp-content\/uploads\/2025\/02\/Enfants_du_Monde_banner_journee_langue_materelle-1.png","width":2500,"height":1080},{"@type":"WebSite","@id":"https:\/\/edm.ch\/en\/#website","url":"https:\/\/edm.ch\/en\/","name":"Enfants du monde","description":"Association suisse","potentialAction":[{"@type":"SearchAction","target":{"@type":"EntryPoint","urlTemplate":"https:\/\/edm.ch\/en\/?s={search_term_string}"},"query-input":{"@type":"PropertyValueSpecification","valueRequired":true,"valueName":"search_term_string"}}],"inLanguage":"fr-FR"}]}},"_links":{"self":[{"href":"https:\/\/edm.ch\/fr\/wp-json\/wp\/v2\/news\/33758","targetHints":{"allow":["GET"]}}],"collection":[{"href":"https:\/\/edm.ch\/fr\/wp-json\/wp\/v2\/news"}],"about":[{"href":"https:\/\/edm.ch\/fr\/wp-json\/wp\/v2\/types\/news"}],"wp:featuredmedia":[{"embeddable":true,"href":"https:\/\/edm.ch\/fr\/wp-json\/wp\/v2\/media\/33780"}],"wp:attachment":[{"href":"https:\/\/edm.ch\/fr\/wp-json\/wp\/v2\/media?parent=33758"}],"wp:term":[{"taxonomy":"news-category","embeddable":true,"href":"https:\/\/edm.ch\/fr\/wp-json\/wp\/v2\/news-category?post=33758"},{"taxonomy":"news-year","embeddable":true,"href":"https:\/\/edm.ch\/fr\/wp-json\/wp\/v2\/news-year?post=33758"}],"curies":[{"name":"wp","href":"https:\/\/api.w.org\/{rel}","templated":true}]}}