{"id":33150,"date":"2024-12-02T08:00:00","date_gmt":"2024-12-02T08:00:00","guid":{"rendered":"https:\/\/edm.ch\/?post_type=news&#038;p=33150"},"modified":"2025-01-30T08:48:51","modified_gmt":"2025-01-30T08:48:51","slug":"lapplication-mon-enfant-grandit-est-disponible","status":"publish","type":"news","link":"https:\/\/edm.ch\/fr\/news\/lapplication-mon-enfant-grandit-est-disponible\/","title":{"rendered":"L\u2019application Mon enfant grandit est disponible\u00a0!"},"content":{"rendered":"<section class=\"subpageBanner\" style=\"display:\">\n    <div class=\"subpageBannerBlock figure_block\">\n        <img decoding=\"async\" data-src=\"https:\/\/edm.ch\/wp-content\/uploads\/2024\/12\/Enfants_du_Monde_banner_lancement_app_mon_enfamt_grandit.png\" src=\"data:image\/svg+xml;base64,PHN2ZyB3aWR0aD0iMSIgaGVpZ2h0PSIxIiB4bWxucz0iaHR0cDovL3d3dy53My5vcmcvMjAwMC9zdmciPjwvc3ZnPg==\" class=\"lazyload\" style=\"--smush-placeholder-width: 2500px; --smush-placeholder-aspect-ratio: 2500\/1080;\" data-srcset=\"https:\/\/edm.ch\/wp-content\/uploads\/2024\/12\/Enfants_du_Monde_banner_lancement_app_mon_enfamt_grandit.png 2500w, https:\/\/edm.ch\/wp-content\/uploads\/2024\/12\/Enfants_du_Monde_banner_lancement_app_mon_enfamt_grandit-300x130.png 300w, https:\/\/edm.ch\/wp-content\/uploads\/2024\/12\/Enfants_du_Monde_banner_lancement_app_mon_enfamt_grandit-1024x442.png 1024w, https:\/\/edm.ch\/wp-content\/uploads\/2024\/12\/Enfants_du_Monde_banner_lancement_app_mon_enfamt_grandit-768x332.png 768w, https:\/\/edm.ch\/wp-content\/uploads\/2024\/12\/Enfants_du_Monde_banner_lancement_app_mon_enfamt_grandit-1536x664.png 1536w, https:\/\/edm.ch\/wp-content\/uploads\/2024\/12\/Enfants_du_Monde_banner_lancement_app_mon_enfamt_grandit-2048x885.png 2048w\" data-sizes=\"auto\" data-original-sizes=\"(max-width: 2500px) 100vw, 2500px\" \/>\n        <div class=\"subpageBannerWrap\">\n            <div class=\"container\">\n                <div class=\"content\">\n                    <div>\n                        <span class=\"bannerHead\">L\u2019application Mon enfant grandit est disponible ! <\/span>\n                        <h1><\/h1>\n                    <\/div>\n                                    <\/div>\n            <\/div>\n        <\/div>\n            <\/div>\n<\/section>\n<script type=\"text\/javascript\">\n    jQuery(document).ready(function ($) {\n        \/\/ Check if the block exists\n        var bannerSection = $('#subpage-banner-section');\n\n        if (bannerSection.length > 0) {\n            \/\/ Move the block to the end of <main> just before the footer\n            $('main').append(bannerSection); \/\/ This will append it inside the <main> tag\n        }\n\n        $('.documentAccordion').on('click', function (e) {\n            e.preventDefault();  \/\/ Prevent default link action\n\n            \/\/ Target the section with the given ID\n            $('html, body').animate({\n                scrollTop: $('#subpage-banner-section').offset().top - 200\n            }, 1000);\n        });\n    });\n<\/script>\n\n        <section class=\"contentSec\" style=\"display:\">\n        <div class=\"container\">\n            <div class=\"contentBlock\">\n                <h5><\/h5>\n                <p>Au Burkina Faso, pour 1 000 naissances vivantes, 79 enfants* d\u00e9c\u00e8dent avant d\u2019atteindre leur 5\u00e8me ann\u00e9e ; une r\u00e9alit\u00e9 alarmante. Pour r\u00e9pondre \u00e0 cette urgence, Mon enfant grandit, une application mobile gratuite, accompagne les familles dans le suivi de la sant\u00e9 et du d\u00e9veloppement des enfants de 0 \u00e0 5 ans. D\u00e9velopp\u00e9e en partenariat avec Enfants du Monde et des partenaires locaux, elle vise \u00e0 renforcer l\u2019autonomie des parents et adultes en charge d\u2019enfants gr\u00e2ce \u00e0 des informations fiables et adapt\u00e9es.<\/p>\n                            <\/div>\n        <\/div>\n    <\/section>\n\n\n    \n    <section class=\"rightTextLeftImg \" style=\"display:\">\n        <div class=\"container\">\n            <div class=\"rightTextLeftImgRow\">\n                                    <div class=\"left\">\n                                                    <div class=\"imgBlock\">\n                                <a class=\"figure_block\" href=\"https:\/\/edm.ch\/wp-content\/uploads\/2024\/12\/Lancement-Mon-enfant-grandit-1.png\" data-fancybox data-caption=\"\u00a9Radiot\u00e9l\u00e9vision Burkina \">\n                                    <img decoding=\"async\" data-src=\"https:\/\/edm.ch\/wp-content\/uploads\/2024\/12\/Lancement-Mon-enfant-grandit-1.png\" src=\"data:image\/svg+xml;base64,PHN2ZyB3aWR0aD0iMSIgaGVpZ2h0PSIxIiB4bWxucz0iaHR0cDovL3d3dy53My5vcmcvMjAwMC9zdmciPjwvc3ZnPg==\" class=\"lazyload\" style=\"--smush-placeholder-width: 1920px; --smush-placeholder-aspect-ratio: 1920\/1920;\" data-srcset=\"https:\/\/edm.ch\/wp-content\/uploads\/2024\/12\/Lancement-Mon-enfant-grandit-1.png 1920w, https:\/\/edm.ch\/wp-content\/uploads\/2024\/12\/Lancement-Mon-enfant-grandit-1-300x300.png 300w, https:\/\/edm.ch\/wp-content\/uploads\/2024\/12\/Lancement-Mon-enfant-grandit-1-1024x1024.png 1024w, https:\/\/edm.ch\/wp-content\/uploads\/2024\/12\/Lancement-Mon-enfant-grandit-1-150x150.png 150w, https:\/\/edm.ch\/wp-content\/uploads\/2024\/12\/Lancement-Mon-enfant-grandit-1-768x768.png 768w, https:\/\/edm.ch\/wp-content\/uploads\/2024\/12\/Lancement-Mon-enfant-grandit-1-1536x1536.png 1536w\" data-sizes=\"auto\" data-original-sizes=\"(max-width: 1920px) 100vw, 1920px\" \/>\n                                                                    <\/a>\n                                <figcaption>\u00a9Radiot\u00e9l\u00e9vision Burkina <\/figcaption>\n                            <\/div>\n                                            <\/div>\n                                                    <div class=\"right\">\n                        <div class=\"content\">\n                            <h3>                                Une application pour am\u00e9liorer la sant\u00e9 et le bien-\u00eatre des enfants  <small><\/small>\n                            <\/h3>                                                            <p>Pour accompagner les familles burkinab\u00e9s dans le suivi de la sant\u00e9 et du d\u00e9veloppement des enfants de 0 \u00e0 5 ans, le Minist\u00e8re de la Sant\u00e9 du Burkina Faso en partenariat avec Enfants du Monde ainsi que les ONG IPC-BF et Terre Innovative Healthcare, a d\u00e9velopp\u00e9 <em>Mon enfant grandit<\/em>, une application mobile gratuite. Celle-ci fournit des informations pratiques et fiables bas\u00e9es sur les recommandations nationales et internationales sur le d\u00e9veloppement de l\u2019enfant, incluant des conseils sur l\u2019\u00e9veil, la s\u00e9curit\u00e9, la nutrition, le paludisme ainsi que les soins de sant\u00e9 d\u2019urgence et de routine. Les utilisateurs y trouvent des conseils sur des sujets essentiels comme l\u2019\u00e9veil, la s\u00e9curit\u00e9, la nutrition, la pr\u00e9vention du paludisme, ainsi que les soins de sant\u00e9 d\u2019urgence et de routine. Mon enfant grandit vient compl\u00e9ter l\u2019application Mon b\u00e9b\u00e9 et moi &#8211; premi\u00e8re application lanc\u00e9e dans cette initiative destin\u00e9e aux femmes enceintes et \u00e0 leurs partenaires pour les accompagner tout au long de la grossesse et des premiers mois de vie de l\u2019enfant &#8211; \u00e9largissant ainsi le soutien aux familles tout au long de la petite enfance.<\/p>\n<p>&nbsp;<\/p>\n<p>&nbsp;<\/p>\n                                                                                                            <\/div>\n                    <\/div>\n                            <\/div>\n        <\/div>\n    <\/section>\n\n\n    \n    <section class=\"leftTextRightImg \" style=\"display:\">\n        <div class=\"container\">\n            <div class=\"leftTextRightImgRow\">\n                                    <div class=\"right\">\n                                                    <div class=\"imgBlock\">\n                                <a class=\"figure_block\" href=\"https:\/\/edm.ch\/wp-content\/uploads\/2024\/12\/Lancement-Mon-enfant-grandit.png\" data-fancybox data-caption=\"\u00a9Radiot\u00e9l\u00e9vision Burkina \">\n                                    <img decoding=\"async\" data-src=\"https:\/\/edm.ch\/wp-content\/uploads\/2024\/12\/Lancement-Mon-enfant-grandit.png\" src=\"data:image\/svg+xml;base64,PHN2ZyB3aWR0aD0iMSIgaGVpZ2h0PSIxIiB4bWxucz0iaHR0cDovL3d3dy53My5vcmcvMjAwMC9zdmciPjwvc3ZnPg==\" class=\"lazyload\" style=\"--smush-placeholder-width: 1920px; --smush-placeholder-aspect-ratio: 1920\/1920;\" data-srcset=\"https:\/\/edm.ch\/wp-content\/uploads\/2024\/12\/Lancement-Mon-enfant-grandit.png 1920w, https:\/\/edm.ch\/wp-content\/uploads\/2024\/12\/Lancement-Mon-enfant-grandit-300x300.png 300w, https:\/\/edm.ch\/wp-content\/uploads\/2024\/12\/Lancement-Mon-enfant-grandit-1024x1024.png 1024w, https:\/\/edm.ch\/wp-content\/uploads\/2024\/12\/Lancement-Mon-enfant-grandit-150x150.png 150w, https:\/\/edm.ch\/wp-content\/uploads\/2024\/12\/Lancement-Mon-enfant-grandit-768x768.png 768w, https:\/\/edm.ch\/wp-content\/uploads\/2024\/12\/Lancement-Mon-enfant-grandit-1536x1536.png 1536w\" data-sizes=\"auto\" data-original-sizes=\"(max-width: 1920px) 100vw, 1920px\" \/>\n                                                                    <\/a>\n                                <figcaption>\u00a9Radiot\u00e9l\u00e9vision Burkina <\/figcaption>\n                            <\/div>\n                                            <\/div>\n                                                    <div class=\"left\">\n                        <div class=\"content\">\n                            <h3>                                Le lancement de l\u2019application \u00e0 Ouagadougou <small><\/small>\n                            <\/h3>                                                            <p>Le 28 novembre, Ouagadougou a accueilli la c\u00e9r\u00e9monie de lancement de l\u2019application Mon enfant grandit. Cet \u00e9v\u00e9nement a rassembl\u00e9 des personnalit\u00e9s importantes, dont le Ministre de la Sant\u00e9, la Ministre de la Transition Digitale, des Postes et des Communications \u00c9lectroniques, ainsi que le Secr\u00e9taire G\u00e9n\u00e9ral du Minist\u00e8re de la Sant\u00e9.<\/p>\n<p>La c\u00e9r\u00e9monie a \u00e9t\u00e9 l\u2019occasion de partager les objectifs et l\u2019impact de l\u2019initiative, avec des discours inspirants, des \u00e9changes enrichissants et des interviews des acteurs\u2219trices ayant contribu\u00e9 \u00e0 la mise en place de ce projet.<\/p>\n                                                                                                            <\/div>\n                    <\/div>\n                            <\/div>\n        <\/div>\n    <\/section>\n\n        <section class=\"contentSec\" style=\"display:\">\n        <div class=\"container\">\n            <div class=\"contentBlock\">\n                <h5><\/h5>\n                <p>Le lancement de \u00ab\u00a0Mon enfant grandit\u00a0\u00bb repr\u00e9sente une \u00e9tape cl\u00e9 dans la lutte pour la survie et le bien-\u00eatre des enfants au Burkina Faso. Gr\u00e2ce \u00e0 cette application, les familles et les acteurs\u2219trices de sant\u00e9 disposent d\u00e9sormais d&rsquo;un outil accessible, fiable et adapt\u00e9 pour suivre la sant\u00e9 et le d\u00e9veloppement des enfants de 0 \u00e0 5 ans. En facilitant l&rsquo;acc\u00e8s \u00e0 des informations essentielles, ce projet contribue \u00e0 l&rsquo;autonomisation des familles et au renforcement des bonnes pratiques en mati\u00e8re de sant\u00e9 infantile.<\/p>\n                            <\/div>\n        <\/div>\n    <\/section>\n\n\n        <section class=\" partnerSec\" style=\"display:\">\n        <div class=\"container\">\n            <h2>Partenaires locaux<\/h2>\n            <div class=\"partnerWrap \">\n\n\n                                    \n                        <div class=\"partnerBlock\">\n                            <figure>\n                                                                    <a href=\"https:\/\/www.gouvernement.gov.bf\/accueil\" target=\"_blank\">\n                                        <img decoding=\"async\" data-src=\"https:\/\/edm.ch\/wp-content\/uploads\/2023\/08\/Ministere-sante-BF-logo-1.png\" src=\"data:image\/svg+xml;base64,PHN2ZyB3aWR0aD0iMSIgaGVpZ2h0PSIxIiB4bWxucz0iaHR0cDovL3d3dy53My5vcmcvMjAwMC9zdmciPjwvc3ZnPg==\" class=\"lazyload\" style=\"--smush-placeholder-width: 628px; --smush-placeholder-aspect-ratio: 628\/311;\" data-srcset=\"https:\/\/edm.ch\/wp-content\/uploads\/2023\/08\/Ministere-sante-BF-logo-1.png 628w, https:\/\/edm.ch\/wp-content\/uploads\/2023\/08\/Ministere-sante-BF-logo-1-300x149.png 300w\" data-sizes=\"auto\" data-original-sizes=\"(max-width: 628px) 100vw, 628px\">\n                                    <\/a>\n                                                            <\/figure>\n                        <\/div>\n                        \n                                            \n                        <div class=\"partnerBlock\">\n                            <figure>\n                                                                    <a href=\"http:\/\/ipcbf.org\/%20\" target=\"_blank\">\n                                        <img decoding=\"async\" data-src=\"https:\/\/edm.ch\/wp-content\/uploads\/2024\/11\/IPC.png\" src=\"data:image\/svg+xml;base64,PHN2ZyB3aWR0aD0iMSIgaGVpZ2h0PSIxIiB4bWxucz0iaHR0cDovL3d3dy53My5vcmcvMjAwMC9zdmciPjwvc3ZnPg==\" class=\"lazyload\" style=\"--smush-placeholder-width: 628px; --smush-placeholder-aspect-ratio: 628\/311;\" data-srcset=\"https:\/\/edm.ch\/wp-content\/uploads\/2024\/11\/IPC.png 628w, https:\/\/edm.ch\/wp-content\/uploads\/2024\/11\/IPC-300x149.png 300w\" data-sizes=\"auto\" data-original-sizes=\"(max-width: 628px) 100vw, 628px\">\n                                    <\/a>\n                                                            <\/figure>\n                        <\/div>\n                        \n                                            \n                        <div class=\"partnerBlock\">\n                            <figure>\n                                                                    <a href=\"https:\/\/www.terreinnovative.com\/?lang=fr\" target=\"_blank\">\n                                        <img decoding=\"async\" data-src=\"https:\/\/edm.ch\/wp-content\/uploads\/2024\/11\/Terre-innovative.png\" src=\"data:image\/svg+xml;base64,PHN2ZyB3aWR0aD0iMSIgaGVpZ2h0PSIxIiB4bWxucz0iaHR0cDovL3d3dy53My5vcmcvMjAwMC9zdmciPjwvc3ZnPg==\" class=\"lazyload\" style=\"--smush-placeholder-width: 628px; --smush-placeholder-aspect-ratio: 628\/311;\" data-srcset=\"https:\/\/edm.ch\/wp-content\/uploads\/2024\/11\/Terre-innovative.png 628w, https:\/\/edm.ch\/wp-content\/uploads\/2024\/11\/Terre-innovative-300x149.png 300w\" data-sizes=\"auto\" data-original-sizes=\"(max-width: 628px) 100vw, 628px\">\n                                    <\/a>\n                                                            <\/figure>\n                        <\/div>\n                        \n                                            \n                        <div class=\"partnerBlock\">\n                            <figure>\n                                                                    <a href=\"https:\/\/www.ujkz.bf\/numerique-2eme-camp-dideation-avec-lincubateur-digital-incubuo-de-luniversite-joseph-ki-zerbo\/\" target=\"_blank\">\n                                        <img decoding=\"async\" data-src=\"https:\/\/edm.ch\/wp-content\/uploads\/2024\/11\/Incubuo.png\" src=\"data:image\/svg+xml;base64,PHN2ZyB3aWR0aD0iMSIgaGVpZ2h0PSIxIiB4bWxucz0iaHR0cDovL3d3dy53My5vcmcvMjAwMC9zdmciPjwvc3ZnPg==\" class=\"lazyload\" style=\"--smush-placeholder-width: 628px; --smush-placeholder-aspect-ratio: 628\/311;\" data-srcset=\"https:\/\/edm.ch\/wp-content\/uploads\/2024\/11\/Incubuo.png 628w, https:\/\/edm.ch\/wp-content\/uploads\/2024\/11\/Incubuo-300x149.png 300w\" data-sizes=\"auto\" data-original-sizes=\"(max-width: 628px) 100vw, 628px\">\n                                    <\/a>\n                                                            <\/figure>\n                        <\/div>\n                        \n                                            \n                        <div class=\"partnerBlock\">\n                            <figure>\n                                                                    <a href=\"https:\/\/www.ujkz.bf\/\" target=\"_blank\">\n                                        <img decoding=\"async\" data-src=\"https:\/\/edm.ch\/wp-content\/uploads\/2024\/11\/Logo-Chaine-du-Bonheur-EN-4.png\" src=\"data:image\/svg+xml;base64,PHN2ZyB3aWR0aD0iMSIgaGVpZ2h0PSIxIiB4bWxucz0iaHR0cDovL3d3dy53My5vcmcvMjAwMC9zdmciPjwvc3ZnPg==\" class=\"lazyload\" style=\"--smush-placeholder-width: 628px; --smush-placeholder-aspect-ratio: 628\/311;\" data-srcset=\"https:\/\/edm.ch\/wp-content\/uploads\/2024\/11\/Logo-Chaine-du-Bonheur-EN-4.png 628w, https:\/\/edm.ch\/wp-content\/uploads\/2024\/11\/Logo-Chaine-du-Bonheur-EN-4-300x149.png 300w\" data-sizes=\"auto\" data-original-sizes=\"(max-width: 628px) 100vw, 628px\">\n                                    <\/a>\n                                                            <\/figure>\n                        <\/div>\n                        \n                    \n            <\/div>\n        <\/div>\n    <\/section>","protected":false},"excerpt":{"rendered":"<p>Le 28 novembre, \u00ab\u00a0Mon enfant grandit\u00a0\u00bb a \u00e9t\u00e9 officiellement pr\u00e9sent\u00e9e et lanc\u00e9e \u00e0 Ouagadougou. Cette application mobile gratuite est d\u00e9di\u00e9e \u00e0 la sant\u00e9 et au bien-\u00eatre des enfants de 0 \u00e0 5 ans au Burkina Faso. Elle fournit aux familles des informations essentielles pour accompagner le d\u00e9veloppement de leurs enfants.<\/p>\n","protected":false},"featured_media":33151,"template":"","news-category":[49,63],"news-year":[520],"class_list":["post-33150","news","type-news","status-publish","has-post-thumbnail","hentry","news-category-sante","news-category-burkina-faso","news-year-520"],"acf":[],"yoast_head":"<!-- This site is optimized with the Yoast SEO plugin v26.9 - https:\/\/yoast.com\/product\/yoast-seo-wordpress\/ -->\n<title>Mo enfant grandit application mobile- Enfants du Monde<\/title>\n<meta name=\"description\" content=\"L&#039;application mobile gratuite &quot;Mon enfant grandit&quot; d\u00e9di\u00e9e \u00e0 la sant\u00e9 et au bien-\u00eatre des enfants de 0 \u00e0 5 ans a \u00e9t\u00e9 lanc\u00e9e au Burkina Faso.\" \/>\n<meta name=\"robots\" content=\"index, follow, max-snippet:-1, max-image-preview:large, max-video-preview:-1\" \/>\n<link rel=\"canonical\" href=\"https:\/\/edm.ch\/fr\/news\/lapplication-mon-enfant-grandit-est-disponible\/\" \/>\n<meta property=\"og:locale\" content=\"fr_FR\" \/>\n<meta property=\"og:type\" content=\"article\" \/>\n<meta property=\"og:title\" content=\"Mo enfant grandit application mobile- Enfants du Monde\" \/>\n<meta property=\"og:description\" content=\"L&#039;application mobile gratuite &quot;Mon enfant grandit&quot; d\u00e9di\u00e9e \u00e0 la sant\u00e9 et au bien-\u00eatre des enfants de 0 \u00e0 5 ans a \u00e9t\u00e9 lanc\u00e9e au Burkina Faso.\" \/>\n<meta property=\"og:url\" content=\"https:\/\/edm.ch\/fr\/news\/lapplication-mon-enfant-grandit-est-disponible\/\" \/>\n<meta property=\"og:site_name\" content=\"Enfants du monde\" \/>\n<meta property=\"article:modified_time\" content=\"2025-01-30T08:48:51+00:00\" \/>\n<meta property=\"og:image\" content=\"https:\/\/edm.ch\/wp-content\/uploads\/2024\/11\/Nouveau-site_Banner6-1024x442.png\" \/>\n\t<meta property=\"og:image:width\" content=\"1024\" \/>\n\t<meta property=\"og:image:height\" content=\"442\" \/>\n\t<meta property=\"og:image:type\" content=\"image\/png\" \/>\n<meta name=\"twitter:card\" content=\"summary_large_image\" \/>\n<meta name=\"twitter:label1\" content=\"Est. reading time\" \/>\n\t<meta name=\"twitter:data1\" content=\"1 minute\" \/>\n<script type=\"application\/ld+json\" class=\"yoast-schema-graph\">{\"@context\":\"https:\/\/schema.org\",\"@graph\":[{\"@type\":\"WebPage\",\"@id\":\"https:\/\/edm.ch\/fr\/news\/lapplication-mon-enfant-grandit-est-disponible\/\",\"url\":\"https:\/\/edm.ch\/fr\/news\/lapplication-mon-enfant-grandit-est-disponible\/\",\"name\":\"Mo enfant grandit application mobile- Enfants du Monde\",\"isPartOf\":{\"@id\":\"https:\/\/edm.ch\/en\/#website\"},\"primaryImageOfPage\":{\"@id\":\"https:\/\/edm.ch\/fr\/news\/lapplication-mon-enfant-grandit-est-disponible\/#primaryimage\"},\"image\":{\"@id\":\"https:\/\/edm.ch\/fr\/news\/lapplication-mon-enfant-grandit-est-disponible\/#primaryimage\"},\"thumbnailUrl\":\"https:\/\/edm.ch\/wp-content\/uploads\/2024\/11\/Nouveau-site_Banner6.png\",\"datePublished\":\"2024-12-02T08:00:00+00:00\",\"dateModified\":\"2025-01-30T08:48:51+00:00\",\"description\":\"L'application mobile gratuite \\\"Mon enfant grandit\\\" d\u00e9di\u00e9e \u00e0 la sant\u00e9 et au bien-\u00eatre des enfants de 0 \u00e0 5 ans a \u00e9t\u00e9 lanc\u00e9e au Burkina Faso.\",\"inLanguage\":\"fr-FR\",\"potentialAction\":[{\"@type\":\"ReadAction\",\"target\":[\"https:\/\/edm.ch\/fr\/news\/lapplication-mon-enfant-grandit-est-disponible\/\"]}]},{\"@type\":\"ImageObject\",\"inLanguage\":\"fr-FR\",\"@id\":\"https:\/\/edm.ch\/fr\/news\/lapplication-mon-enfant-grandit-est-disponible\/#primaryimage\",\"url\":\"https:\/\/edm.ch\/wp-content\/uploads\/2024\/11\/Nouveau-site_Banner6.png\",\"contentUrl\":\"https:\/\/edm.ch\/wp-content\/uploads\/2024\/11\/Nouveau-site_Banner6.png\",\"width\":2500,\"height\":1080},{\"@type\":\"WebSite\",\"@id\":\"https:\/\/edm.ch\/en\/#website\",\"url\":\"https:\/\/edm.ch\/en\/\",\"name\":\"Enfants du monde\",\"description\":\"Association suisse\",\"potentialAction\":[{\"@type\":\"SearchAction\",\"target\":{\"@type\":\"EntryPoint\",\"urlTemplate\":\"https:\/\/edm.ch\/en\/?s={search_term_string}\"},\"query-input\":{\"@type\":\"PropertyValueSpecification\",\"valueRequired\":true,\"valueName\":\"search_term_string\"}}],\"inLanguage\":\"fr-FR\"}]}<\/script>\n<!-- \/ Yoast SEO plugin. -->","yoast_head_json":{"title":"Mo enfant grandit application mobile- Enfants du Monde","description":"L'application mobile gratuite \"Mon enfant grandit\" d\u00e9di\u00e9e \u00e0 la sant\u00e9 et au bien-\u00eatre des enfants de 0 \u00e0 5 ans a \u00e9t\u00e9 lanc\u00e9e au Burkina Faso.","robots":{"index":"index","follow":"follow","max-snippet":"max-snippet:-1","max-image-preview":"max-image-preview:large","max-video-preview":"max-video-preview:-1"},"canonical":"https:\/\/edm.ch\/fr\/news\/lapplication-mon-enfant-grandit-est-disponible\/","og_locale":"fr_FR","og_type":"article","og_title":"Mo enfant grandit application mobile- Enfants du Monde","og_description":"L'application mobile gratuite \"Mon enfant grandit\" d\u00e9di\u00e9e \u00e0 la sant\u00e9 et au bien-\u00eatre des enfants de 0 \u00e0 5 ans a \u00e9t\u00e9 lanc\u00e9e au Burkina Faso.","og_url":"https:\/\/edm.ch\/fr\/news\/lapplication-mon-enfant-grandit-est-disponible\/","og_site_name":"Enfants du monde","article_modified_time":"2025-01-30T08:48:51+00:00","og_image":[{"width":1024,"height":442,"url":"https:\/\/edm.ch\/wp-content\/uploads\/2024\/11\/Nouveau-site_Banner6-1024x442.png","type":"image\/png"}],"twitter_card":"summary_large_image","twitter_misc":{"Est. reading time":"1 minute"},"schema":{"@context":"https:\/\/schema.org","@graph":[{"@type":"WebPage","@id":"https:\/\/edm.ch\/fr\/news\/lapplication-mon-enfant-grandit-est-disponible\/","url":"https:\/\/edm.ch\/fr\/news\/lapplication-mon-enfant-grandit-est-disponible\/","name":"Mo enfant grandit application mobile- Enfants du Monde","isPartOf":{"@id":"https:\/\/edm.ch\/en\/#website"},"primaryImageOfPage":{"@id":"https:\/\/edm.ch\/fr\/news\/lapplication-mon-enfant-grandit-est-disponible\/#primaryimage"},"image":{"@id":"https:\/\/edm.ch\/fr\/news\/lapplication-mon-enfant-grandit-est-disponible\/#primaryimage"},"thumbnailUrl":"https:\/\/edm.ch\/wp-content\/uploads\/2024\/11\/Nouveau-site_Banner6.png","datePublished":"2024-12-02T08:00:00+00:00","dateModified":"2025-01-30T08:48:51+00:00","description":"L'application mobile gratuite \"Mon enfant grandit\" d\u00e9di\u00e9e \u00e0 la sant\u00e9 et au bien-\u00eatre des enfants de 0 \u00e0 5 ans a \u00e9t\u00e9 lanc\u00e9e au Burkina Faso.","inLanguage":"fr-FR","potentialAction":[{"@type":"ReadAction","target":["https:\/\/edm.ch\/fr\/news\/lapplication-mon-enfant-grandit-est-disponible\/"]}]},{"@type":"ImageObject","inLanguage":"fr-FR","@id":"https:\/\/edm.ch\/fr\/news\/lapplication-mon-enfant-grandit-est-disponible\/#primaryimage","url":"https:\/\/edm.ch\/wp-content\/uploads\/2024\/11\/Nouveau-site_Banner6.png","contentUrl":"https:\/\/edm.ch\/wp-content\/uploads\/2024\/11\/Nouveau-site_Banner6.png","width":2500,"height":1080},{"@type":"WebSite","@id":"https:\/\/edm.ch\/en\/#website","url":"https:\/\/edm.ch\/en\/","name":"Enfants du monde","description":"Association suisse","potentialAction":[{"@type":"SearchAction","target":{"@type":"EntryPoint","urlTemplate":"https:\/\/edm.ch\/en\/?s={search_term_string}"},"query-input":{"@type":"PropertyValueSpecification","valueRequired":true,"valueName":"search_term_string"}}],"inLanguage":"fr-FR"}]}},"_links":{"self":[{"href":"https:\/\/edm.ch\/fr\/wp-json\/wp\/v2\/news\/33150","targetHints":{"allow":["GET"]}}],"collection":[{"href":"https:\/\/edm.ch\/fr\/wp-json\/wp\/v2\/news"}],"about":[{"href":"https:\/\/edm.ch\/fr\/wp-json\/wp\/v2\/types\/news"}],"wp:featuredmedia":[{"embeddable":true,"href":"https:\/\/edm.ch\/fr\/wp-json\/wp\/v2\/media\/33151"}],"wp:attachment":[{"href":"https:\/\/edm.ch\/fr\/wp-json\/wp\/v2\/media?parent=33150"}],"wp:term":[{"taxonomy":"news-category","embeddable":true,"href":"https:\/\/edm.ch\/fr\/wp-json\/wp\/v2\/news-category?post=33150"},{"taxonomy":"news-year","embeddable":true,"href":"https:\/\/edm.ch\/fr\/wp-json\/wp\/v2\/news-year?post=33150"}],"curies":[{"name":"wp","href":"https:\/\/api.w.org\/{rel}","templated":true}]}}