{"id":32639,"date":"2024-10-11T06:36:23","date_gmt":"2024-10-11T06:36:23","guid":{"rendered":"https:\/\/edm.ch\/?post_type=news&#038;p=32639"},"modified":"2024-10-11T07:12:01","modified_gmt":"2024-10-11T07:12:01","slug":"lunchtalk-2024","status":"publish","type":"news","link":"https:\/\/edm.ch\/fr\/news\/lunchtalk-2024\/","title":{"rendered":"Lunch Talk : \u00ab L\u2019analyse fine des besoins locaux, cl\u00e9 de la r\u00e9ussite des projets : exemples du terrain \u00bb"},"content":{"rendered":"<section class=\"subpageBanner\" style=\"display:\">\n    <div class=\"subpageBannerBlock figure_block\">\n        <img decoding=\"async\" data-src=\"https:\/\/edm.ch\/wp-content\/uploads\/2024\/10\/Enfants_du_Monde_banner_lunchtalk.png\" src=\"data:image\/svg+xml;base64,PHN2ZyB3aWR0aD0iMSIgaGVpZ2h0PSIxIiB4bWxucz0iaHR0cDovL3d3dy53My5vcmcvMjAwMC9zdmciPjwvc3ZnPg==\" class=\"lazyload\" style=\"--smush-placeholder-width: 2500px; --smush-placeholder-aspect-ratio: 2500\/1080;\" data-srcset=\"https:\/\/edm.ch\/wp-content\/uploads\/2024\/10\/Enfants_du_Monde_banner_lunchtalk.png 2500w, https:\/\/edm.ch\/wp-content\/uploads\/2024\/10\/Enfants_du_Monde_banner_lunchtalk-300x130.png 300w, https:\/\/edm.ch\/wp-content\/uploads\/2024\/10\/Enfants_du_Monde_banner_lunchtalk-1024x442.png 1024w, https:\/\/edm.ch\/wp-content\/uploads\/2024\/10\/Enfants_du_Monde_banner_lunchtalk-768x332.png 768w, https:\/\/edm.ch\/wp-content\/uploads\/2024\/10\/Enfants_du_Monde_banner_lunchtalk-1536x664.png 1536w, https:\/\/edm.ch\/wp-content\/uploads\/2024\/10\/Enfants_du_Monde_banner_lunchtalk-2048x885.png 2048w\" data-sizes=\"auto\" data-original-sizes=\"(max-width: 2500px) 100vw, 2500px\" \/>\n        <div class=\"subpageBannerWrap\">\n            <div class=\"container\">\n                <div class=\"content\">\n                    <div>\n                        <span class=\"bannerHead\">Lunch Talk : \u00ab L\u2019analyse fine des besoins locaux, cl\u00e9 de la r\u00e9ussite des projets : exemples du terrain \u00bb<\/span>\n                        <h1><\/h1>\n                    <\/div>\n                                    <\/div>\n            <\/div>\n        <\/div>\n            <\/div>\n<\/section>\n<script type=\"text\/javascript\">\n    jQuery(document).ready(function ($) {\n        \/\/ Check if the block exists\n        var bannerSection = $('#subpage-banner-section');\n\n        if (bannerSection.length > 0) {\n            \/\/ Move the block to the end of <main> just before the footer\n            $('main').append(bannerSection); \/\/ This will append it inside the <main> tag\n        }\n\n        $('.documentAccordion').on('click', function (e) {\n            e.preventDefault();  \/\/ Prevent default link action\n\n            \/\/ Target the section with the given ID\n            $('html, body').animate({\n                scrollTop: $('#subpage-banner-section').offset().top - 200\n            }, 1000);\n        });\n    });\n<\/script>\n\n        <section class=\"contentSec\" style=\"display:\">\n        <div class=\"container\">\n            <div class=\"contentBlock\">\n                <h5><\/h5>\n                <p>Retrouvez-nous le jeudi 7 novembre pour un lunchtalk sur le th\u00e8me : <strong>\u00ab L\u2019analyse fine des besoins locaux, cl\u00e9 de la r\u00e9ussite des projets : exemples du terrain \u00bb.<\/strong><\/p>\n                            <\/div>\n        <\/div>\n    <\/section>\n\n\n    \n    <section class=\"rightTextLeftImg \" style=\"display:\">\n        <div class=\"container\">\n            <div class=\"rightTextLeftImgRow\">\n                                    <div class=\"left\">\n                                                    <div class=\"imgBlock\">\n                                <a class=\"figure_block\" href=\"https:\/\/edm.ch\/wp-content\/uploads\/2024\/08\/2-3.png\" data-fancybox data-caption=\"\">\n                                    <img decoding=\"async\" data-src=\"https:\/\/edm.ch\/wp-content\/uploads\/2024\/08\/2-3.png\" src=\"data:image\/svg+xml;base64,PHN2ZyB3aWR0aD0iMSIgaGVpZ2h0PSIxIiB4bWxucz0iaHR0cDovL3d3dy53My5vcmcvMjAwMC9zdmciPjwvc3ZnPg==\" class=\"lazyload\" style=\"--smush-placeholder-width: 1920px; --smush-placeholder-aspect-ratio: 1920\/1920;\" data-srcset=\"https:\/\/edm.ch\/wp-content\/uploads\/2024\/08\/2-3.png 1920w, https:\/\/edm.ch\/wp-content\/uploads\/2024\/08\/2-3-300x300.png 300w, https:\/\/edm.ch\/wp-content\/uploads\/2024\/08\/2-3-1024x1024.png 1024w, https:\/\/edm.ch\/wp-content\/uploads\/2024\/08\/2-3-150x150.png 150w, https:\/\/edm.ch\/wp-content\/uploads\/2024\/08\/2-3-768x768.png 768w, https:\/\/edm.ch\/wp-content\/uploads\/2024\/08\/2-3-1536x1536.png 1536w\" data-sizes=\"auto\" data-original-sizes=\"(max-width: 1920px) 100vw, 1920px\" \/>\n                                                                    <\/a>\n                                <figcaption><\/figcaption>\n                            <\/div>\n                                            <\/div>\n                                                    <div class=\"right\">\n                        <div class=\"content\">\n                                                             <small><\/small>\n                                                                                        <p>D\u00e9couvrez<strong> gr\u00e2ce \u00e0 nos collaborateurs\u00b7trices du Tchad, du Guatemala, du Burkina Faso et du Bangladesh, pr\u00e9sent\u00b7es exceptionnellement \u00e0 Gen\u00e8ve,<\/strong> comment la compr\u00e9hension en profondeur du contexte et des besoins locaux assure l\u2019adh\u00e9sion des populations et le succ\u00e8s de nos projets. Les th\u00e8mes abord\u00e9s seront les suivants :<\/p>\n<ul>\n<li><span data-contrast=\"auto\"><strong>Tchad :<\/strong> int\u00e9gration de la culture et des langues locales dans l\u2019enseignement primaire\u00a0 <\/span><\/li>\n<li><span data-contrast=\"auto\"><strong>Guatemala :<\/strong> engagement des parents et enseignant\u00b7es contre la violence scolaire\u00a0 <\/span><\/li>\n<li><span data-contrast=\"auto\"><strong>Burkina Faso :<\/strong> participation des futures et jeunes mamans dans la pr\u00e9vention des risques de sant\u00e9\u00a0 <\/span><\/li>\n<li><span data-contrast=\"auto\"><strong>Bangladesh :<\/strong> implication communautaire face aux d\u00e9fis sanitaires li\u00e9s aux changements climatiques <\/span><span data-ccp-props=\"{}\">\u00a0<\/span><\/li>\n<\/ul>\n<p>&nbsp;<\/p>\n                                                                                                            <\/div>\n                    <\/div>\n                            <\/div>\n        <\/div>\n    <\/section>\n\n\n    \n    <section class=\"leftTextRightImg \" style=\"display:\">\n        <div class=\"container\">\n            <div class=\"leftTextRightImgRow\">\n                                    <div class=\"right\">\n                                                    <div class=\"imgBlock\">\n                                <a class=\"figure_block\" href=\"https:\/\/edm.ch\/wp-content\/uploads\/2024\/10\/Enfants_du_Monde_lunchtalk_narmin.png\" data-fancybox data-caption=\"\">\n                                    <img decoding=\"async\" data-src=\"https:\/\/edm.ch\/wp-content\/uploads\/2024\/10\/Enfants_du_Monde_lunchtalk_narmin.png\" src=\"data:image\/svg+xml;base64,PHN2ZyB3aWR0aD0iMSIgaGVpZ2h0PSIxIiB4bWxucz0iaHR0cDovL3d3dy53My5vcmcvMjAwMC9zdmciPjwvc3ZnPg==\" class=\"lazyload\" style=\"--smush-placeholder-width: 1920px; --smush-placeholder-aspect-ratio: 1920\/1920;\" data-srcset=\"https:\/\/edm.ch\/wp-content\/uploads\/2024\/10\/Enfants_du_Monde_lunchtalk_narmin.png 1920w, https:\/\/edm.ch\/wp-content\/uploads\/2024\/10\/Enfants_du_Monde_lunchtalk_narmin-300x300.png 300w, https:\/\/edm.ch\/wp-content\/uploads\/2024\/10\/Enfants_du_Monde_lunchtalk_narmin-1024x1024.png 1024w, https:\/\/edm.ch\/wp-content\/uploads\/2024\/10\/Enfants_du_Monde_lunchtalk_narmin-150x150.png 150w, https:\/\/edm.ch\/wp-content\/uploads\/2024\/10\/Enfants_du_Monde_lunchtalk_narmin-768x768.png 768w, https:\/\/edm.ch\/wp-content\/uploads\/2024\/10\/Enfants_du_Monde_lunchtalk_narmin-1536x1536.png 1536w\" data-sizes=\"auto\" data-original-sizes=\"(max-width: 1920px) 100vw, 1920px\" \/>\n                                                                    <\/a>\n                                <figcaption><\/figcaption>\n                            <\/div>\n                                            <\/div>\n                                                    <div class=\"left\">\n                        <div class=\"content\">\n                            <h2>                                Programme (\u00e9v\u00e8nement gratuit) <small><\/small>\n                            <\/h2>                                                            <ul>\n<li>12h15-12h30 : Accueil et collation<\/li>\n<li>12h30-13h10 : Lunch Talk<\/li>\n<li>13h10-13h30 : \u00c9changes avec le public<\/li>\n<li>13h30-14h : Les \u00e9changes continuent autour d\u2019un caf\u00e9<\/li>\n<\/ul>\n<p><strong>O\u00f9 ?<\/strong> Rue de Varemb\u00e9 1, 1202 Gen\u00e8ve (pas de rediffusion en ligne)<br \/>\n<strong>Acc\u00e8s :<\/strong> Tram 15 &#8211; Arr\u00eat Nations \/ Bus 5, 20 et 60 &#8211; Arr\u00eat Varemb\u00e9<br \/>\n<strong>Parking :<\/strong> Parking des Nations<\/p>\n<p>Pour vous inscrire, cliquez sur le lien ci-dessous<strong> (jusqu&rsquo;au 31 octobre) <\/strong>:<\/p>\n                                                                                        <a href=\"https:\/\/edm.ch\/fr\/lunchtalk2024\/\" class=\"btnBlue\">S&#039;inscrire<\/a>\n                                                                                <\/div>\n                    <\/div>\n                            <\/div>\n        <\/div>\n    <\/section>","protected":false},"excerpt":{"rendered":"<p>Rejoignez-nous \u00e0 notre Lunch Talk le 7 novembre \u00e0 Gen\u00e8ve ! Nos coll\u00e8gues du Tchad, du Guatemala, du Burkina Faso et du Bangladesh partageront sur la mani\u00e8re dont nous analysons les besoins des populations locales dans nos projets.<\/p>\n","protected":false},"featured_media":32644,"template":"","news-category":[49,57,63,186,258,263,269,271,272,273],"news-year":[520],"class_list":["post-32639","news","type-news","status-publish","has-post-thumbnail","hentry","news-category-sante","news-category-education","news-category-burkina-faso","news-category-suisse","news-category-bangladesh","news-category-guatemala","news-category-tchad","news-category-afrique","news-category-amerique-latine","news-category-asie","news-year-520"],"acf":[],"yoast_head":"<!-- This site is optimized with the Yoast SEO plugin v26.9 - https:\/\/yoast.com\/product\/yoast-seo-wordpress\/ -->\n<title>Lunch Talk : \u00ab L\u2019analyse fine des besoins locaux, cl\u00e9 de la r\u00e9ussite des projets : exemples du terrain \u00bb - Enfants du monde<\/title>\n<meta name=\"robots\" content=\"index, follow, max-snippet:-1, max-image-preview:large, max-video-preview:-1\" \/>\n<link rel=\"canonical\" href=\"https:\/\/edm.ch\/fr\/news\/lunchtalk-2024\/\" \/>\n<meta property=\"og:locale\" content=\"fr_FR\" \/>\n<meta property=\"og:type\" content=\"article\" \/>\n<meta property=\"og:title\" content=\"Lunch Talk : \u00ab L\u2019analyse fine des besoins locaux, cl\u00e9 de la r\u00e9ussite des projets : exemples du terrain \u00bb - Enfants du monde\" \/>\n<meta property=\"og:description\" content=\"Rejoignez-nous \u00e0 notre Lunch Talk le 7 novembre \u00e0 Gen\u00e8ve ! Nos coll\u00e8gues du Tchad, du Guatemala, du Burkina Faso et du Bangladesh partageront sur la mani\u00e8re dont nous analysons les besoins des populations locales dans nos projets.\" \/>\n<meta property=\"og:url\" content=\"https:\/\/edm.ch\/fr\/news\/lunchtalk-2024\/\" \/>\n<meta property=\"og:site_name\" content=\"Enfants du monde\" \/>\n<meta property=\"article:modified_time\" content=\"2024-10-11T07:12:01+00:00\" \/>\n<meta property=\"og:image\" content=\"https:\/\/edm.ch\/wp-content\/uploads\/2024\/10\/Enfants_du_Monde_lunchtalk_burkina_faso-1024x1024.png\" \/>\n\t<meta property=\"og:image:width\" content=\"1024\" \/>\n\t<meta property=\"og:image:height\" content=\"1024\" \/>\n\t<meta property=\"og:image:type\" content=\"image\/png\" \/>\n<meta name=\"twitter:card\" content=\"summary_large_image\" \/>\n<meta name=\"twitter:label1\" content=\"Est. reading time\" \/>\n\t<meta name=\"twitter:data1\" content=\"1 minute\" \/>\n<script type=\"application\/ld+json\" class=\"yoast-schema-graph\">{\"@context\":\"https:\/\/schema.org\",\"@graph\":[{\"@type\":\"WebPage\",\"@id\":\"https:\/\/edm.ch\/fr\/news\/lunchtalk-2024\/\",\"url\":\"https:\/\/edm.ch\/fr\/news\/lunchtalk-2024\/\",\"name\":\"Lunch Talk : \u00ab L\u2019analyse fine des besoins locaux, cl\u00e9 de la r\u00e9ussite des projets : exemples du terrain \u00bb - Enfants du monde\",\"isPartOf\":{\"@id\":\"https:\/\/edm.ch\/en\/#website\"},\"primaryImageOfPage\":{\"@id\":\"https:\/\/edm.ch\/fr\/news\/lunchtalk-2024\/#primaryimage\"},\"image\":{\"@id\":\"https:\/\/edm.ch\/fr\/news\/lunchtalk-2024\/#primaryimage\"},\"thumbnailUrl\":\"https:\/\/edm.ch\/wp-content\/uploads\/2024\/10\/Enfants_du_Monde_lunchtalk_burkina_faso.png\",\"datePublished\":\"2024-10-11T06:36:23+00:00\",\"dateModified\":\"2024-10-11T07:12:01+00:00\",\"inLanguage\":\"fr-FR\",\"potentialAction\":[{\"@type\":\"ReadAction\",\"target\":[\"https:\/\/edm.ch\/fr\/news\/lunchtalk-2024\/\"]}]},{\"@type\":\"ImageObject\",\"inLanguage\":\"fr-FR\",\"@id\":\"https:\/\/edm.ch\/fr\/news\/lunchtalk-2024\/#primaryimage\",\"url\":\"https:\/\/edm.ch\/wp-content\/uploads\/2024\/10\/Enfants_du_Monde_lunchtalk_burkina_faso.png\",\"contentUrl\":\"https:\/\/edm.ch\/wp-content\/uploads\/2024\/10\/Enfants_du_Monde_lunchtalk_burkina_faso.png\",\"width\":1920,\"height\":1920},{\"@type\":\"WebSite\",\"@id\":\"https:\/\/edm.ch\/en\/#website\",\"url\":\"https:\/\/edm.ch\/en\/\",\"name\":\"Enfants du monde\",\"description\":\"Association suisse\",\"potentialAction\":[{\"@type\":\"SearchAction\",\"target\":{\"@type\":\"EntryPoint\",\"urlTemplate\":\"https:\/\/edm.ch\/en\/?s={search_term_string}\"},\"query-input\":{\"@type\":\"PropertyValueSpecification\",\"valueRequired\":true,\"valueName\":\"search_term_string\"}}],\"inLanguage\":\"fr-FR\"}]}<\/script>\n<!-- \/ Yoast SEO plugin. -->","yoast_head_json":{"title":"Lunch Talk : \u00ab L\u2019analyse fine des besoins locaux, cl\u00e9 de la r\u00e9ussite des projets : exemples du terrain \u00bb - Enfants du monde","robots":{"index":"index","follow":"follow","max-snippet":"max-snippet:-1","max-image-preview":"max-image-preview:large","max-video-preview":"max-video-preview:-1"},"canonical":"https:\/\/edm.ch\/fr\/news\/lunchtalk-2024\/","og_locale":"fr_FR","og_type":"article","og_title":"Lunch Talk : \u00ab L\u2019analyse fine des besoins locaux, cl\u00e9 de la r\u00e9ussite des projets : exemples du terrain \u00bb - Enfants du monde","og_description":"Rejoignez-nous \u00e0 notre Lunch Talk le 7 novembre \u00e0 Gen\u00e8ve ! Nos coll\u00e8gues du Tchad, du Guatemala, du Burkina Faso et du Bangladesh partageront sur la mani\u00e8re dont nous analysons les besoins des populations locales dans nos projets.","og_url":"https:\/\/edm.ch\/fr\/news\/lunchtalk-2024\/","og_site_name":"Enfants du monde","article_modified_time":"2024-10-11T07:12:01+00:00","og_image":[{"width":1024,"height":1024,"url":"https:\/\/edm.ch\/wp-content\/uploads\/2024\/10\/Enfants_du_Monde_lunchtalk_burkina_faso-1024x1024.png","type":"image\/png"}],"twitter_card":"summary_large_image","twitter_misc":{"Est. reading time":"1 minute"},"schema":{"@context":"https:\/\/schema.org","@graph":[{"@type":"WebPage","@id":"https:\/\/edm.ch\/fr\/news\/lunchtalk-2024\/","url":"https:\/\/edm.ch\/fr\/news\/lunchtalk-2024\/","name":"Lunch Talk : \u00ab L\u2019analyse fine des besoins locaux, cl\u00e9 de la r\u00e9ussite des projets : exemples du terrain \u00bb - Enfants du monde","isPartOf":{"@id":"https:\/\/edm.ch\/en\/#website"},"primaryImageOfPage":{"@id":"https:\/\/edm.ch\/fr\/news\/lunchtalk-2024\/#primaryimage"},"image":{"@id":"https:\/\/edm.ch\/fr\/news\/lunchtalk-2024\/#primaryimage"},"thumbnailUrl":"https:\/\/edm.ch\/wp-content\/uploads\/2024\/10\/Enfants_du_Monde_lunchtalk_burkina_faso.png","datePublished":"2024-10-11T06:36:23+00:00","dateModified":"2024-10-11T07:12:01+00:00","inLanguage":"fr-FR","potentialAction":[{"@type":"ReadAction","target":["https:\/\/edm.ch\/fr\/news\/lunchtalk-2024\/"]}]},{"@type":"ImageObject","inLanguage":"fr-FR","@id":"https:\/\/edm.ch\/fr\/news\/lunchtalk-2024\/#primaryimage","url":"https:\/\/edm.ch\/wp-content\/uploads\/2024\/10\/Enfants_du_Monde_lunchtalk_burkina_faso.png","contentUrl":"https:\/\/edm.ch\/wp-content\/uploads\/2024\/10\/Enfants_du_Monde_lunchtalk_burkina_faso.png","width":1920,"height":1920},{"@type":"WebSite","@id":"https:\/\/edm.ch\/en\/#website","url":"https:\/\/edm.ch\/en\/","name":"Enfants du monde","description":"Association suisse","potentialAction":[{"@type":"SearchAction","target":{"@type":"EntryPoint","urlTemplate":"https:\/\/edm.ch\/en\/?s={search_term_string}"},"query-input":{"@type":"PropertyValueSpecification","valueRequired":true,"valueName":"search_term_string"}}],"inLanguage":"fr-FR"}]}},"_links":{"self":[{"href":"https:\/\/edm.ch\/fr\/wp-json\/wp\/v2\/news\/32639","targetHints":{"allow":["GET"]}}],"collection":[{"href":"https:\/\/edm.ch\/fr\/wp-json\/wp\/v2\/news"}],"about":[{"href":"https:\/\/edm.ch\/fr\/wp-json\/wp\/v2\/types\/news"}],"wp:featuredmedia":[{"embeddable":true,"href":"https:\/\/edm.ch\/fr\/wp-json\/wp\/v2\/media\/32644"}],"wp:attachment":[{"href":"https:\/\/edm.ch\/fr\/wp-json\/wp\/v2\/media?parent=32639"}],"wp:term":[{"taxonomy":"news-category","embeddable":true,"href":"https:\/\/edm.ch\/fr\/wp-json\/wp\/v2\/news-category?post=32639"},{"taxonomy":"news-year","embeddable":true,"href":"https:\/\/edm.ch\/fr\/wp-json\/wp\/v2\/news-year?post=32639"}],"curies":[{"name":"wp","href":"https:\/\/api.w.org\/{rel}","templated":true}]}}