{"id":29745,"date":"2024-01-24T07:50:54","date_gmt":"2024-01-24T07:50:54","guid":{"rendered":"https:\/\/edm.ch\/?post_type=news&#038;p=29745"},"modified":"2025-12-05T09:35:52","modified_gmt":"2025-12-05T09:35:52","slug":"journee-education-urgence-burkina-faso","status":"publish","type":"news","link":"https:\/\/edm.ch\/fr\/news\/journee-education-urgence-burkina-faso\/","title":{"rendered":"Journ\u00e9e internationale de l\u2019\u00e9ducation: l\u2019urgence au Burkina Faso"},"content":{"rendered":"<section class=\"subpageBanner\" style=\"display:\">\n    <div class=\"subpageBannerBlock figure_block\">\n        <img decoding=\"async\" data-src=\"https:\/\/edm.ch\/wp-content\/uploads\/2023\/08\/Enfants_du_monde_website_image_banner_urgence_burkina.png\" src=\"data:image\/svg+xml;base64,PHN2ZyB3aWR0aD0iMSIgaGVpZ2h0PSIxIiB4bWxucz0iaHR0cDovL3d3dy53My5vcmcvMjAwMC9zdmciPjwvc3ZnPg==\" class=\"lazyload\" style=\"--smush-placeholder-width: 2500px; --smush-placeholder-aspect-ratio: 2500\/800;\" data-srcset=\"https:\/\/edm.ch\/wp-content\/uploads\/2023\/08\/Enfants_du_monde_website_image_banner_urgence_burkina.png 2500w, https:\/\/edm.ch\/wp-content\/uploads\/2023\/08\/Enfants_du_monde_website_image_banner_urgence_burkina-300x96.png 300w, https:\/\/edm.ch\/wp-content\/uploads\/2023\/08\/Enfants_du_monde_website_image_banner_urgence_burkina-1024x328.png 1024w, https:\/\/edm.ch\/wp-content\/uploads\/2023\/08\/Enfants_du_monde_website_image_banner_urgence_burkina-768x246.png 768w, https:\/\/edm.ch\/wp-content\/uploads\/2023\/08\/Enfants_du_monde_website_image_banner_urgence_burkina-1536x492.png 1536w, https:\/\/edm.ch\/wp-content\/uploads\/2023\/08\/Enfants_du_monde_website_image_banner_urgence_burkina-2048x655.png 2048w\" data-sizes=\"auto\" data-original-sizes=\"(max-width: 2500px) 100vw, 2500px\" \/>\n        <div class=\"subpageBannerWrap\">\n            <div class=\"container\">\n                <div class=\"content\">\n                    <div>\n                        <span class=\"bannerHead\">Journ\u00e9e internationale de l\u2019\u00e9ducation : l\u2019urgence au Burkina Faso<\/span>\n                        <h1><\/h1>\n                    <\/div>\n                                    <\/div>\n            <\/div>\n        <\/div>\n            <\/div>\n<\/section>\n<script type=\"text\/javascript\">\n    jQuery(document).ready(function ($) {\n        \/\/ Check if the block exists\n        var bannerSection = $('#subpage-banner-section');\n\n        if (bannerSection.length > 0) {\n            \/\/ Move the block to the end of <main> just before the footer\n            $('main').append(bannerSection); \/\/ This will append it inside the <main> tag\n        }\n\n        $('.documentAccordion').on('click', function (e) {\n            e.preventDefault();  \/\/ Prevent default link action\n\n            \/\/ Target the section with the given ID\n            $('html, body').animate({\n                scrollTop: $('#subpage-banner-section').offset().top - 200\n            }, 1000);\n        });\n    });\n<\/script>\n\n        <section class=\"contentSec\" style=\"display:\">\n        <div class=\"container\">\n            <div class=\"contentBlock\">\n                <h5><\/h5>\n                <p>Attaques et d\u00e9placements massifs de population dus \u00e0 l\u2019ins\u00e9curit\u00e9, dont des milliers d\u2019enfants :<strong> tel est le quotidien des familles au Burkina Faso<\/strong> depuis 2016. Focus sur cette situation dramatique et sur les projets que nous menons dans le pays pour que les enfants aient acc\u00e8s \u00e0 un meilleur avenir<strong> \u00e0 l\u2019occasion de la Journ\u00e9e internationale de l\u2019\u00e9ducation<\/strong> le 24 janvier.<\/p>\n                            <\/div>\n        <\/div>\n    <\/section>\n\n\n    \n    <section class=\"quoteImage rightTextLeftImg blueBkg\" style=\"display:\">\n        <div class=\"container\">\n            <div class=\"rightTextLeftImgRow\">\n                                    <div class=\"left\">\n                                                    <div class=\"imgBlock\">\n                                <a class=\"figure_block\" href=\"https:\/\/edm.ch\/wp-content\/uploads\/2023\/08\/Enfants_du_monde_website_image_salfo_burkina_faso.png\" data-fancybox data-caption=\"\">\n                                    <img decoding=\"async\" data-src=\"https:\/\/edm.ch\/wp-content\/uploads\/2023\/08\/Enfants_du_monde_website_image_salfo_burkina_faso.png\" src=\"data:image\/svg+xml;base64,PHN2ZyB3aWR0aD0iMSIgaGVpZ2h0PSIxIiB4bWxucz0iaHR0cDovL3d3dy53My5vcmcvMjAwMC9zdmciPjwvc3ZnPg==\" class=\"lazyload\" style=\"--smush-placeholder-width: 1920px; --smush-placeholder-aspect-ratio: 1920\/1920;\" data-srcset=\"https:\/\/edm.ch\/wp-content\/uploads\/2023\/08\/Enfants_du_monde_website_image_salfo_burkina_faso.png 1920w, https:\/\/edm.ch\/wp-content\/uploads\/2023\/08\/Enfants_du_monde_website_image_salfo_burkina_faso-300x300.png 300w, https:\/\/edm.ch\/wp-content\/uploads\/2023\/08\/Enfants_du_monde_website_image_salfo_burkina_faso-1024x1024.png 1024w, https:\/\/edm.ch\/wp-content\/uploads\/2023\/08\/Enfants_du_monde_website_image_salfo_burkina_faso-150x150.png 150w, https:\/\/edm.ch\/wp-content\/uploads\/2023\/08\/Enfants_du_monde_website_image_salfo_burkina_faso-768x768.png 768w, https:\/\/edm.ch\/wp-content\/uploads\/2023\/08\/Enfants_du_monde_website_image_salfo_burkina_faso-1536x1536.png 1536w\" data-sizes=\"auto\" data-original-sizes=\"(max-width: 1920px) 100vw, 1920px\" \/>\n                                                                    <\/a>\n                                <figcaption><\/figcaption>\n                            <\/div>\n                                            <\/div>\n                                                    <div class=\"right\">\n                        <div class=\"content\">\n                            <h2>                                Salfo, 10 ans <small>d\u00e9plac\u00e9 avec sa famille, Burkina Faso<\/small>\n                            <\/h2>                            <div class=\"quote\">                                <p>L\u2019\u00e9cole a ferm\u00e9 dans mon village \u00e0 cause des attaques. Dans cette \u00e9cole ici je suis heureux d\u2019\u00eatre en classe et je n\u2019ai plus peur.<\/p>\n                            <\/div>                                                                                <\/div>\n                    <\/div>\n                            <\/div>\n        <\/div>\n    <\/section>\n\n\n    \n    <section class=\"leftTextRightImg \" style=\"display:\">\n        <div class=\"container\">\n            <div class=\"leftTextRightImgRow\">\n                                    <div class=\"right\">\n                                                    <div class=\"imgBlock\">\n                                <a class=\"figure_block\" href=\"https:\/\/edm.ch\/wp-content\/uploads\/2024\/01\/Enfants_du_Monde_PARMI-Nord_burkina_faso_apercu.png\" data-fancybox data-caption=\"\">\n                                    <img decoding=\"async\" data-src=\"https:\/\/edm.ch\/wp-content\/uploads\/2024\/01\/Enfants_du_Monde_PARMI-Nord_burkina_faso_apercu.png\" src=\"data:image\/svg+xml;base64,PHN2ZyB3aWR0aD0iMSIgaGVpZ2h0PSIxIiB4bWxucz0iaHR0cDovL3d3dy53My5vcmcvMjAwMC9zdmciPjwvc3ZnPg==\" class=\"lazyload\" style=\"--smush-placeholder-width: 1920px; --smush-placeholder-aspect-ratio: 1920\/1920;\" data-srcset=\"https:\/\/edm.ch\/wp-content\/uploads\/2024\/01\/Enfants_du_Monde_PARMI-Nord_burkina_faso_apercu.png 1920w, https:\/\/edm.ch\/wp-content\/uploads\/2024\/01\/Enfants_du_Monde_PARMI-Nord_burkina_faso_apercu-300x300.png 300w, https:\/\/edm.ch\/wp-content\/uploads\/2024\/01\/Enfants_du_Monde_PARMI-Nord_burkina_faso_apercu-1024x1024.png 1024w, https:\/\/edm.ch\/wp-content\/uploads\/2024\/01\/Enfants_du_Monde_PARMI-Nord_burkina_faso_apercu-150x150.png 150w, https:\/\/edm.ch\/wp-content\/uploads\/2024\/01\/Enfants_du_Monde_PARMI-Nord_burkina_faso_apercu-768x768.png 768w, https:\/\/edm.ch\/wp-content\/uploads\/2024\/01\/Enfants_du_Monde_PARMI-Nord_burkina_faso_apercu-1536x1536.png 1536w\" data-sizes=\"auto\" data-original-sizes=\"(max-width: 1920px) 100vw, 1920px\" \/>\n                                                                            <div class=\"picture-caption\">\n                                            <div class=\"caption-content\"><span>Slawomir Plata<\/span><\/div>\n                                        <\/div>\n                                                                    <\/a>\n                                <figcaption><\/figcaption>\n                            <\/div>\n                                            <\/div>\n                                                    <div class=\"left\">\n                        <div class=\"content\">\n                            <h2>                                Couvrir des besoins essentiels pour une action humanitaire compl\u00e8te <small><\/small>\n                            <\/h2>                                                            <p>Dans les r\u00e9gions centre-nord du pays, les besoins humanitaires sont critiques. Eau, hygi\u00e8ne, nourriture, sant\u00e9, protection\u2026 les personnes d\u00e9plac\u00e9es ont besoin de soutien et d\u2019une action concr\u00e8te. Beaucoup d\u2019\u00e9coles ont ferm\u00e9 et les enfants ne peuvent pas poursuivre leur scolarit\u00e9.<\/p>\n<p>Pour r\u00e9pondre \u00e0 ces urgences, nous menons un projet d\u2019acc\u00e8s \u00e0 l\u2019eau et \u00e0 l\u2019hygi\u00e8ne tout en favorisant l\u2019acc\u00e8s \u00e0 l\u2019\u00e9ducation pour les \u00e9l\u00e8ves malgr\u00e9 la crise.<\/p>\n                                                                                        <a href=\"https:\/\/edm.ch\/fr\/burkina-faso-humanitaire-pour-les-populations-deplacees\/%20\" class=\"btnBlue\">En savoir plus<\/a>\n                                                                                <\/div>\n                    <\/div>\n                            <\/div>\n        <\/div>\n    <\/section>\n\n\n    \n    <section class=\"rightTextLeftImg \" style=\"display:\">\n        <div class=\"container\">\n            <div class=\"rightTextLeftImgRow\">\n                                    <div class=\"left\">\n                                                    <div class=\"imgBlock\">\n                                <a class=\"figure_block\" href=\"https:\/\/edm.ch\/wp-content\/uploads\/2024\/01\/Enfants_du_Monde_PARSE_burkina_faso_apercu.png\" data-fancybox data-caption=\"\">\n                                    <img decoding=\"async\" data-src=\"https:\/\/edm.ch\/wp-content\/uploads\/2024\/01\/Enfants_du_Monde_PARSE_burkina_faso_apercu.png\" src=\"data:image\/svg+xml;base64,PHN2ZyB3aWR0aD0iMSIgaGVpZ2h0PSIxIiB4bWxucz0iaHR0cDovL3d3dy53My5vcmcvMjAwMC9zdmciPjwvc3ZnPg==\" class=\"lazyload\" style=\"--smush-placeholder-width: 1920px; --smush-placeholder-aspect-ratio: 1920\/1920;\" data-srcset=\"https:\/\/edm.ch\/wp-content\/uploads\/2024\/01\/Enfants_du_Monde_PARSE_burkina_faso_apercu.png 1920w, https:\/\/edm.ch\/wp-content\/uploads\/2024\/01\/Enfants_du_Monde_PARSE_burkina_faso_apercu-300x300.png 300w, https:\/\/edm.ch\/wp-content\/uploads\/2024\/01\/Enfants_du_Monde_PARSE_burkina_faso_apercu-1024x1024.png 1024w, https:\/\/edm.ch\/wp-content\/uploads\/2024\/01\/Enfants_du_Monde_PARSE_burkina_faso_apercu-150x150.png 150w, https:\/\/edm.ch\/wp-content\/uploads\/2024\/01\/Enfants_du_Monde_PARSE_burkina_faso_apercu-768x768.png 768w, https:\/\/edm.ch\/wp-content\/uploads\/2024\/01\/Enfants_du_Monde_PARSE_burkina_faso_apercu-1536x1536.png 1536w\" data-sizes=\"auto\" data-original-sizes=\"(max-width: 1920px) 100vw, 1920px\" \/>\n                                                                            <div class=\"picture-caption\">\n                                            <div class=\"caption-content\"><span>Enfants du Monde \/ Goldbach<\/span><\/div>\n                                        <\/div>\n                                                                    <\/a>\n                                <figcaption><\/figcaption>\n                            <\/div>\n                                            <\/div>\n                                                    <div class=\"right\">\n                        <div class=\"content\">\n                            <h2>                                Continuer \u00e0 aller \u00e0 l\u2019\u00e9cole pour les plus vuln\u00e9rables <small><\/small>\n                            <\/h2>                                                            <p>Dans les villages affect\u00e9 par la crise s\u00e9curitaire au Centre-Est du Burkina Faso, nous nous assurons que les enfants puissent continuer \u00e0 aller l\u2019\u00e9cole. En formant les enseignant\u00b7es, en adaptant les programmes aux besoins et en am\u00e9nageant les espaces \u00e9ducatifs (souvent des classes improvis\u00e9es en ext\u00e9rieur); les \u00e9l\u00e8ves vuln\u00e9rables re\u00e7oivent une \u00e9ducation de qualit\u00e9 dans un environnement s\u00e9curis\u00e9.<\/p>\n                                                                                        <a href=\"https:\/\/edm.ch\/fr\/burkina-faso-permettre-aux-enfants-de-continuer-daller-a-lecole\/%20\" class=\"btnBlue\">En savoir plus<\/a>\n                                                                                <\/div>\n                    <\/div>\n                            <\/div>\n        <\/div>\n    <\/section>\n\n\n    \n    <section class=\"leftTextRightImg \" style=\"display:\">\n        <div class=\"container\">\n            <div class=\"leftTextRightImgRow\">\n                                    <div class=\"right\">\n                                                    <div class=\"imgBlock\">\n                                <a class=\"figure_block\" href=\"https:\/\/edm.ch\/wp-content\/uploads\/2024\/01\/Enfants_du_Monde_PRSERU-HB_burkina_faso_apercu.png\" data-fancybox data-caption=\"\">\n                                    <img decoding=\"async\" data-src=\"https:\/\/edm.ch\/wp-content\/uploads\/2024\/01\/Enfants_du_Monde_PRSERU-HB_burkina_faso_apercu.png\" src=\"data:image\/svg+xml;base64,PHN2ZyB3aWR0aD0iMSIgaGVpZ2h0PSIxIiB4bWxucz0iaHR0cDovL3d3dy53My5vcmcvMjAwMC9zdmciPjwvc3ZnPg==\" class=\"lazyload\" style=\"--smush-placeholder-width: 1920px; --smush-placeholder-aspect-ratio: 1920\/1920;\" data-srcset=\"https:\/\/edm.ch\/wp-content\/uploads\/2024\/01\/Enfants_du_Monde_PRSERU-HB_burkina_faso_apercu.png 1920w, https:\/\/edm.ch\/wp-content\/uploads\/2024\/01\/Enfants_du_Monde_PRSERU-HB_burkina_faso_apercu-300x300.png 300w, https:\/\/edm.ch\/wp-content\/uploads\/2024\/01\/Enfants_du_Monde_PRSERU-HB_burkina_faso_apercu-1024x1024.png 1024w, https:\/\/edm.ch\/wp-content\/uploads\/2024\/01\/Enfants_du_Monde_PRSERU-HB_burkina_faso_apercu-150x150.png 150w, https:\/\/edm.ch\/wp-content\/uploads\/2024\/01\/Enfants_du_Monde_PRSERU-HB_burkina_faso_apercu-768x768.png 768w, https:\/\/edm.ch\/wp-content\/uploads\/2024\/01\/Enfants_du_Monde_PRSERU-HB_burkina_faso_apercu-1536x1536.png 1536w\" data-sizes=\"auto\" data-original-sizes=\"(max-width: 1920px) 100vw, 1920px\" \/>\n                                                                            <div class=\"picture-caption\">\n                                            <div class=\"caption-content\"><span>Warren Sar\u00e9 \/ Enfants du Monde \/ Fairpicture<\/span><\/div>\n                                        <\/div>\n                                                                    <\/a>\n                                <figcaption><\/figcaption>\n                            <\/div>\n                                            <\/div>\n                                                    <div class=\"left\">\n                        <div class=\"content\">\n                            <h2>                                Apprendre en lieux s\u00fbrs <small><\/small>\n                            <\/h2>                                                            <p>La crise s\u00e9curitaire au Burkina Faso n\u00e9cessite d\u2019accorder une attention sp\u00e9cifique \u00e0 la s\u00e9curit\u00e9 dans le cadre scolaire. C\u2019est la raison pour laquelle nous formons le personnel \u00e9ducatif aux mesures de s\u00e9curit\u00e9, mais aussi pour qu\u2019ils et elles puissent identifier les enfants en d\u00e9tresse psychologique.<\/p>\n                                                                                        <a href=\"https:\/\/edm.ch\/fr\/burkina-faso-renforcement-du-systeme-educatif\/%20\" class=\"btnBlue\">En savoir plus<\/a>\n                                                                                <\/div>\n                    <\/div>\n                            <\/div>\n        <\/div>\n    <\/section>\n\n\n    <section class=\"donation_count\" style=\"display:\">\n        <div class=\"inner_row\">\n            <div class=\"right_img_block\">\n                <div class=\"img_block figure_block\">\n                    <img decoding=\"async\" data-src=\"https:\/\/edm.ch\/wp-content\/uploads\/2023\/08\/Enfants_du_monde_website_image_don_membre.png\" alt=\"\" src=\"data:image\/svg+xml;base64,PHN2ZyB3aWR0aD0iMSIgaGVpZ2h0PSIxIiB4bWxucz0iaHR0cDovL3d3dy53My5vcmcvMjAwMC9zdmciPjwvc3ZnPg==\" class=\"lazyload\" style=\"--smush-placeholder-width: 1920px; --smush-placeholder-aspect-ratio: 1920\/1920;\" data-srcset=\"https:\/\/edm.ch\/wp-content\/uploads\/2023\/08\/Enfants_du_monde_website_image_don_membre.png 1920w, https:\/\/edm.ch\/wp-content\/uploads\/2023\/08\/Enfants_du_monde_website_image_don_membre-300x300.png 300w, https:\/\/edm.ch\/wp-content\/uploads\/2023\/08\/Enfants_du_monde_website_image_don_membre-1024x1024.png 1024w, https:\/\/edm.ch\/wp-content\/uploads\/2023\/08\/Enfants_du_monde_website_image_don_membre-150x150.png 150w, https:\/\/edm.ch\/wp-content\/uploads\/2023\/08\/Enfants_du_monde_website_image_don_membre-768x768.png 768w, https:\/\/edm.ch\/wp-content\/uploads\/2023\/08\/Enfants_du_monde_website_image_don_membre-1536x1536.png 1536w\" data-sizes=\"auto\" data-original-sizes=\"(max-width: 1920px) 100vw, 1920px\">\n                                    <\/div>\n            <\/div>\n            <div class=\"left_txt_block\">\n                <div class=\"txt_contents\">\n                    <h3>Mon don fait la diff\u00e9rence<\/h3>\n                    <div class=\"block_txts\">\n                                                    <div class=\"item\">\n                                <span class=\"title\">Par exemple : <\/span>\n                                <p><\/p>\n                            <\/div>\n                                                    <div class=\"item\">\n                                <span class=\"title\">Avec 100 francs,<\/span>\n                                <p>J\u2019offre \u00e0 7 enfants du Burkina Faso un manuel scolaire bilingue en fran\u00e7ais et en moor\u00e9 pour mieux progresser.<\/p>\n                            <\/div>\n                                                                            <a href=\"https:\/\/don.edm.ch\/fr\" class=\"btnWhite buttonDonation\">\n                                Je fais un don                            <\/a>\n                                            <\/div>\n                <\/div>\n            <\/div>\n        <\/div>\n    <\/section>","protected":false},"excerpt":{"rendered":"<p>\u00c0 l\u2019occasion de la Journ\u00e9e internationale de l\u2019\u00e9ducation, d\u00e9couvrez notre action en faveur de l\u2019\u00e9ducation des enfants au Burkina Faso, o\u00f9 la d\u00e9gradation de la situation s\u00e9curitaire implique de mener des projets d\u2019\u00e9ducation en situation d\u2019urgence qui soient pertinents pour les \u00e9l\u00e8ves.<\/p>\n","protected":false},"featured_media":29758,"template":"","news-category":[57,63,271],"news-year":[520],"class_list":["post-29745","news","type-news","status-publish","has-post-thumbnail","hentry","news-category-education","news-category-burkina-faso","news-category-afrique","news-year-520"],"acf":[],"yoast_head":"<!-- This site is optimized with the Yoast SEO plugin v26.9 - https:\/\/yoast.com\/product\/yoast-seo-wordpress\/ -->\n<title>Journ\u00e9e de l&#039;\u00e9ducation - Urgence Burkina Faso - Enfants du Monde<\/title>\n<meta name=\"description\" content=\"D\u00e9couvrez notre action en faveur de l\u2019\u00e9ducation des enfants au Burkina Faso, o\u00f9 nous menons des projets d\u2019\u00e9ducation en situation d\u2019urgence.\" \/>\n<meta name=\"robots\" content=\"index, follow, max-snippet:-1, max-image-preview:large, max-video-preview:-1\" \/>\n<link rel=\"canonical\" href=\"https:\/\/edm.ch\/fr\/news\/journee-education-urgence-burkina-faso\/\" \/>\n<meta property=\"og:locale\" content=\"fr_FR\" \/>\n<meta property=\"og:type\" content=\"article\" \/>\n<meta property=\"og:title\" content=\"Journ\u00e9e de l&#039;\u00e9ducation - Urgence Burkina Faso - Enfants du Monde\" \/>\n<meta property=\"og:description\" content=\"D\u00e9couvrez notre action en faveur de l\u2019\u00e9ducation des enfants au Burkina Faso, o\u00f9 nous menons des projets d\u2019\u00e9ducation en situation d\u2019urgence.\" \/>\n<meta property=\"og:url\" content=\"https:\/\/edm.ch\/fr\/news\/journee-education-urgence-burkina-faso\/\" \/>\n<meta property=\"og:site_name\" content=\"Enfants du monde\" \/>\n<meta property=\"article:modified_time\" content=\"2025-12-05T09:35:52+00:00\" \/>\n<meta property=\"og:image\" content=\"https:\/\/edm.ch\/wp-content\/uploads\/2024\/01\/Enfants_du_Monde_apercu_burkina_faso_journee_education-768x768.png\" \/>\n\t<meta property=\"og:image:width\" content=\"768\" \/>\n\t<meta property=\"og:image:height\" content=\"768\" \/>\n\t<meta property=\"og:image:type\" content=\"image\/png\" \/>\n<meta name=\"twitter:card\" content=\"summary_large_image\" \/>\n<meta name=\"twitter:label1\" content=\"Est. reading time\" \/>\n\t<meta name=\"twitter:data1\" content=\"1 minute\" \/>\n<script type=\"application\/ld+json\" class=\"yoast-schema-graph\">{\"@context\":\"https:\/\/schema.org\",\"@graph\":[{\"@type\":\"WebPage\",\"@id\":\"https:\/\/edm.ch\/fr\/news\/journee-education-urgence-burkina-faso\/\",\"url\":\"https:\/\/edm.ch\/fr\/news\/journee-education-urgence-burkina-faso\/\",\"name\":\"Journ\u00e9e de l'\u00e9ducation - Urgence Burkina Faso - Enfants du Monde\",\"isPartOf\":{\"@id\":\"https:\/\/edm.ch\/en\/#website\"},\"primaryImageOfPage\":{\"@id\":\"https:\/\/edm.ch\/fr\/news\/journee-education-urgence-burkina-faso\/#primaryimage\"},\"image\":{\"@id\":\"https:\/\/edm.ch\/fr\/news\/journee-education-urgence-burkina-faso\/#primaryimage\"},\"thumbnailUrl\":\"https:\/\/edm.ch\/wp-content\/uploads\/2024\/01\/Enfants_du_Monde_apercu_burkina_faso_journee_education.png\",\"datePublished\":\"2024-01-24T07:50:54+00:00\",\"dateModified\":\"2025-12-05T09:35:52+00:00\",\"description\":\"D\u00e9couvrez notre action en faveur de l\u2019\u00e9ducation des enfants au Burkina Faso, o\u00f9 nous menons des projets d\u2019\u00e9ducation en situation d\u2019urgence.\",\"inLanguage\":\"fr-FR\",\"potentialAction\":[{\"@type\":\"ReadAction\",\"target\":[\"https:\/\/edm.ch\/fr\/news\/journee-education-urgence-burkina-faso\/\"]}]},{\"@type\":\"ImageObject\",\"inLanguage\":\"fr-FR\",\"@id\":\"https:\/\/edm.ch\/fr\/news\/journee-education-urgence-burkina-faso\/#primaryimage\",\"url\":\"https:\/\/edm.ch\/wp-content\/uploads\/2024\/01\/Enfants_du_Monde_apercu_burkina_faso_journee_education.png\",\"contentUrl\":\"https:\/\/edm.ch\/wp-content\/uploads\/2024\/01\/Enfants_du_Monde_apercu_burkina_faso_journee_education.png\",\"width\":1920,\"height\":1920},{\"@type\":\"WebSite\",\"@id\":\"https:\/\/edm.ch\/en\/#website\",\"url\":\"https:\/\/edm.ch\/en\/\",\"name\":\"Enfants du monde\",\"description\":\"Association suisse\",\"potentialAction\":[{\"@type\":\"SearchAction\",\"target\":{\"@type\":\"EntryPoint\",\"urlTemplate\":\"https:\/\/edm.ch\/en\/?s={search_term_string}\"},\"query-input\":{\"@type\":\"PropertyValueSpecification\",\"valueRequired\":true,\"valueName\":\"search_term_string\"}}],\"inLanguage\":\"fr-FR\"}]}<\/script>\n<!-- \/ Yoast SEO plugin. -->","yoast_head_json":{"title":"Journ\u00e9e de l'\u00e9ducation - Urgence Burkina Faso - Enfants du Monde","description":"D\u00e9couvrez notre action en faveur de l\u2019\u00e9ducation des enfants au Burkina Faso, o\u00f9 nous menons des projets d\u2019\u00e9ducation en situation d\u2019urgence.","robots":{"index":"index","follow":"follow","max-snippet":"max-snippet:-1","max-image-preview":"max-image-preview:large","max-video-preview":"max-video-preview:-1"},"canonical":"https:\/\/edm.ch\/fr\/news\/journee-education-urgence-burkina-faso\/","og_locale":"fr_FR","og_type":"article","og_title":"Journ\u00e9e de l'\u00e9ducation - Urgence Burkina Faso - Enfants du Monde","og_description":"D\u00e9couvrez notre action en faveur de l\u2019\u00e9ducation des enfants au Burkina Faso, o\u00f9 nous menons des projets d\u2019\u00e9ducation en situation d\u2019urgence.","og_url":"https:\/\/edm.ch\/fr\/news\/journee-education-urgence-burkina-faso\/","og_site_name":"Enfants du monde","article_modified_time":"2025-12-05T09:35:52+00:00","og_image":[{"width":768,"height":768,"url":"https:\/\/edm.ch\/wp-content\/uploads\/2024\/01\/Enfants_du_Monde_apercu_burkina_faso_journee_education-768x768.png","type":"image\/png"}],"twitter_card":"summary_large_image","twitter_misc":{"Est. reading time":"1 minute"},"schema":{"@context":"https:\/\/schema.org","@graph":[{"@type":"WebPage","@id":"https:\/\/edm.ch\/fr\/news\/journee-education-urgence-burkina-faso\/","url":"https:\/\/edm.ch\/fr\/news\/journee-education-urgence-burkina-faso\/","name":"Journ\u00e9e de l'\u00e9ducation - Urgence Burkina Faso - Enfants du Monde","isPartOf":{"@id":"https:\/\/edm.ch\/en\/#website"},"primaryImageOfPage":{"@id":"https:\/\/edm.ch\/fr\/news\/journee-education-urgence-burkina-faso\/#primaryimage"},"image":{"@id":"https:\/\/edm.ch\/fr\/news\/journee-education-urgence-burkina-faso\/#primaryimage"},"thumbnailUrl":"https:\/\/edm.ch\/wp-content\/uploads\/2024\/01\/Enfants_du_Monde_apercu_burkina_faso_journee_education.png","datePublished":"2024-01-24T07:50:54+00:00","dateModified":"2025-12-05T09:35:52+00:00","description":"D\u00e9couvrez notre action en faveur de l\u2019\u00e9ducation des enfants au Burkina Faso, o\u00f9 nous menons des projets d\u2019\u00e9ducation en situation d\u2019urgence.","inLanguage":"fr-FR","potentialAction":[{"@type":"ReadAction","target":["https:\/\/edm.ch\/fr\/news\/journee-education-urgence-burkina-faso\/"]}]},{"@type":"ImageObject","inLanguage":"fr-FR","@id":"https:\/\/edm.ch\/fr\/news\/journee-education-urgence-burkina-faso\/#primaryimage","url":"https:\/\/edm.ch\/wp-content\/uploads\/2024\/01\/Enfants_du_Monde_apercu_burkina_faso_journee_education.png","contentUrl":"https:\/\/edm.ch\/wp-content\/uploads\/2024\/01\/Enfants_du_Monde_apercu_burkina_faso_journee_education.png","width":1920,"height":1920},{"@type":"WebSite","@id":"https:\/\/edm.ch\/en\/#website","url":"https:\/\/edm.ch\/en\/","name":"Enfants du monde","description":"Association suisse","potentialAction":[{"@type":"SearchAction","target":{"@type":"EntryPoint","urlTemplate":"https:\/\/edm.ch\/en\/?s={search_term_string}"},"query-input":{"@type":"PropertyValueSpecification","valueRequired":true,"valueName":"search_term_string"}}],"inLanguage":"fr-FR"}]}},"_links":{"self":[{"href":"https:\/\/edm.ch\/fr\/wp-json\/wp\/v2\/news\/29745","targetHints":{"allow":["GET"]}}],"collection":[{"href":"https:\/\/edm.ch\/fr\/wp-json\/wp\/v2\/news"}],"about":[{"href":"https:\/\/edm.ch\/fr\/wp-json\/wp\/v2\/types\/news"}],"wp:featuredmedia":[{"embeddable":true,"href":"https:\/\/edm.ch\/fr\/wp-json\/wp\/v2\/media\/29758"}],"wp:attachment":[{"href":"https:\/\/edm.ch\/fr\/wp-json\/wp\/v2\/media?parent=29745"}],"wp:term":[{"taxonomy":"news-category","embeddable":true,"href":"https:\/\/edm.ch\/fr\/wp-json\/wp\/v2\/news-category?post=29745"},{"taxonomy":"news-year","embeddable":true,"href":"https:\/\/edm.ch\/fr\/wp-json\/wp\/v2\/news-year?post=29745"}],"curies":[{"name":"wp","href":"https:\/\/api.w.org\/{rel}","templated":true}]}}