{"id":29573,"date":"2024-01-18T15:51:47","date_gmt":"2024-01-18T15:51:47","guid":{"rendered":"https:\/\/edm.ch\/?post_type=news&#038;p=29573"},"modified":"2024-02-07T09:33:19","modified_gmt":"2024-02-07T09:33:19","slug":"hommage-a-notre-collegue-dorobe","status":"publish","type":"news","link":"https:\/\/edm.ch\/fr\/news\/hommage-a-notre-collegue-dorobe\/","title":{"rendered":"Hommage \u00e0 notre coll\u00e8gue Dorob\u00e9"},"content":{"rendered":"<section class=\"subpageBanner\" style=\"display:\">\n    <div class=\"subpageBannerBlock figure_block\">\n        <img decoding=\"async\" data-src=\"https:\/\/edm.ch\/wp-content\/uploads\/2024\/01\/Enfants_du_Monde_Dorobe_banner.png\" src=\"data:image\/svg+xml;base64,PHN2ZyB3aWR0aD0iMSIgaGVpZ2h0PSIxIiB4bWxucz0iaHR0cDovL3d3dy53My5vcmcvMjAwMC9zdmciPjwvc3ZnPg==\" class=\"lazyload\" style=\"--smush-placeholder-width: 2500px; --smush-placeholder-aspect-ratio: 2500\/1080;\" data-srcset=\"https:\/\/edm.ch\/wp-content\/uploads\/2024\/01\/Enfants_du_Monde_Dorobe_banner.png 2500w, https:\/\/edm.ch\/wp-content\/uploads\/2024\/01\/Enfants_du_Monde_Dorobe_banner-300x130.png 300w, https:\/\/edm.ch\/wp-content\/uploads\/2024\/01\/Enfants_du_Monde_Dorobe_banner-1024x442.png 1024w, https:\/\/edm.ch\/wp-content\/uploads\/2024\/01\/Enfants_du_Monde_Dorobe_banner-768x332.png 768w, https:\/\/edm.ch\/wp-content\/uploads\/2024\/01\/Enfants_du_Monde_Dorobe_banner-1536x664.png 1536w, https:\/\/edm.ch\/wp-content\/uploads\/2024\/01\/Enfants_du_Monde_Dorobe_banner-2048x885.png 2048w\" data-sizes=\"auto\" data-original-sizes=\"(max-width: 2500px) 100vw, 2500px\" \/>\n        <div class=\"subpageBannerWrap\">\n            <div class=\"container\">\n                <div class=\"content\">\n                    <div>\n                        <span class=\"bannerHead\">Hommage \u00e0 notre coll\u00e8gue Dorob\u00e9<\/span>\n                        <h1><\/h1>\n                    <\/div>\n                                    <\/div>\n            <\/div>\n        <\/div>\n            <\/div>\n<\/section>\n<script type=\"text\/javascript\">\n    jQuery(document).ready(function ($) {\n        \/\/ Check if the block exists\n        var bannerSection = $('#subpage-banner-section');\n\n        if (bannerSection.length > 0) {\n            \/\/ Move the block to the end of <main> just before the footer\n            $('main').append(bannerSection); \/\/ This will append it inside the <main> tag\n        }\n\n        $('.documentAccordion').on('click', function (e) {\n            e.preventDefault();  \/\/ Prevent default link action\n\n            \/\/ Target the section with the given ID\n            $('html, body').animate({\n                scrollTop: $('#subpage-banner-section').offset().top - 200\n            }, 1000);\n        });\n    });\n<\/script>\n\n        <section class=\"contentSec\" style=\"display:\">\n        <div class=\"container\">\n            <div class=\"contentBlock\">\n                <h5><\/h5>\n                <p>Notre cher coll\u00e8gue du Tchad Naigotomti Dorob\u00e9 nous a quitt\u00e9 des suites d&rsquo;une longue maladie le 2 janvier 2024.<\/p>\n<p>Au nom de la Secr\u00e9taire G\u00e9n\u00e9rale d&rsquo;Enfants du Monde \u00e0 Gen\u00e8ve, la direction et les 6 coordinations provinciales d&rsquo;Enfants du Monde au Tchad adressent \u00e0 la veuve, aux enfants, parents, amis et connaissances leurs condol\u00e9ances les plus attrist\u00e9es.<\/p>\n                            <\/div>\n        <\/div>\n    <\/section>\n\n        <section class=\"contentSec\" style=\"display:\">\n        <div class=\"container\">\n            <div class=\"contentBlock\">\n                <h5><\/h5>\n                <h3>Extrait de l\u2019Oraison fun\u00e8bre de Naigotomti Dorob\u00e9, Charg\u00e9 de programmes au Tchad, le 6 janvier 2024 \u00e0 Ndjamena.<\/h3>\n                            <\/div>\n        <\/div>\n    <\/section>\n\n\n    \n    <section class=\"quoteImage rightTextLeftImg \" style=\"display:\">\n        <div class=\"container\">\n            <div class=\"rightTextLeftImgRow\">\n                                    <div class=\"left\">\n                                                    <div class=\"imgBlock\">\n                                <a class=\"figure_block\" href=\"https:\/\/edm.ch\/wp-content\/uploads\/2024\/01\/Enfants_du_Monde_Dorobe_apercu.png\" data-fancybox data-caption=\"\">\n                                    <img decoding=\"async\" data-src=\"https:\/\/edm.ch\/wp-content\/uploads\/2024\/01\/Enfants_du_Monde_Dorobe_apercu.png\" src=\"data:image\/svg+xml;base64,PHN2ZyB3aWR0aD0iMSIgaGVpZ2h0PSIxIiB4bWxucz0iaHR0cDovL3d3dy53My5vcmcvMjAwMC9zdmciPjwvc3ZnPg==\" class=\"lazyload\" style=\"--smush-placeholder-width: 1920px; --smush-placeholder-aspect-ratio: 1920\/1920;\" data-srcset=\"https:\/\/edm.ch\/wp-content\/uploads\/2024\/01\/Enfants_du_Monde_Dorobe_apercu.png 1920w, https:\/\/edm.ch\/wp-content\/uploads\/2024\/01\/Enfants_du_Monde_Dorobe_apercu-300x300.png 300w, https:\/\/edm.ch\/wp-content\/uploads\/2024\/01\/Enfants_du_Monde_Dorobe_apercu-1024x1024.png 1024w, https:\/\/edm.ch\/wp-content\/uploads\/2024\/01\/Enfants_du_Monde_Dorobe_apercu-150x150.png 150w, https:\/\/edm.ch\/wp-content\/uploads\/2024\/01\/Enfants_du_Monde_Dorobe_apercu-768x768.png 768w, https:\/\/edm.ch\/wp-content\/uploads\/2024\/01\/Enfants_du_Monde_Dorobe_apercu-1536x1536.png 1536w\" data-sizes=\"auto\" data-original-sizes=\"(max-width: 1920px) 100vw, 1920px\" \/>\n                                                                    <\/a>\n                                <figcaption><\/figcaption>\n                            <\/div>\n                                            <\/div>\n                                                    <div class=\"right\">\n                        <div class=\"content\">\n                            <h2>                                 <small><\/small>\n                            <\/h2>                            <div class=\"quote\">                                <p>Feu Naigotomti Dorob\u00e9 est n\u00e9 le 08 avril 1965 \u00e0 Kelo. Apr\u00e8s les \u00e9tudes primaires et secondaires, il d\u00e9crocha le baccalaur\u00e9at en juin 1987 au lyc\u00e9e Moderne de K\u00e9lo.<\/p>\n<p>Attir\u00e9 tr\u00e8s t\u00f4t par la carri\u00e8re enseignante, il passa le concours d&rsquo;entr\u00e9e \u00e0 l&rsquo;Ecole Normale d&rsquo;Instituteurs de Moundou et en sortit nanti du Certificat de Fin d&rsquo;Etudes Normales en 1989.<\/p>\n<p>D\u00e8s lors, commence une ascension fulgurante de la carri\u00e8re du jeune fonctionnaire. Il fut affect\u00e9 comme instituteur stagiaire \u00e0 l&rsquo;Inspection de l&rsquo;Enseignement Primaire de Mayo Kebbi-Est \u00e0 l&rsquo;\u00e9cole de Mogrom o\u00f9 il occupa le poste de Directeur d&rsquo;\u00e9cole de 1990 \u00e0 1992.<\/p>\n<p>Apr\u00e8s 4 ans d&rsquo;exercice, Naigo, comme se plaisaient \u00e0 l&rsquo;appeler ses amis, passe un concours interne qui le conduit \u00e0 l&rsquo;Institut Sup\u00e9rieur des Sciences de l&rsquo;Education (ISSED) en 1996. Apr\u00e8s deux brillantes ann\u00e9es pass\u00e9es sur les bancs, il d\u00e9croche le dipl\u00f4me de Conseiller P\u00e9dagogique Principal \u00e0 Orientation Pratique avec la mention Bien. Il est affect\u00e9 \u00e0 Sarh comme Chef de service d&rsquo;alphab\u00e9tisation \u00e0 la d\u00e9l\u00e9gation pr\u00e9fectorale du Moyen Chari du 06 ao\u00fbt 1999 au 30 juin 2004.<\/p>\n<p>Soucieux de contribuer au d\u00e9veloppement des communaut\u00e9s rurales \u00e0 travers l&rsquo;\u00e9ducation de base et de la promotion des langues, Dorob\u00e9 fut recrut\u00e9 \u00e0 la GTZ- Education, antenne de Sarh qui fit de lui formateur en Enseignement en langues Nationales et affect\u00e9 \u00e0 Koumra du ler juillet 2004 au 23 f\u00e9vrier 2008.<\/p>\n<p>Travailleur infatigable, dot\u00e9 de comp\u00e9tences ind\u00e9niables et de capacit\u00e9s intrins\u00e8ques hors pair, le jeune DOROBE reprend le chemin des \u00e9tudes et repart au second cycle de l&rsquo;ISSED d&rsquo;o\u00f9 il sort major de sa promotion avec le Certificat d&rsquo;Aptitude \u00e0 l&rsquo;Inspection P\u00e9dagogique.<br \/>\nIl renoue avec la vie active en acceptant successivement les postes de charg\u00e9 de cours \u00e0 l&rsquo;ENIB de Sarh, Inspecteur p\u00e9dagogique de Maro puis chef de Service des Ressources Humaines \u00e0 la D\u00e9l\u00e9gation R\u00e9gionale de l&rsquo;Education Nationale du Moyen Chari de 2012 \u00e0 2017.<\/p>\n<p>Connu pour ses comp\u00e9tences av\u00e9r\u00e9es et son engagement pour l&rsquo;\u00e9ducation en g\u00e9n\u00e9ral et l&rsquo;enseignement en langues nationales en particulier, feu Naigotomti a \u00e9t\u00e9 consultant pour l&rsquo;ONG suisse Enfants du Monde dans le cadre du Programme pour la Promotion de la Qualit\u00e9 de l&rsquo;Education de Base au Tchad (ProQEB) de 2014 \u00e0 2017 en tant que formateur des acteurs de la chaine \u00e9ducative, co-concepteur des s\u00e9quences didactiques et des modules de formation.<\/p>\n<p>Dans le cadre du ProQEB, il a b\u00e9n\u00e9fici\u00e9 d&rsquo;une bourse d&rsquo;\u00e9tudes \u00e0 l&rsquo;Universit\u00e9 d&rsquo;Abomey Calavi au B\u00e9nin d&rsquo;o\u00f9 il est sorti avec un Master Bi-plurilingue et interculturel, option didactique de Math\u00e9matiques et culture en 2019. Il a \u00e9t\u00e9 recrut\u00e9 par l&rsquo;ONG Enfants du Monde comme Charg\u00e9 des Programmes depuis novembre 2017. Au sein de l&rsquo;organisation, il a toujours manifest\u00e9 sa plus grande consid\u00e9ration, son respect, son engagement et une disponibilit\u00e9 en toute circonstance.<\/p>\n<p>Naigotomti Dorob\u00e9 Ernest \u00e9tait un cadre consciencieux, rigoureux, travailleur et patriote, que le Tchad, \u00e0 travers le minist\u00e8re de l&rsquo;\u00e9ducation nationale et de la Promotion civique, et l&rsquo;ONG suisse Enfants du Monde viennent de perdre. Il laisse derri\u00e8re lui une veuve et 5 enfants.<\/p>\n                            <\/div>                                                                                <\/div>\n                    <\/div>\n                            <\/div>\n        <\/div>\n    <\/section>","protected":false},"excerpt":{"rendered":"<p>Notre cher coll\u00e8gue du Tchad Naigotomti Dorob\u00e9 nous a quitt\u00e9 des suites d&rsquo;une longue maladie le 2 janvier 2024.<\/p>\n<p>Nous adressons \u00e0 sa famille, \u00e0 ses proches et \u00e0 nos coll\u00e8gues du Tchad nos plus sinc\u00e8res condol\u00e9ances.<\/p>\n","protected":false},"featured_media":29578,"template":"","news-category":[50,269,271],"news-year":[520],"class_list":["post-29573","news","type-news","status-publish","has-post-thumbnail","hentry","news-category-organisation","news-category-tchad","news-category-afrique","news-year-520"],"acf":[],"yoast_head":"<!-- This site is optimized with the Yoast SEO plugin v26.9 - https:\/\/yoast.com\/product\/yoast-seo-wordpress\/ -->\n<title>Hommage \u00e0 notre coll\u00e8gue Naigotomti Dorob\u00e9 - Enfants du Monde<\/title>\n<meta name=\"description\" content=\"Notre coll\u00e8gue Dorob\u00e9 nous a quitt\u00e9 suite \u00e0 une longue maladie. Nous adressons \u00e0 ses proches et \u00e0 nos coll\u00e8gues nos sinc\u00e8res condol\u00e9ances.\" \/>\n<meta name=\"robots\" content=\"index, follow, max-snippet:-1, max-image-preview:large, max-video-preview:-1\" \/>\n<link rel=\"canonical\" href=\"https:\/\/edm.ch\/fr\/news\/hommage-a-notre-collegue-dorobe\/\" \/>\n<meta property=\"og:locale\" content=\"fr_FR\" \/>\n<meta property=\"og:type\" content=\"article\" \/>\n<meta property=\"og:title\" content=\"Hommage \u00e0 notre coll\u00e8gue Naigotomti Dorob\u00e9 - Enfants du Monde\" \/>\n<meta property=\"og:description\" content=\"Notre coll\u00e8gue Dorob\u00e9 nous a quitt\u00e9 suite \u00e0 une longue maladie. Nous adressons \u00e0 ses proches et \u00e0 nos coll\u00e8gues nos sinc\u00e8res condol\u00e9ances.\" \/>\n<meta property=\"og:url\" content=\"https:\/\/edm.ch\/fr\/news\/hommage-a-notre-collegue-dorobe\/\" \/>\n<meta property=\"og:site_name\" content=\"Enfants du monde\" \/>\n<meta property=\"article:modified_time\" content=\"2024-02-07T09:33:19+00:00\" \/>\n<meta property=\"og:image\" content=\"https:\/\/edm.ch\/wp-content\/uploads\/2024\/01\/Nouveau-site_Carre-2-768x768.png\" \/>\n\t<meta property=\"og:image:width\" content=\"768\" \/>\n\t<meta property=\"og:image:height\" content=\"768\" \/>\n\t<meta property=\"og:image:type\" content=\"image\/png\" \/>\n<meta name=\"twitter:card\" content=\"summary_large_image\" \/>\n<meta name=\"twitter:label1\" content=\"Est. reading time\" \/>\n\t<meta name=\"twitter:data1\" content=\"1 minute\" \/>\n<script type=\"application\/ld+json\" class=\"yoast-schema-graph\">{\"@context\":\"https:\/\/schema.org\",\"@graph\":[{\"@type\":\"WebPage\",\"@id\":\"https:\/\/edm.ch\/fr\/news\/hommage-a-notre-collegue-dorobe\/\",\"url\":\"https:\/\/edm.ch\/fr\/news\/hommage-a-notre-collegue-dorobe\/\",\"name\":\"Hommage \u00e0 notre coll\u00e8gue Naigotomti Dorob\u00e9 - Enfants du Monde\",\"isPartOf\":{\"@id\":\"https:\/\/edm.ch\/en\/#website\"},\"primaryImageOfPage\":{\"@id\":\"https:\/\/edm.ch\/fr\/news\/hommage-a-notre-collegue-dorobe\/#primaryimage\"},\"image\":{\"@id\":\"https:\/\/edm.ch\/fr\/news\/hommage-a-notre-collegue-dorobe\/#primaryimage\"},\"thumbnailUrl\":\"https:\/\/edm.ch\/wp-content\/uploads\/2024\/01\/Nouveau-site_Carre-2.png\",\"datePublished\":\"2024-01-18T15:51:47+00:00\",\"dateModified\":\"2024-02-07T09:33:19+00:00\",\"description\":\"Notre coll\u00e8gue Dorob\u00e9 nous a quitt\u00e9 suite \u00e0 une longue maladie. Nous adressons \u00e0 ses proches et \u00e0 nos coll\u00e8gues nos sinc\u00e8res condol\u00e9ances.\",\"inLanguage\":\"fr-FR\",\"potentialAction\":[{\"@type\":\"ReadAction\",\"target\":[\"https:\/\/edm.ch\/fr\/news\/hommage-a-notre-collegue-dorobe\/\"]}]},{\"@type\":\"ImageObject\",\"inLanguage\":\"fr-FR\",\"@id\":\"https:\/\/edm.ch\/fr\/news\/hommage-a-notre-collegue-dorobe\/#primaryimage\",\"url\":\"https:\/\/edm.ch\/wp-content\/uploads\/2024\/01\/Nouveau-site_Carre-2.png\",\"contentUrl\":\"https:\/\/edm.ch\/wp-content\/uploads\/2024\/01\/Nouveau-site_Carre-2.png\",\"width\":1920,\"height\":1920,\"caption\":\"DOROBE\"},{\"@type\":\"WebSite\",\"@id\":\"https:\/\/edm.ch\/en\/#website\",\"url\":\"https:\/\/edm.ch\/en\/\",\"name\":\"Enfants du monde\",\"description\":\"Association suisse\",\"potentialAction\":[{\"@type\":\"SearchAction\",\"target\":{\"@type\":\"EntryPoint\",\"urlTemplate\":\"https:\/\/edm.ch\/en\/?s={search_term_string}\"},\"query-input\":{\"@type\":\"PropertyValueSpecification\",\"valueRequired\":true,\"valueName\":\"search_term_string\"}}],\"inLanguage\":\"fr-FR\"}]}<\/script>\n<!-- \/ Yoast SEO plugin. -->","yoast_head_json":{"title":"Hommage \u00e0 notre coll\u00e8gue Naigotomti Dorob\u00e9 - Enfants du Monde","description":"Notre coll\u00e8gue Dorob\u00e9 nous a quitt\u00e9 suite \u00e0 une longue maladie. Nous adressons \u00e0 ses proches et \u00e0 nos coll\u00e8gues nos sinc\u00e8res condol\u00e9ances.","robots":{"index":"index","follow":"follow","max-snippet":"max-snippet:-1","max-image-preview":"max-image-preview:large","max-video-preview":"max-video-preview:-1"},"canonical":"https:\/\/edm.ch\/fr\/news\/hommage-a-notre-collegue-dorobe\/","og_locale":"fr_FR","og_type":"article","og_title":"Hommage \u00e0 notre coll\u00e8gue Naigotomti Dorob\u00e9 - Enfants du Monde","og_description":"Notre coll\u00e8gue Dorob\u00e9 nous a quitt\u00e9 suite \u00e0 une longue maladie. Nous adressons \u00e0 ses proches et \u00e0 nos coll\u00e8gues nos sinc\u00e8res condol\u00e9ances.","og_url":"https:\/\/edm.ch\/fr\/news\/hommage-a-notre-collegue-dorobe\/","og_site_name":"Enfants du monde","article_modified_time":"2024-02-07T09:33:19+00:00","og_image":[{"width":768,"height":768,"url":"https:\/\/edm.ch\/wp-content\/uploads\/2024\/01\/Nouveau-site_Carre-2-768x768.png","type":"image\/png"}],"twitter_card":"summary_large_image","twitter_misc":{"Est. reading time":"1 minute"},"schema":{"@context":"https:\/\/schema.org","@graph":[{"@type":"WebPage","@id":"https:\/\/edm.ch\/fr\/news\/hommage-a-notre-collegue-dorobe\/","url":"https:\/\/edm.ch\/fr\/news\/hommage-a-notre-collegue-dorobe\/","name":"Hommage \u00e0 notre coll\u00e8gue Naigotomti Dorob\u00e9 - Enfants du Monde","isPartOf":{"@id":"https:\/\/edm.ch\/en\/#website"},"primaryImageOfPage":{"@id":"https:\/\/edm.ch\/fr\/news\/hommage-a-notre-collegue-dorobe\/#primaryimage"},"image":{"@id":"https:\/\/edm.ch\/fr\/news\/hommage-a-notre-collegue-dorobe\/#primaryimage"},"thumbnailUrl":"https:\/\/edm.ch\/wp-content\/uploads\/2024\/01\/Nouveau-site_Carre-2.png","datePublished":"2024-01-18T15:51:47+00:00","dateModified":"2024-02-07T09:33:19+00:00","description":"Notre coll\u00e8gue Dorob\u00e9 nous a quitt\u00e9 suite \u00e0 une longue maladie. Nous adressons \u00e0 ses proches et \u00e0 nos coll\u00e8gues nos sinc\u00e8res condol\u00e9ances.","inLanguage":"fr-FR","potentialAction":[{"@type":"ReadAction","target":["https:\/\/edm.ch\/fr\/news\/hommage-a-notre-collegue-dorobe\/"]}]},{"@type":"ImageObject","inLanguage":"fr-FR","@id":"https:\/\/edm.ch\/fr\/news\/hommage-a-notre-collegue-dorobe\/#primaryimage","url":"https:\/\/edm.ch\/wp-content\/uploads\/2024\/01\/Nouveau-site_Carre-2.png","contentUrl":"https:\/\/edm.ch\/wp-content\/uploads\/2024\/01\/Nouveau-site_Carre-2.png","width":1920,"height":1920,"caption":"DOROBE"},{"@type":"WebSite","@id":"https:\/\/edm.ch\/en\/#website","url":"https:\/\/edm.ch\/en\/","name":"Enfants du monde","description":"Association suisse","potentialAction":[{"@type":"SearchAction","target":{"@type":"EntryPoint","urlTemplate":"https:\/\/edm.ch\/en\/?s={search_term_string}"},"query-input":{"@type":"PropertyValueSpecification","valueRequired":true,"valueName":"search_term_string"}}],"inLanguage":"fr-FR"}]}},"_links":{"self":[{"href":"https:\/\/edm.ch\/fr\/wp-json\/wp\/v2\/news\/29573","targetHints":{"allow":["GET"]}}],"collection":[{"href":"https:\/\/edm.ch\/fr\/wp-json\/wp\/v2\/news"}],"about":[{"href":"https:\/\/edm.ch\/fr\/wp-json\/wp\/v2\/types\/news"}],"wp:featuredmedia":[{"embeddable":true,"href":"https:\/\/edm.ch\/fr\/wp-json\/wp\/v2\/media\/29578"}],"wp:attachment":[{"href":"https:\/\/edm.ch\/fr\/wp-json\/wp\/v2\/media?parent=29573"}],"wp:term":[{"taxonomy":"news-category","embeddable":true,"href":"https:\/\/edm.ch\/fr\/wp-json\/wp\/v2\/news-category?post=29573"},{"taxonomy":"news-year","embeddable":true,"href":"https:\/\/edm.ch\/fr\/wp-json\/wp\/v2\/news-year?post=29573"}],"curies":[{"name":"wp","href":"https:\/\/api.w.org\/{rel}","templated":true}]}}