{"id":25593,"date":"2023-11-30T13:28:30","date_gmt":"2023-11-30T13:28:30","guid":{"rendered":"https:\/\/edm.ch\/?post_type=news&#038;p=25593"},"modified":"2023-11-30T14:10:05","modified_gmt":"2023-11-30T14:10:05","slug":"pour-le-solidariday-de-qoqa-soutenez-enfants-du-monde","status":"publish","type":"news","link":"https:\/\/edm.ch\/fr\/news\/pour-le-solidariday-de-qoqa-soutenez-enfants-du-monde\/","title":{"rendered":"La Qommunaut\u00e9 de QoQa offre plus d&rsquo;un millier de formations \u00e0 l&rsquo;accouchement !"},"content":{"rendered":"<section class=\"subpageBanner\" style=\"display:\">\n    <div class=\"subpageBannerBlock figure_block\">\n        <img decoding=\"async\" data-src=\"https:\/\/edm.ch\/wp-content\/uploads\/2023\/11\/Enfants_du_Monde_theodore_burkina_faso-1.png\" src=\"data:image\/svg+xml;base64,PHN2ZyB3aWR0aD0iMSIgaGVpZ2h0PSIxIiB4bWxucz0iaHR0cDovL3d3dy53My5vcmcvMjAwMC9zdmciPjwvc3ZnPg==\" class=\"lazyload\" style=\"--smush-placeholder-width: 2500px; --smush-placeholder-aspect-ratio: 2500\/1080;\" data-srcset=\"https:\/\/edm.ch\/wp-content\/uploads\/2023\/11\/Enfants_du_Monde_theodore_burkina_faso-1.png 2500w, https:\/\/edm.ch\/wp-content\/uploads\/2023\/11\/Enfants_du_Monde_theodore_burkina_faso-1-300x130.png 300w, https:\/\/edm.ch\/wp-content\/uploads\/2023\/11\/Enfants_du_Monde_theodore_burkina_faso-1-1024x442.png 1024w, https:\/\/edm.ch\/wp-content\/uploads\/2023\/11\/Enfants_du_Monde_theodore_burkina_faso-1-768x332.png 768w, https:\/\/edm.ch\/wp-content\/uploads\/2023\/11\/Enfants_du_Monde_theodore_burkina_faso-1-1536x664.png 1536w, https:\/\/edm.ch\/wp-content\/uploads\/2023\/11\/Enfants_du_Monde_theodore_burkina_faso-1-2048x885.png 2048w\" data-sizes=\"auto\" data-original-sizes=\"(max-width: 2500px) 100vw, 2500px\" \/>\n        <div class=\"subpageBannerWrap\">\n            <div class=\"container\">\n                <div class=\"content\">\n                    <div>\n                        <span class=\"bannerHead\">La Qommunaut\u00e9 de QoQa offre plus d&rsquo;un millier de formations \u00e0 l&rsquo;accouchement !<\/span>\n                        <h1><\/h1>\n                    <\/div>\n                                    <\/div>\n            <\/div>\n        <\/div>\n                    <div class=\"picture-caption\">\n                <div class=\"caption-content\"><span>Enfants du Monde<\/span><\/div>\n            <\/div>\n            <\/div>\n<\/section>\n<script type=\"text\/javascript\">\n    jQuery(document).ready(function ($) {\n        \/\/ Check if the block exists\n        var bannerSection = $('#subpage-banner-section');\n\n        if (bannerSection.length > 0) {\n            \/\/ Move the block to the end of <main> just before the footer\n            $('main').append(bannerSection); \/\/ This will append it inside the <main> tag\n        }\n\n        $('.documentAccordion').on('click', function (e) {\n            e.preventDefault();  \/\/ Prevent default link action\n\n            \/\/ Target the section with the given ID\n            $('html, body').animate({\n                scrollTop: $('#subpage-banner-section').offset().top - 200\n            }, 1000);\n        });\n    });\n<\/script>\n\n        <section class=\"contentSec\" style=\"display:\">\n        <div class=\"container\">\n            <div class=\"contentBlock\">\n                <h5><\/h5>\n                <p>Vendredi 24 novembre, le site de vente en ligne <a href=\"https:\/\/www.qoqa.ch\/fr\" target=\"_blank\" rel=\"noopener\">QoQa<\/a> a organis\u00e9 comme chaque ann\u00e9e son <a href=\"https:\/\/www.qoqa.ch\/fr\/posts\/5402\" target=\"_blank\" rel=\"noopener\">Solidariday<\/a> \u00e0 l\u2019occasion du Black Friday pour inviter les membres de sa communaut\u00e9 \u00e0 soutenir des organisations caritatives. Nous \u00e9tions b\u00e9n\u00e9ficiaires de cette journ\u00e9e solidaire : <strong>gr\u00e2ce \u00e0 elle, ce sont 1090 formations sur l&rsquo;accouchement qui pourront \u00eatre financ\u00e9es !<\/strong> D\u00e9couvrez l\u2019action plus en d\u00e9tail ainsi que le projet soutenu !<\/p>\n                            <\/div>\n        <\/div>\n    <\/section>\n\n\n    \n    <section class=\"rightTextLeftImg \" style=\"display:\">\n        <div class=\"container\">\n            <div class=\"rightTextLeftImgRow\">\n                                    <div class=\"left\">\n                                                    <div class=\"imgBlock\">\n                                <a class=\"figure_block\" href=\"https:\/\/edm.ch\/wp-content\/uploads\/2021\/03\/Actu-Burkina-Faso--scaled.jpg\" data-fancybox data-caption=\"\">\n                                    <img decoding=\"async\" data-src=\"https:\/\/edm.ch\/wp-content\/uploads\/2021\/03\/Actu-Burkina-Faso--scaled.jpg\" src=\"data:image\/svg+xml;base64,PHN2ZyB3aWR0aD0iMSIgaGVpZ2h0PSIxIiB4bWxucz0iaHR0cDovL3d3dy53My5vcmcvMjAwMC9zdmciPjwvc3ZnPg==\" class=\"lazyload\" style=\"--smush-placeholder-width: 2560px; --smush-placeholder-aspect-ratio: 2560\/1706;\" data-srcset=\"https:\/\/edm.ch\/wp-content\/uploads\/2021\/03\/Actu-Burkina-Faso--scaled.jpg 2560w, https:\/\/edm.ch\/wp-content\/uploads\/2021\/03\/Actu-Burkina-Faso--300x200.jpg 300w, https:\/\/edm.ch\/wp-content\/uploads\/2021\/03\/Actu-Burkina-Faso--1024x682.jpg 1024w, https:\/\/edm.ch\/wp-content\/uploads\/2021\/03\/Actu-Burkina-Faso--768x512.jpg 768w, https:\/\/edm.ch\/wp-content\/uploads\/2021\/03\/Actu-Burkina-Faso--1536x1023.jpg 1536w, https:\/\/edm.ch\/wp-content\/uploads\/2021\/03\/Actu-Burkina-Faso--2048x1365.jpg 2048w\" data-sizes=\"auto\" data-original-sizes=\"(max-width: 2560px) 100vw, 2560px\" \/>\n                                                                    <\/a>\n                                <figcaption><\/figcaption>\n                            <\/div>\n                                            <\/div>\n                                                    <div class=\"right\">\n                        <div class=\"content\">\n                            <h2>                                Une action solidaire de QoQa pour le Black Friday  <small><\/small>\n                            <\/h2>                                                            <p>Aux c\u00f4t\u00e9s de 7 autres organisations actives en Suisse et dans le monde, nous avons participt\u00e9 \u00e0 ce beau projet de QoQa : cette ann\u00e9e, <strong>votre Black Friday nous aidera \u00e0 am\u00e9liorer la sant\u00e9 des mamans et de leurs b\u00e9b\u00e9s !<\/strong> Un grand merci \u00e0 QoQa pour son initiative !<\/p>\n                                                                                                            <\/div>\n                    <\/div>\n                            <\/div>\n        <\/div>\n    <\/section>\n\n\n    \n    <section class=\"leftTextRightImg \" style=\"display:\">\n        <div class=\"container\">\n            <div class=\"leftTextRightImgRow\">\n                                    <div class=\"right\">\n                                                    <div class=\"imgBlock\">\n                                <a class=\"figure_block\" href=\"https:\/\/edm.ch\/wp-content\/uploads\/2023\/11\/Enfants_du_Monde_QoQa_Burkina_sante_4-1.png\" data-fancybox data-caption=\"\">\n                                    <img decoding=\"async\" data-src=\"https:\/\/edm.ch\/wp-content\/uploads\/2023\/11\/Enfants_du_Monde_QoQa_Burkina_sante_4-1.png\" src=\"data:image\/svg+xml;base64,PHN2ZyB3aWR0aD0iMSIgaGVpZ2h0PSIxIiB4bWxucz0iaHR0cDovL3d3dy53My5vcmcvMjAwMC9zdmciPjwvc3ZnPg==\" class=\"lazyload\" style=\"--smush-placeholder-width: 1920px; --smush-placeholder-aspect-ratio: 1920\/1920;\" data-srcset=\"https:\/\/edm.ch\/wp-content\/uploads\/2023\/11\/Enfants_du_Monde_QoQa_Burkina_sante_4-1.png 1920w, https:\/\/edm.ch\/wp-content\/uploads\/2023\/11\/Enfants_du_Monde_QoQa_Burkina_sante_4-1-300x300.png 300w, https:\/\/edm.ch\/wp-content\/uploads\/2023\/11\/Enfants_du_Monde_QoQa_Burkina_sante_4-1-1024x1024.png 1024w, https:\/\/edm.ch\/wp-content\/uploads\/2023\/11\/Enfants_du_Monde_QoQa_Burkina_sante_4-1-150x150.png 150w, https:\/\/edm.ch\/wp-content\/uploads\/2023\/11\/Enfants_du_Monde_QoQa_Burkina_sante_4-1-768x768.png 768w, https:\/\/edm.ch\/wp-content\/uploads\/2023\/11\/Enfants_du_Monde_QoQa_Burkina_sante_4-1-1536x1536.png 1536w\" data-sizes=\"auto\" data-original-sizes=\"(max-width: 1920px) 100vw, 1920px\" \/>\n                                                                    <\/a>\n                                <figcaption><\/figcaption>\n                            <\/div>\n                                            <\/div>\n                                                    <div class=\"left\">\n                        <div class=\"content\">\n                            <h2>                                Le projet soutenu par QoQa contribuera \u00e0 r\u00e9duire les d\u00e9c\u00e8s maternels au Burkina Faso  <small><\/small>\n                            <\/h2>                                                            <p>Au Burkina Faso, <strong>les femmes ont 57 fois plus de risques de mourir pendant ou apr\u00e8s la grossesse qu\u2019en Suisse.<\/strong> Les raisons en sont multiples. Les femmes enceintes disposent rarement des connaissances n\u00e9cessaires pour rep\u00e9rer les signes de danger pendant leur grossesse, tels que des saignements par exemple. De plus, les centres de sant\u00e9 sont parfois \u00e9loign\u00e9s et difficiles d\u2019acc\u00e8s ; le personnel soignant est souvent peu form\u00e9 ; et les futures mamans continuent de r\u00e9aliser des travaux domestiques p\u00e9nibles.<\/p>\n                                                                                                            <\/div>\n                    <\/div>\n                            <\/div>\n        <\/div>\n    <\/section>\n\n        <section class=\"contentSec\" style=\"display:\">\n        <div class=\"container\">\n            <div class=\"contentBlock\">\n                <h5><\/h5>\n                <p>Gr\u00e2ce aux fonds collect\u00e9s lors du SolidariDay,<strong> 1090 formations \u00e0 l&rsquo;accouchement seront offertes \u00e0 des centaines de sages-femmes, d\u2019accoucheur\u00b7ses et d\u2019infirmier\u00b7i\u00e8res.<\/strong><\/p>\n                            <\/div>\n        <\/div>\n    <\/section>\n\n\n    \n    <section class=\"rightTextLeftImg \" style=\"display:\">\n        <div class=\"container\">\n            <div class=\"rightTextLeftImgRow\">\n                                    <div class=\"left\">\n                                                    <div class=\"imgBlock\">\n                                <a class=\"figure_block\" href=\"https:\/\/edm.ch\/wp-content\/uploads\/2023\/11\/Enfants_du_Monde_QoQa_Burkina_sante_3-1.png\" data-fancybox data-caption=\"\">\n                                    <img decoding=\"async\" data-src=\"https:\/\/edm.ch\/wp-content\/uploads\/2023\/11\/Enfants_du_Monde_QoQa_Burkina_sante_3-1.png\" src=\"data:image\/svg+xml;base64,PHN2ZyB3aWR0aD0iMSIgaGVpZ2h0PSIxIiB4bWxucz0iaHR0cDovL3d3dy53My5vcmcvMjAwMC9zdmciPjwvc3ZnPg==\" class=\"lazyload\" style=\"--smush-placeholder-width: 1920px; --smush-placeholder-aspect-ratio: 1920\/1920;\" data-srcset=\"https:\/\/edm.ch\/wp-content\/uploads\/2023\/11\/Enfants_du_Monde_QoQa_Burkina_sante_3-1.png 1920w, https:\/\/edm.ch\/wp-content\/uploads\/2023\/11\/Enfants_du_Monde_QoQa_Burkina_sante_3-1-300x300.png 300w, https:\/\/edm.ch\/wp-content\/uploads\/2023\/11\/Enfants_du_Monde_QoQa_Burkina_sante_3-1-1024x1024.png 1024w, https:\/\/edm.ch\/wp-content\/uploads\/2023\/11\/Enfants_du_Monde_QoQa_Burkina_sante_3-1-150x150.png 150w, https:\/\/edm.ch\/wp-content\/uploads\/2023\/11\/Enfants_du_Monde_QoQa_Burkina_sante_3-1-768x768.png 768w, https:\/\/edm.ch\/wp-content\/uploads\/2023\/11\/Enfants_du_Monde_QoQa_Burkina_sante_3-1-1536x1536.png 1536w\" data-sizes=\"auto\" data-original-sizes=\"(max-width: 1920px) 100vw, 1920px\" \/>\n                                                                    <\/a>\n                                <figcaption><\/figcaption>\n                            <\/div>\n                                            <\/div>\n                                                    <div class=\"right\">\n                        <div class=\"content\">\n                            <h2>                                La pr\u00e9vention pour sauver la vie de mamans et de b\u00e9b\u00e9s <small><\/small>\n                            <\/h2>                                                            <p>Les patientes apprennent \u00e0 reconna\u00eetre les signes de danger pendant la grossesse ou pour leur nouveau-n\u00e9, favorisant ainsi une intervention rapide. Elles identifient des personnes de confiance en l&rsquo;absence de leur \u00e9poux, organisent le transport, et anticipent financi\u00e8rement ces d\u00e9penses, gagnant un temps pr\u00e9cieux en cas d&rsquo;urgence. De plus, elles sont inform\u00e9es sur les vaccinations, les m\u00e9dicaments contre le paludisme, l&rsquo;alimentation, et sont encourag\u00e9es \u00e0 solliciter l&rsquo;aide de leur entourage pour les travaux domestiques lourds.<\/p>\n                                                                                                            <\/div>\n                    <\/div>\n                            <\/div>\n        <\/div>\n    <\/section>\n\n\n    \n    <section class=\"quoteImage leftTextRightImg \" style=\"display:\">\n        <div class=\"container\">\n            <div class=\"leftTextRightImgRow\">\n                                    <div class=\"right\">\n                                                    <div class=\"imgBlock\">\n                                <a class=\"figure_block\" href=\"https:\/\/edm.ch\/wp-content\/uploads\/2023\/11\/Enfants_du_Monde_QoQa_Burkina_sante_2-1.png\" data-fancybox data-caption=\"\">\n                                    <img decoding=\"async\" data-src=\"https:\/\/edm.ch\/wp-content\/uploads\/2023\/11\/Enfants_du_Monde_QoQa_Burkina_sante_2-1.png\" src=\"data:image\/svg+xml;base64,PHN2ZyB3aWR0aD0iMSIgaGVpZ2h0PSIxIiB4bWxucz0iaHR0cDovL3d3dy53My5vcmcvMjAwMC9zdmciPjwvc3ZnPg==\" class=\"lazyload\" style=\"--smush-placeholder-width: 1920px; --smush-placeholder-aspect-ratio: 1920\/1920;\" data-srcset=\"https:\/\/edm.ch\/wp-content\/uploads\/2023\/11\/Enfants_du_Monde_QoQa_Burkina_sante_2-1.png 1920w, https:\/\/edm.ch\/wp-content\/uploads\/2023\/11\/Enfants_du_Monde_QoQa_Burkina_sante_2-1-300x300.png 300w, https:\/\/edm.ch\/wp-content\/uploads\/2023\/11\/Enfants_du_Monde_QoQa_Burkina_sante_2-1-1024x1024.png 1024w, https:\/\/edm.ch\/wp-content\/uploads\/2023\/11\/Enfants_du_Monde_QoQa_Burkina_sante_2-1-150x150.png 150w, https:\/\/edm.ch\/wp-content\/uploads\/2023\/11\/Enfants_du_Monde_QoQa_Burkina_sante_2-1-768x768.png 768w, https:\/\/edm.ch\/wp-content\/uploads\/2023\/11\/Enfants_du_Monde_QoQa_Burkina_sante_2-1-1536x1536.png 1536w\" data-sizes=\"auto\" data-original-sizes=\"(max-width: 1920px) 100vw, 1920px\" \/>\n                                                                    <\/a>\n                                <figcaption><\/figcaption>\n                            <\/div>\n                                            <\/div>\n                                                    <div class=\"left\">\n                        <div class=\"content\">\n                            <h2>                                Aline D\u00e9dan\u00e9 <small>Accoucheuse, Burkina Faso<\/small>\n                            <\/h2>                            <div class=\"quote\">                                <p>On a vu beaucoup de changements positifs depuis que nous distribuons cette brochure aux femmes enceintes. Maintenant les femmes ont compris qu\u2019elles doivent venir au centre de sant\u00e9 quand elles ont des saignements, \u00e7a permet d\u2019\u00e9viter les fausses couches.<\/p>\n                            <\/div>                                                                                <\/div>\n                    <\/div>\n                            <\/div>\n        <\/div>\n    <\/section>\n\n\n    <section class=\"donation_count\" style=\"display:\">\n        <div class=\"inner_row\">\n            <div class=\"right_img_block\">\n                <div class=\"img_block figure_block\">\n                    <img decoding=\"async\" data-src=\"https:\/\/edm.ch\/wp-content\/uploads\/2023\/11\/Enfants_du_Monde_QoQa_Burkina_sante_1-1.png\" alt=\"\" src=\"data:image\/svg+xml;base64,PHN2ZyB3aWR0aD0iMSIgaGVpZ2h0PSIxIiB4bWxucz0iaHR0cDovL3d3dy53My5vcmcvMjAwMC9zdmciPjwvc3ZnPg==\" class=\"lazyload\" style=\"--smush-placeholder-width: 1920px; --smush-placeholder-aspect-ratio: 1920\/1920;\" data-srcset=\"https:\/\/edm.ch\/wp-content\/uploads\/2023\/11\/Enfants_du_Monde_QoQa_Burkina_sante_1-1.png 1920w, https:\/\/edm.ch\/wp-content\/uploads\/2023\/11\/Enfants_du_Monde_QoQa_Burkina_sante_1-1-300x300.png 300w, https:\/\/edm.ch\/wp-content\/uploads\/2023\/11\/Enfants_du_Monde_QoQa_Burkina_sante_1-1-1024x1024.png 1024w, https:\/\/edm.ch\/wp-content\/uploads\/2023\/11\/Enfants_du_Monde_QoQa_Burkina_sante_1-1-150x150.png 150w, https:\/\/edm.ch\/wp-content\/uploads\/2023\/11\/Enfants_du_Monde_QoQa_Burkina_sante_1-1-768x768.png 768w, https:\/\/edm.ch\/wp-content\/uploads\/2023\/11\/Enfants_du_Monde_QoQa_Burkina_sante_1-1-1536x1536.png 1536w\" data-sizes=\"auto\" data-original-sizes=\"(max-width: 1920px) 100vw, 1920px\">\n                                    <\/div>\n            <\/div>\n            <div class=\"left_txt_block\">\n                <div class=\"txt_contents\">\n                    <h3>Mon don fait la diff\u00e9rence<\/h3>\n                    <div class=\"block_txts\">\n                                                    <div class=\"item\">\n                                <span class=\"title\">Par exemple :<\/span>\n                                <p><\/p>\n                            <\/div>\n                                                    <div class=\"item\">\n                                <span class=\"title\">Avec 35 francs<\/span>\n                                <p>Je finance une journ\u00e9e de formation sur la pr\u00e9paration \u00e0 l\u2019accouchement et aux urgences obst\u00e9tricales pour le personnel soignant au Burkina Faso.<\/p>\n                            <\/div>\n                                                                            <a href=\"https:\/\/don.edm.ch\/fr\" class=\"btnWhite buttonDonation\">\n                                Je fais un don                            <\/a>\n                                            <\/div>\n                <\/div>\n            <\/div>\n        <\/div>\n    <\/section>","protected":false},"excerpt":{"rendered":"<p>Pour le Black Friday, vous voulez faire quelque chose d\u2019un peu diff\u00e9rent ? Soutenez notre projet de sant\u00e9 des mamans et de leurs b\u00e9b\u00e9s au Burkina Faso gr\u00e2ce au Solidariday de QoQa ! <\/p>\n","protected":false},"featured_media":25601,"template":"","news-category":[271,49,63],"news-year":[18],"class_list":["post-25593","news","type-news","status-publish","has-post-thumbnail","hentry","news-category-afrique","news-category-sante","news-category-burkina-faso","news-year-18"],"acf":[],"yoast_head":"<!-- This site is optimized with the Yoast SEO plugin v26.9 - https:\/\/yoast.com\/product\/yoast-seo-wordpress\/ -->\n<title>Caritatif QoQa - Enfants du Monde<\/title>\n<meta name=\"description\" content=\"Pour le Black Friday, la communaut\u00e9 de QoQa a soutenu notre projet de sant\u00e9 des mamans et de leurs b\u00e9b\u00e9s au Burkina Faso !\" \/>\n<meta name=\"robots\" content=\"index, follow, max-snippet:-1, max-image-preview:large, max-video-preview:-1\" \/>\n<link rel=\"canonical\" href=\"https:\/\/edm.ch\/fr\/news\/pour-le-solidariday-de-qoqa-soutenez-enfants-du-monde\/\" \/>\n<meta property=\"og:locale\" content=\"fr_FR\" \/>\n<meta property=\"og:type\" content=\"article\" \/>\n<meta property=\"og:title\" content=\"Caritatif QoQa - Enfants du Monde\" \/>\n<meta property=\"og:description\" content=\"Pour le Black Friday, la communaut\u00e9 de QoQa a soutenu notre projet de sant\u00e9 des mamans et de leurs b\u00e9b\u00e9s au Burkina Faso !\" \/>\n<meta property=\"og:url\" content=\"https:\/\/edm.ch\/fr\/news\/pour-le-solidariday-de-qoqa-soutenez-enfants-du-monde\/\" \/>\n<meta property=\"og:site_name\" content=\"Enfants du monde\" \/>\n<meta property=\"article:modified_time\" content=\"2023-11-30T14:10:05+00:00\" \/>\n<meta property=\"og:image\" content=\"https:\/\/edm.ch\/wp-content\/uploads\/2023\/11\/Enfants_du_Monde_apercu_Theodore-1-1024x1024.png\" \/>\n\t<meta property=\"og:image:width\" content=\"1024\" \/>\n\t<meta property=\"og:image:height\" content=\"1024\" \/>\n\t<meta property=\"og:image:type\" content=\"image\/png\" \/>\n<meta name=\"twitter:card\" content=\"summary_large_image\" \/>\n<script type=\"application\/ld+json\" class=\"yoast-schema-graph\">{\"@context\":\"https:\/\/schema.org\",\"@graph\":[{\"@type\":\"WebPage\",\"@id\":\"https:\/\/edm.ch\/fr\/news\/pour-le-solidariday-de-qoqa-soutenez-enfants-du-monde\/\",\"url\":\"https:\/\/edm.ch\/fr\/news\/pour-le-solidariday-de-qoqa-soutenez-enfants-du-monde\/\",\"name\":\"Caritatif QoQa - Enfants du Monde\",\"isPartOf\":{\"@id\":\"https:\/\/edm.ch\/en\/#website\"},\"primaryImageOfPage\":{\"@id\":\"https:\/\/edm.ch\/fr\/news\/pour-le-solidariday-de-qoqa-soutenez-enfants-du-monde\/#primaryimage\"},\"image\":{\"@id\":\"https:\/\/edm.ch\/fr\/news\/pour-le-solidariday-de-qoqa-soutenez-enfants-du-monde\/#primaryimage\"},\"thumbnailUrl\":\"https:\/\/edm.ch\/wp-content\/uploads\/2023\/11\/Enfants_du_Monde_apercu_Theodore-1.png\",\"datePublished\":\"2023-11-30T13:28:30+00:00\",\"dateModified\":\"2023-11-30T14:10:05+00:00\",\"description\":\"Pour le Black Friday, la communaut\u00e9 de QoQa a soutenu notre projet de sant\u00e9 des mamans et de leurs b\u00e9b\u00e9s au Burkina Faso !\",\"inLanguage\":\"fr-FR\",\"potentialAction\":[{\"@type\":\"ReadAction\",\"target\":[\"https:\/\/edm.ch\/fr\/news\/pour-le-solidariday-de-qoqa-soutenez-enfants-du-monde\/\"]}]},{\"@type\":\"ImageObject\",\"inLanguage\":\"fr-FR\",\"@id\":\"https:\/\/edm.ch\/fr\/news\/pour-le-solidariday-de-qoqa-soutenez-enfants-du-monde\/#primaryimage\",\"url\":\"https:\/\/edm.ch\/wp-content\/uploads\/2023\/11\/Enfants_du_Monde_apercu_Theodore-1.png\",\"contentUrl\":\"https:\/\/edm.ch\/wp-content\/uploads\/2023\/11\/Enfants_du_Monde_apercu_Theodore-1.png\",\"width\":1920,\"height\":1920,\"caption\":\"Enfants du Monde\"},{\"@type\":\"WebSite\",\"@id\":\"https:\/\/edm.ch\/en\/#website\",\"url\":\"https:\/\/edm.ch\/en\/\",\"name\":\"Enfants du monde\",\"description\":\"Association suisse\",\"potentialAction\":[{\"@type\":\"SearchAction\",\"target\":{\"@type\":\"EntryPoint\",\"urlTemplate\":\"https:\/\/edm.ch\/en\/?s={search_term_string}\"},\"query-input\":{\"@type\":\"PropertyValueSpecification\",\"valueRequired\":true,\"valueName\":\"search_term_string\"}}],\"inLanguage\":\"fr-FR\"}]}<\/script>\n<!-- \/ Yoast SEO plugin. -->","yoast_head_json":{"title":"Caritatif QoQa - Enfants du Monde","description":"Pour le Black Friday, la communaut\u00e9 de QoQa a soutenu notre projet de sant\u00e9 des mamans et de leurs b\u00e9b\u00e9s au Burkina Faso !","robots":{"index":"index","follow":"follow","max-snippet":"max-snippet:-1","max-image-preview":"max-image-preview:large","max-video-preview":"max-video-preview:-1"},"canonical":"https:\/\/edm.ch\/fr\/news\/pour-le-solidariday-de-qoqa-soutenez-enfants-du-monde\/","og_locale":"fr_FR","og_type":"article","og_title":"Caritatif QoQa - Enfants du Monde","og_description":"Pour le Black Friday, la communaut\u00e9 de QoQa a soutenu notre projet de sant\u00e9 des mamans et de leurs b\u00e9b\u00e9s au Burkina Faso !","og_url":"https:\/\/edm.ch\/fr\/news\/pour-le-solidariday-de-qoqa-soutenez-enfants-du-monde\/","og_site_name":"Enfants du monde","article_modified_time":"2023-11-30T14:10:05+00:00","og_image":[{"width":1024,"height":1024,"url":"https:\/\/edm.ch\/wp-content\/uploads\/2023\/11\/Enfants_du_Monde_apercu_Theodore-1-1024x1024.png","type":"image\/png"}],"twitter_card":"summary_large_image","schema":{"@context":"https:\/\/schema.org","@graph":[{"@type":"WebPage","@id":"https:\/\/edm.ch\/fr\/news\/pour-le-solidariday-de-qoqa-soutenez-enfants-du-monde\/","url":"https:\/\/edm.ch\/fr\/news\/pour-le-solidariday-de-qoqa-soutenez-enfants-du-monde\/","name":"Caritatif QoQa - Enfants du Monde","isPartOf":{"@id":"https:\/\/edm.ch\/en\/#website"},"primaryImageOfPage":{"@id":"https:\/\/edm.ch\/fr\/news\/pour-le-solidariday-de-qoqa-soutenez-enfants-du-monde\/#primaryimage"},"image":{"@id":"https:\/\/edm.ch\/fr\/news\/pour-le-solidariday-de-qoqa-soutenez-enfants-du-monde\/#primaryimage"},"thumbnailUrl":"https:\/\/edm.ch\/wp-content\/uploads\/2023\/11\/Enfants_du_Monde_apercu_Theodore-1.png","datePublished":"2023-11-30T13:28:30+00:00","dateModified":"2023-11-30T14:10:05+00:00","description":"Pour le Black Friday, la communaut\u00e9 de QoQa a soutenu notre projet de sant\u00e9 des mamans et de leurs b\u00e9b\u00e9s au Burkina Faso !","inLanguage":"fr-FR","potentialAction":[{"@type":"ReadAction","target":["https:\/\/edm.ch\/fr\/news\/pour-le-solidariday-de-qoqa-soutenez-enfants-du-monde\/"]}]},{"@type":"ImageObject","inLanguage":"fr-FR","@id":"https:\/\/edm.ch\/fr\/news\/pour-le-solidariday-de-qoqa-soutenez-enfants-du-monde\/#primaryimage","url":"https:\/\/edm.ch\/wp-content\/uploads\/2023\/11\/Enfants_du_Monde_apercu_Theodore-1.png","contentUrl":"https:\/\/edm.ch\/wp-content\/uploads\/2023\/11\/Enfants_du_Monde_apercu_Theodore-1.png","width":1920,"height":1920,"caption":"Enfants du Monde"},{"@type":"WebSite","@id":"https:\/\/edm.ch\/en\/#website","url":"https:\/\/edm.ch\/en\/","name":"Enfants du monde","description":"Association suisse","potentialAction":[{"@type":"SearchAction","target":{"@type":"EntryPoint","urlTemplate":"https:\/\/edm.ch\/en\/?s={search_term_string}"},"query-input":{"@type":"PropertyValueSpecification","valueRequired":true,"valueName":"search_term_string"}}],"inLanguage":"fr-FR"}]}},"_links":{"self":[{"href":"https:\/\/edm.ch\/fr\/wp-json\/wp\/v2\/news\/25593","targetHints":{"allow":["GET"]}}],"collection":[{"href":"https:\/\/edm.ch\/fr\/wp-json\/wp\/v2\/news"}],"about":[{"href":"https:\/\/edm.ch\/fr\/wp-json\/wp\/v2\/types\/news"}],"wp:featuredmedia":[{"embeddable":true,"href":"https:\/\/edm.ch\/fr\/wp-json\/wp\/v2\/media\/25601"}],"wp:attachment":[{"href":"https:\/\/edm.ch\/fr\/wp-json\/wp\/v2\/media?parent=25593"}],"wp:term":[{"taxonomy":"news-category","embeddable":true,"href":"https:\/\/edm.ch\/fr\/wp-json\/wp\/v2\/news-category?post=25593"},{"taxonomy":"news-year","embeddable":true,"href":"https:\/\/edm.ch\/fr\/wp-json\/wp\/v2\/news-year?post=25593"}],"curies":[{"name":"wp","href":"https:\/\/api.w.org\/{rel}","templated":true}]}}