{"id":2338,"date":"2023-07-13T13:53:00","date_gmt":"2023-07-13T13:53:00","guid":{"rendered":"https:\/\/edm.ch\/?post_type=news&#038;p=2338"},"modified":"2024-02-08T16:27:05","modified_gmt":"2024-02-08T16:27:05","slug":"aidez-nous-a-sauver-la-vie-des-bebes-et-de-leur-maman-au-burkina-faso","status":"publish","type":"news","link":"https:\/\/edm.ch\/fr\/news\/aidez-nous-a-sauver-la-vie-des-bebes-et-de-leur-maman-au-burkina-faso\/","title":{"rendered":"Aidez-nous \u00e0 sauver la vie des b\u00e9b\u00e9s et de leur maman au Burkina Faso !"},"content":{"rendered":"<section class=\"subpageBanner\" style=\"display:\">\n    <div class=\"subpageBannerBlock figure_block\">\n        <img decoding=\"async\" data-src=\"https:\/\/edm.ch\/wp-content\/uploads\/2023\/08\/banners_RS4618_banner_Burkina.png\" src=\"data:image\/svg+xml;base64,PHN2ZyB3aWR0aD0iMSIgaGVpZ2h0PSIxIiB4bWxucz0iaHR0cDovL3d3dy53My5vcmcvMjAwMC9zdmciPjwvc3ZnPg==\" class=\"lazyload\" style=\"--smush-placeholder-width: 2500px; --smush-placeholder-aspect-ratio: 2500\/800;\" data-srcset=\"https:\/\/edm.ch\/wp-content\/uploads\/2023\/08\/banners_RS4618_banner_Burkina.png 2500w, https:\/\/edm.ch\/wp-content\/uploads\/2023\/08\/banners_RS4618_banner_Burkina-300x96.png 300w, https:\/\/edm.ch\/wp-content\/uploads\/2023\/08\/banners_RS4618_banner_Burkina-1024x328.png 1024w, https:\/\/edm.ch\/wp-content\/uploads\/2023\/08\/banners_RS4618_banner_Burkina-768x246.png 768w, https:\/\/edm.ch\/wp-content\/uploads\/2023\/08\/banners_RS4618_banner_Burkina-1536x492.png 1536w, https:\/\/edm.ch\/wp-content\/uploads\/2023\/08\/banners_RS4618_banner_Burkina-2048x655.png 2048w\" data-sizes=\"auto\" data-original-sizes=\"(max-width: 2500px) 100vw, 2500px\" \/>\n        <div class=\"subpageBannerWrap\">\n            <div class=\"container\">\n                <div class=\"content\">\n                    <div>\n                        <span class=\"bannerHead\"><\/span>\n                        <h1>Aidez-nous \u00e0 sauver la vie des b\u00e9b\u00e9s et de leur maman au Burkina Faso !<\/h1>\n                    <\/div>\n                                    <\/div>\n            <\/div>\n        <\/div>\n                    <div class=\"picture-caption\">\n                <div class=\"caption-content\"><span>\u00a9 Enfants du Monde &#8211; Ouedraogo E.<\/span><\/div>\n            <\/div>\n            <\/div>\n<\/section>\n<script type=\"text\/javascript\">\n    jQuery(document).ready(function ($) {\n        \/\/ Check if the block exists\n        var bannerSection = $('#subpage-banner-section');\n\n        if (bannerSection.length > 0) {\n            \/\/ Move the block to the end of <main> just before the footer\n            $('main').append(bannerSection); \/\/ This will append it inside the <main> tag\n        }\n\n        $('.documentAccordion').on('click', function (e) {\n            e.preventDefault();  \/\/ Prevent default link action\n\n            \/\/ Target the section with the given ID\n            $('html, body').animate({\n                scrollTop: $('#subpage-banner-section').offset().top - 200\n            }, 1000);\n        });\n    });\n<\/script>\n\n\n    \n    <section class=\"rightTextLeftImg \" style=\"display:\">\n        <div class=\"container\">\n            <div class=\"rightTextLeftImgRow\">\n                                    <div class=\"left\">\n                                                    <div class=\"imgBlock\">\n                                <a class=\"figure_block\" href=\"https:\/\/edm.ch\/wp-content\/uploads\/2023\/08\/Burkina-Faso_sante2.jpg\" data-fancybox data-caption=\"\">\n                                    <img decoding=\"async\" data-src=\"https:\/\/edm.ch\/wp-content\/uploads\/2023\/08\/Burkina-Faso_sante2.jpg\" src=\"data:image\/svg+xml;base64,PHN2ZyB3aWR0aD0iMSIgaGVpZ2h0PSIxIiB4bWxucz0iaHR0cDovL3d3dy53My5vcmcvMjAwMC9zdmciPjwvc3ZnPg==\" class=\"lazyload\" style=\"--smush-placeholder-width: 2400px; --smush-placeholder-aspect-ratio: 2400\/1597;\" data-srcset=\"https:\/\/edm.ch\/wp-content\/uploads\/2023\/08\/Burkina-Faso_sante2.jpg 2400w, https:\/\/edm.ch\/wp-content\/uploads\/2023\/08\/Burkina-Faso_sante2-300x200.jpg 300w, https:\/\/edm.ch\/wp-content\/uploads\/2023\/08\/Burkina-Faso_sante2-1024x681.jpg 1024w, https:\/\/edm.ch\/wp-content\/uploads\/2023\/08\/Burkina-Faso_sante2-768x511.jpg 768w, https:\/\/edm.ch\/wp-content\/uploads\/2023\/08\/Burkina-Faso_sante2-1536x1022.jpg 1536w, https:\/\/edm.ch\/wp-content\/uploads\/2023\/08\/Burkina-Faso_sante2-2048x1363.jpg 2048w\" data-sizes=\"auto\" data-original-sizes=\"(max-width: 2400px) 100vw, 2400px\" \/>\n                                                                    <\/a>\n                                <figcaption><\/figcaption>\n                            <\/div>\n                                            <\/div>\n                                                    <div class=\"right\">\n                        <div class=\"content\">\n                                                             <small><\/small>\n                                                                                        <p>Au Burkina Faso, les femmes enceintes ne disposent souvent pas des informations pour d\u00e9tecter une complication et se retrouvent <strong>d\u00e9munies face \u00e0 une urgence<\/strong>. De plus, les futures mamans qui viennent des zones rurales sont souvent\u00a0<strong>mal trait\u00e9es par le personnel soignant<\/strong>\u00a0lors des consultations. Elles attendent donc jusqu\u2019\u00e0 la derni\u00e8re minute pour retourner au centre de sant\u00e9 et\u00a0<strong>ne pourront pas \u00eatre sauv\u00e9es \u00e0 temps en cas de complications.<\/strong><\/p>\n<p>C\u2019est pourquoi nous\u00a0<strong>luttons contre la mortalit\u00e9 maternelle et n\u00e9onatale<\/strong>\u00a0en \u00e9duquant les femmes enceintes \u00e0 la sant\u00e9 et \u00e0 leurs droits vis-\u00e0-vis du personnel m\u00e9dical et en\u00a0<strong>formant le personnel soignant<\/strong> pour am\u00e9liorer la qualit\u00e9 des consultations pr\u00e9natales.<\/p>\n                                                                                                            <\/div>\n                    <\/div>\n                            <\/div>\n        <\/div>\n    <\/section>\n\n\n    \n    <section class=\"rightTextLeftImg \" style=\"display:\">\n        <div class=\"container\">\n            <div class=\"rightTextLeftImgRow\">\n                                    <div class=\"left\">\n                                                    <div class=\"imgBlock\">\n                                <a class=\"figure_block\" href=\"https:\/\/edm.ch\/wp-content\/uploads\/2023\/08\/Poster_MonBebeEtMoi.png\" data-fancybox data-caption=\"\">\n                                    <img decoding=\"async\" data-src=\"https:\/\/edm.ch\/wp-content\/uploads\/2023\/08\/Poster_MonBebeEtMoi.png\" src=\"data:image\/svg+xml;base64,PHN2ZyB3aWR0aD0iMSIgaGVpZ2h0PSIxIiB4bWxucz0iaHR0cDovL3d3dy53My5vcmcvMjAwMC9zdmciPjwvc3ZnPg==\" class=\"lazyload\" style=\"--smush-placeholder-width: 1920px; --smush-placeholder-aspect-ratio: 1920\/1920;\" data-srcset=\"https:\/\/edm.ch\/wp-content\/uploads\/2023\/08\/Poster_MonBebeEtMoi.png 1920w, https:\/\/edm.ch\/wp-content\/uploads\/2023\/08\/Poster_MonBebeEtMoi-300x300.png 300w, https:\/\/edm.ch\/wp-content\/uploads\/2023\/08\/Poster_MonBebeEtMoi-1024x1024.png 1024w, https:\/\/edm.ch\/wp-content\/uploads\/2023\/08\/Poster_MonBebeEtMoi-150x150.png 150w, https:\/\/edm.ch\/wp-content\/uploads\/2023\/08\/Poster_MonBebeEtMoi-768x768.png 768w, https:\/\/edm.ch\/wp-content\/uploads\/2023\/08\/Poster_MonBebeEtMoi-1536x1536.png 1536w\" data-sizes=\"auto\" data-original-sizes=\"(max-width: 1920px) 100vw, 1920px\" \/>\n                                                                    <\/a>\n                                <figcaption><\/figcaption>\n                            <\/div>\n                                            <\/div>\n                                                    <div class=\"right\">\n                        <div class=\"content\">\n                            <h2>                                L\u2019application mobile \u00ab Mon b\u00e9b\u00e9 et moi \u00bb <small><\/small>\n                            <\/h2>                                                            <p>Nous mettons \u00e0 disposition des futures mamans l&rsquo;<strong>application mobile \u00ab Mon b\u00e9b\u00e9 et moi \u00bb<\/strong>. Cette application, qui les informe sur toutes les \u00e9tapes de leur grossesse, est\u00a0<strong>d\u00e9velopp\u00e9e avec le Minist\u00e8re de la sant\u00e9 du Burkina Faso, les H\u00f4pitaux Universitaires de Gen\u00e8ve, IPC et Terre Innovative Healthcare.<\/strong><\/p>\n<p>Pour que ces informations soient accessibles \u00e0 toutes les femmes, alphab\u00e9tis\u00e9es ou non, des images servent de support. De plus, \u00ab Mon b\u00e9b\u00e9 et moi \u00bb est \u00e9galement disponible en version audio simple \u00e0 t\u00e9l\u00e9charger,\u00a0<strong>en 7 langues locales.<\/strong><\/p>\n                                                                                                            <\/div>\n                    <\/div>\n                            <\/div>\n        <\/div>\n    <\/section>\n\n\n    \n    <section class=\"quoteImage leftTextRightImg \" style=\"display:\">\n        <div class=\"container\">\n            <div class=\"leftTextRightImgRow\">\n                                    <div class=\"right\">\n                                                    <div class=\"imgBlock\">\n                                <a class=\"figure_block\" href=\"https:\/\/edm.ch\/wp-content\/uploads\/2023\/08\/Enfants_du_monde_image_website-8-1.png\" data-fancybox data-caption=\"\">\n                                    <img decoding=\"async\" data-src=\"https:\/\/edm.ch\/wp-content\/uploads\/2023\/08\/Enfants_du_monde_image_website-8-1.png\" src=\"data:image\/svg+xml;base64,PHN2ZyB3aWR0aD0iMSIgaGVpZ2h0PSIxIiB4bWxucz0iaHR0cDovL3d3dy53My5vcmcvMjAwMC9zdmciPjwvc3ZnPg==\" class=\"lazyload\" style=\"--smush-placeholder-width: 1920px; --smush-placeholder-aspect-ratio: 1920\/1920;\" data-srcset=\"https:\/\/edm.ch\/wp-content\/uploads\/2023\/08\/Enfants_du_monde_image_website-8-1.png 1920w, https:\/\/edm.ch\/wp-content\/uploads\/2023\/08\/Enfants_du_monde_image_website-8-1-300x300.png 300w, https:\/\/edm.ch\/wp-content\/uploads\/2023\/08\/Enfants_du_monde_image_website-8-1-1024x1024.png 1024w, https:\/\/edm.ch\/wp-content\/uploads\/2023\/08\/Enfants_du_monde_image_website-8-1-150x150.png 150w, https:\/\/edm.ch\/wp-content\/uploads\/2023\/08\/Enfants_du_monde_image_website-8-1-768x768.png 768w, https:\/\/edm.ch\/wp-content\/uploads\/2023\/08\/Enfants_du_monde_image_website-8-1-1536x1536.png 1536w\" data-sizes=\"auto\" data-original-sizes=\"(max-width: 1920px) 100vw, 1920px\" \/>\n                                                                    <\/a>\n                                <figcaption><\/figcaption>\n                            <\/div>\n                                            <\/div>\n                                                    <div class=\"left\">\n                        <div class=\"content\">\n                            <h2>                                Aminata,  <small>future maman burkinab\u00e9 de 25 ans<\/small>\n                            <\/h2>                            <div class=\"quote\">                                <p>Gr\u00e2ce \u00e0 l\u2019application mobile, je sais aujourd\u2019hui reconnaitre les signes de danger comme les saignements par exemple. Je l\u2019utiliserai jusqu\u2019\u00e0 mon accouchement pour savoir comment me pr\u00e9parer et m\u00eame apr\u00e8s car elle m\u2019est tr\u00e8s utile.<\/p>\n<p>&nbsp;<\/p>\n<p>&nbsp;<\/p>\n                            <\/div>                                                                                <\/div>\n                    <\/div>\n                            <\/div>\n        <\/div>\n    <\/section>\n\n\n    \n    <section class=\"rightTextLeftImg \" style=\"display:\">\n        <div class=\"container\">\n            <div class=\"rightTextLeftImgRow\">\n                                    <div class=\"left\">\n                                                    <div class=\"imgBlock\">\n                                <a class=\"figure_block\" href=\"https:\/\/edm.ch\/wp-content\/uploads\/2023\/08\/Burkina-Faso_education-a-la-sante-scaled.jpg\" data-fancybox data-caption=\"\">\n                                    <img decoding=\"async\" data-src=\"https:\/\/edm.ch\/wp-content\/uploads\/2023\/08\/Burkina-Faso_education-a-la-sante-scaled.jpg\" src=\"data:image\/svg+xml;base64,PHN2ZyB3aWR0aD0iMSIgaGVpZ2h0PSIxIiB4bWxucz0iaHR0cDovL3d3dy53My5vcmcvMjAwMC9zdmciPjwvc3ZnPg==\" class=\"lazyload\" style=\"--smush-placeholder-width: 2560px; --smush-placeholder-aspect-ratio: 2560\/1700;\" data-srcset=\"https:\/\/edm.ch\/wp-content\/uploads\/2023\/08\/Burkina-Faso_education-a-la-sante-scaled.jpg 2560w, https:\/\/edm.ch\/wp-content\/uploads\/2023\/08\/Burkina-Faso_education-a-la-sante-300x199.jpg 300w, https:\/\/edm.ch\/wp-content\/uploads\/2023\/08\/Burkina-Faso_education-a-la-sante-1024x680.jpg 1024w, https:\/\/edm.ch\/wp-content\/uploads\/2023\/08\/Burkina-Faso_education-a-la-sante-768x510.jpg 768w, https:\/\/edm.ch\/wp-content\/uploads\/2023\/08\/Burkina-Faso_education-a-la-sante-1536x1020.jpg 1536w, https:\/\/edm.ch\/wp-content\/uploads\/2023\/08\/Burkina-Faso_education-a-la-sante-2048x1360.jpg 2048w\" data-sizes=\"auto\" data-original-sizes=\"(max-width: 2560px) 100vw, 2560px\" \/>\n                                                                    <\/a>\n                                <figcaption><\/figcaption>\n                            <\/div>\n                                            <\/div>\n                                                    <div class=\"right\">\n                        <div class=\"content\">\n                            <h2>                                 <small>La carte de pr\u00e9paration \u00e0 l\u2019accouchement et aux urgences (PAU)<\/small>\n                            <\/h2>                                                            <p>Nous avons \u00e9galement \u00e9labor\u00e9\u00a0<strong>une brochure informative traduite en plusieurs langues<\/strong>\u00a0avec nos partenaires \u00e0 destination des femmes enceintes et des jeunes mamans.<br \/>\nL\u2019efficacit\u00e9 de la brochure de pr\u00e9paration \u00e0 l\u2019accouchement est telle que\u00a0<strong>le Minist\u00e8re de la Sant\u00e9 souhaite d\u00e9sormais la diffuser \u00e0 toutes les femmes<\/strong>. C\u2019est un des outils essentiels que nous utilisons dans nos programmes de sant\u00e9 pour lutter contre la mortalit\u00e9 maternelle et infantile.<\/p>\n<p>\u00ab\u00a0<em>Quand la femme rentre \u00e0 la maison avec l\u2019application et la brochure, toute sa famille comprend que la future maman doit \u00eatre aid\u00e9e dans les travaux domestiques pour \u00e9viter les complications.<\/em>\u00a0\u00bb Infirmier chef du centre de sant\u00e9 o\u00f9 Aminata se rend pour ses visites pr\u00e9natales.<\/p>\n                                                                                                            <\/div>\n                    <\/div>\n                            <\/div>\n        <\/div>\n    <\/section>\n\n\n    <section class=\"donation_count\" style=\"display:\">\n        <div class=\"inner_row\">\n            <div class=\"right_img_block\">\n                <div class=\"img_block figure_block\">\n                    <img decoding=\"async\" data-src=\"https:\/\/edm.ch\/wp-content\/uploads\/2023\/08\/Burkina-Faso_Sante-scaled.jpg\" alt=\"\" src=\"data:image\/svg+xml;base64,PHN2ZyB3aWR0aD0iMSIgaGVpZ2h0PSIxIiB4bWxucz0iaHR0cDovL3d3dy53My5vcmcvMjAwMC9zdmciPjwvc3ZnPg==\" class=\"lazyload\" style=\"--smush-placeholder-width: 1704px; --smush-placeholder-aspect-ratio: 1704\/2560;\" data-srcset=\"https:\/\/edm.ch\/wp-content\/uploads\/2023\/08\/Burkina-Faso_Sante-scaled.jpg 1704w, https:\/\/edm.ch\/wp-content\/uploads\/2023\/08\/Burkina-Faso_Sante-200x300.jpg 200w, https:\/\/edm.ch\/wp-content\/uploads\/2023\/08\/Burkina-Faso_Sante-682x1024.jpg 682w, https:\/\/edm.ch\/wp-content\/uploads\/2023\/08\/Burkina-Faso_Sante-768x1154.jpg 768w, https:\/\/edm.ch\/wp-content\/uploads\/2023\/08\/Burkina-Faso_Sante-1022x1536.jpg 1022w, https:\/\/edm.ch\/wp-content\/uploads\/2023\/08\/Burkina-Faso_Sante-1363x2048.jpg 1363w\" data-sizes=\"auto\" data-original-sizes=\"(max-width: 1704px) 100vw, 1704px\">\n                                            <div class=\"picture-caption\">\n                            <div class=\"caption-content\"><span>Ouedraogo B. Emmanuel<\/span><\/div>\n                        <\/div>\n                                    <\/div>\n            <\/div>\n            <div class=\"left_txt_block\">\n                <div class=\"txt_contents\">\n                    <h3>Mon don fait la diff\u00e9rence<\/h3>\n                    <div class=\"block_txts\">\n                                                    <div class=\"item\">\n                                <span class=\"title\">Par exemple :<\/span>\n                                <p><\/p>\n                            <\/div>\n                                                    <div class=\"item\">\n                                <span class=\"title\">Avec 30 francs :<\/span>\n                                <p>Vous offrez une brochure de pr\u00e9paration \u00e0 la naissance et aux urgences \u00e0 120 femmes enceintes au Burkina Faso.<\/p>\n                            <\/div>\n                                                    <div class=\"item\">\n                                <span class=\"title\"><\/span>\n                                <p><\/p>\n                            <\/div>\n                                                    <div class=\"item\">\n                                <span class=\"title\"><\/span>\n                                <p><\/p>\n                            <\/div>\n                                                                            <a href=\"https:\/\/don.edm.ch\/fr\" class=\"btnWhite buttonDonation\">\n                                JE FAIS UN DON                            <\/a>\n                                            <\/div>\n                <\/div>\n            <\/div>\n        <\/div>\n    <\/section>","protected":false},"excerpt":{"rendered":"","protected":false},"featured_media":8250,"template":"","news-category":[49,63,271],"news-year":[18],"class_list":["post-2338","news","type-news","status-publish","has-post-thumbnail","hentry","news-category-sante","news-category-burkina-faso","news-category-afrique","news-year-18"],"acf":[],"yoast_head":"<!-- This site is optimized with the Yoast SEO plugin v26.9 - https:\/\/yoast.com\/product\/yoast-seo-wordpress\/ -->\n<title>Sauvez la vie des m\u00e8res et b\u00e9b\u00e9s au Burkina Faso - Enfant du Monde<\/title>\n<meta name=\"description\" content=\"Enfant du monde lutte contre la mortalit\u00e9 maternelle et n\u00e9onatale\u00a0en \u00e9duquant les femmes enceintes \u00e0 la sant\u00e9.\" \/>\n<meta name=\"robots\" content=\"index, follow, max-snippet:-1, max-image-preview:large, max-video-preview:-1\" \/>\n<link rel=\"canonical\" href=\"https:\/\/edm.ch\/fr\/news\/aidez-nous-a-sauver-la-vie-des-bebes-et-de-leur-maman-au-burkina-faso\/\" \/>\n<meta property=\"og:locale\" content=\"fr_FR\" \/>\n<meta property=\"og:type\" content=\"article\" \/>\n<meta property=\"og:title\" content=\"Sauvez la vie des m\u00e8res et b\u00e9b\u00e9s au Burkina Faso - Enfant du Monde\" \/>\n<meta property=\"og:description\" content=\"Enfant du monde lutte contre la mortalit\u00e9 maternelle et n\u00e9onatale\u00a0en \u00e9duquant les femmes enceintes \u00e0 la sant\u00e9.\" \/>\n<meta property=\"og:url\" content=\"https:\/\/edm.ch\/fr\/news\/aidez-nous-a-sauver-la-vie-des-bebes-et-de-leur-maman-au-burkina-faso\/\" \/>\n<meta property=\"og:site_name\" content=\"Enfants du monde\" \/>\n<meta property=\"article:modified_time\" content=\"2024-02-08T16:27:05+00:00\" \/>\n<meta property=\"og:image\" content=\"https:\/\/edm.ch\/wp-content\/uploads\/2023\/08\/Enfants_du_monde_website_image-1.png\" \/>\n\t<meta property=\"og:image:width\" content=\"426\" \/>\n\t<meta property=\"og:image:height\" content=\"312\" \/>\n\t<meta property=\"og:image:type\" content=\"image\/png\" \/>\n<meta name=\"twitter:card\" content=\"summary_large_image\" \/>\n<meta name=\"twitter:label1\" content=\"Est. reading time\" \/>\n\t<meta name=\"twitter:data1\" content=\"1 minute\" \/>\n<script type=\"application\/ld+json\" class=\"yoast-schema-graph\">{\"@context\":\"https:\/\/schema.org\",\"@graph\":[{\"@type\":\"WebPage\",\"@id\":\"https:\/\/edm.ch\/fr\/news\/aidez-nous-a-sauver-la-vie-des-bebes-et-de-leur-maman-au-burkina-faso\/\",\"url\":\"https:\/\/edm.ch\/fr\/news\/aidez-nous-a-sauver-la-vie-des-bebes-et-de-leur-maman-au-burkina-faso\/\",\"name\":\"Sauvez la vie des m\u00e8res et b\u00e9b\u00e9s au Burkina Faso - Enfant du Monde\",\"isPartOf\":{\"@id\":\"https:\/\/edm.ch\/en\/#website\"},\"primaryImageOfPage\":{\"@id\":\"https:\/\/edm.ch\/fr\/news\/aidez-nous-a-sauver-la-vie-des-bebes-et-de-leur-maman-au-burkina-faso\/#primaryimage\"},\"image\":{\"@id\":\"https:\/\/edm.ch\/fr\/news\/aidez-nous-a-sauver-la-vie-des-bebes-et-de-leur-maman-au-burkina-faso\/#primaryimage\"},\"thumbnailUrl\":\"https:\/\/edm.ch\/wp-content\/uploads\/2023\/08\/Enfants_du_monde_website_image-1.png\",\"datePublished\":\"2023-07-13T13:53:00+00:00\",\"dateModified\":\"2024-02-08T16:27:05+00:00\",\"description\":\"Enfant du monde lutte contre la mortalit\u00e9 maternelle et n\u00e9onatale\u00a0en \u00e9duquant les femmes enceintes \u00e0 la sant\u00e9.\",\"inLanguage\":\"fr-FR\",\"potentialAction\":[{\"@type\":\"ReadAction\",\"target\":[\"https:\/\/edm.ch\/fr\/news\/aidez-nous-a-sauver-la-vie-des-bebes-et-de-leur-maman-au-burkina-faso\/\"]}]},{\"@type\":\"ImageObject\",\"inLanguage\":\"fr-FR\",\"@id\":\"https:\/\/edm.ch\/fr\/news\/aidez-nous-a-sauver-la-vie-des-bebes-et-de-leur-maman-au-burkina-faso\/#primaryimage\",\"url\":\"https:\/\/edm.ch\/wp-content\/uploads\/2023\/08\/Enfants_du_monde_website_image-1.png\",\"contentUrl\":\"https:\/\/edm.ch\/wp-content\/uploads\/2023\/08\/Enfants_du_monde_website_image-1.png\",\"width\":426,\"height\":312},{\"@type\":\"WebSite\",\"@id\":\"https:\/\/edm.ch\/en\/#website\",\"url\":\"https:\/\/edm.ch\/en\/\",\"name\":\"Enfants du monde\",\"description\":\"Association suisse\",\"potentialAction\":[{\"@type\":\"SearchAction\",\"target\":{\"@type\":\"EntryPoint\",\"urlTemplate\":\"https:\/\/edm.ch\/en\/?s={search_term_string}\"},\"query-input\":{\"@type\":\"PropertyValueSpecification\",\"valueRequired\":true,\"valueName\":\"search_term_string\"}}],\"inLanguage\":\"fr-FR\"}]}<\/script>\n<!-- \/ Yoast SEO plugin. -->","yoast_head_json":{"title":"Sauvez la vie des m\u00e8res et b\u00e9b\u00e9s au Burkina Faso - Enfant du Monde","description":"Enfant du monde lutte contre la mortalit\u00e9 maternelle et n\u00e9onatale\u00a0en \u00e9duquant les femmes enceintes \u00e0 la sant\u00e9.","robots":{"index":"index","follow":"follow","max-snippet":"max-snippet:-1","max-image-preview":"max-image-preview:large","max-video-preview":"max-video-preview:-1"},"canonical":"https:\/\/edm.ch\/fr\/news\/aidez-nous-a-sauver-la-vie-des-bebes-et-de-leur-maman-au-burkina-faso\/","og_locale":"fr_FR","og_type":"article","og_title":"Sauvez la vie des m\u00e8res et b\u00e9b\u00e9s au Burkina Faso - Enfant du Monde","og_description":"Enfant du monde lutte contre la mortalit\u00e9 maternelle et n\u00e9onatale\u00a0en \u00e9duquant les femmes enceintes \u00e0 la sant\u00e9.","og_url":"https:\/\/edm.ch\/fr\/news\/aidez-nous-a-sauver-la-vie-des-bebes-et-de-leur-maman-au-burkina-faso\/","og_site_name":"Enfants du monde","article_modified_time":"2024-02-08T16:27:05+00:00","og_image":[{"width":426,"height":312,"url":"https:\/\/edm.ch\/wp-content\/uploads\/2023\/08\/Enfants_du_monde_website_image-1.png","type":"image\/png"}],"twitter_card":"summary_large_image","twitter_misc":{"Est. reading time":"1 minute"},"schema":{"@context":"https:\/\/schema.org","@graph":[{"@type":"WebPage","@id":"https:\/\/edm.ch\/fr\/news\/aidez-nous-a-sauver-la-vie-des-bebes-et-de-leur-maman-au-burkina-faso\/","url":"https:\/\/edm.ch\/fr\/news\/aidez-nous-a-sauver-la-vie-des-bebes-et-de-leur-maman-au-burkina-faso\/","name":"Sauvez la vie des m\u00e8res et b\u00e9b\u00e9s au Burkina Faso - Enfant du Monde","isPartOf":{"@id":"https:\/\/edm.ch\/en\/#website"},"primaryImageOfPage":{"@id":"https:\/\/edm.ch\/fr\/news\/aidez-nous-a-sauver-la-vie-des-bebes-et-de-leur-maman-au-burkina-faso\/#primaryimage"},"image":{"@id":"https:\/\/edm.ch\/fr\/news\/aidez-nous-a-sauver-la-vie-des-bebes-et-de-leur-maman-au-burkina-faso\/#primaryimage"},"thumbnailUrl":"https:\/\/edm.ch\/wp-content\/uploads\/2023\/08\/Enfants_du_monde_website_image-1.png","datePublished":"2023-07-13T13:53:00+00:00","dateModified":"2024-02-08T16:27:05+00:00","description":"Enfant du monde lutte contre la mortalit\u00e9 maternelle et n\u00e9onatale\u00a0en \u00e9duquant les femmes enceintes \u00e0 la sant\u00e9.","inLanguage":"fr-FR","potentialAction":[{"@type":"ReadAction","target":["https:\/\/edm.ch\/fr\/news\/aidez-nous-a-sauver-la-vie-des-bebes-et-de-leur-maman-au-burkina-faso\/"]}]},{"@type":"ImageObject","inLanguage":"fr-FR","@id":"https:\/\/edm.ch\/fr\/news\/aidez-nous-a-sauver-la-vie-des-bebes-et-de-leur-maman-au-burkina-faso\/#primaryimage","url":"https:\/\/edm.ch\/wp-content\/uploads\/2023\/08\/Enfants_du_monde_website_image-1.png","contentUrl":"https:\/\/edm.ch\/wp-content\/uploads\/2023\/08\/Enfants_du_monde_website_image-1.png","width":426,"height":312},{"@type":"WebSite","@id":"https:\/\/edm.ch\/en\/#website","url":"https:\/\/edm.ch\/en\/","name":"Enfants du monde","description":"Association suisse","potentialAction":[{"@type":"SearchAction","target":{"@type":"EntryPoint","urlTemplate":"https:\/\/edm.ch\/en\/?s={search_term_string}"},"query-input":{"@type":"PropertyValueSpecification","valueRequired":true,"valueName":"search_term_string"}}],"inLanguage":"fr-FR"}]}},"_links":{"self":[{"href":"https:\/\/edm.ch\/fr\/wp-json\/wp\/v2\/news\/2338","targetHints":{"allow":["GET"]}}],"collection":[{"href":"https:\/\/edm.ch\/fr\/wp-json\/wp\/v2\/news"}],"about":[{"href":"https:\/\/edm.ch\/fr\/wp-json\/wp\/v2\/types\/news"}],"wp:featuredmedia":[{"embeddable":true,"href":"https:\/\/edm.ch\/fr\/wp-json\/wp\/v2\/media\/8250"}],"wp:attachment":[{"href":"https:\/\/edm.ch\/fr\/wp-json\/wp\/v2\/media?parent=2338"}],"wp:term":[{"taxonomy":"news-category","embeddable":true,"href":"https:\/\/edm.ch\/fr\/wp-json\/wp\/v2\/news-category?post=2338"},{"taxonomy":"news-year","embeddable":true,"href":"https:\/\/edm.ch\/fr\/wp-json\/wp\/v2\/news-year?post=2338"}],"curies":[{"name":"wp","href":"https:\/\/api.w.org\/{rel}","templated":true}]}}