{"id":23343,"date":"2021-07-30T08:27:48","date_gmt":"2021-07-30T08:27:48","guid":{"rendered":"https:\/\/edm.ch\/enfants-du-monde-devient-membre-du-geneva-global-hub-for-education-in-emergencies\/"},"modified":"2023-11-30T12:25:53","modified_gmt":"2023-11-30T12:25:53","slug":"enfants-du-monde-devient-membre-du-geneva-global-hub-for-education-in-emergencies","status":"publish","type":"news","link":"https:\/\/edm.ch\/fr\/news\/enfants-du-monde-devient-membre-du-geneva-global-hub-for-education-in-emergencies\/","title":{"rendered":"ENFANTS DU MONDE DEVIENT MEMBRE DU GENEVA GLOBAL HUB FOR EDUCATION IN EMERGENCIES"},"content":{"rendered":"<section class=\"subpageBanner\" style=\"display:\">\n    <div class=\"subpageBannerBlock figure_block\">\n        <img decoding=\"async\" data-src=\"https:\/\/edm.ch\/wp-content\/uploads\/2023\/11\/enfant-du-monde-burkina-faso-urgence-.png\" src=\"data:image\/svg+xml;base64,PHN2ZyB3aWR0aD0iMSIgaGVpZ2h0PSIxIiB4bWxucz0iaHR0cDovL3d3dy53My5vcmcvMjAwMC9zdmciPjwvc3ZnPg==\" class=\"lazyload\" style=\"--smush-placeholder-width: 2500px; --smush-placeholder-aspect-ratio: 2500\/1080;\" data-srcset=\"https:\/\/edm.ch\/wp-content\/uploads\/2023\/11\/enfant-du-monde-burkina-faso-urgence-.png 2500w, https:\/\/edm.ch\/wp-content\/uploads\/2023\/11\/enfant-du-monde-burkina-faso-urgence--300x130.png 300w, https:\/\/edm.ch\/wp-content\/uploads\/2023\/11\/enfant-du-monde-burkina-faso-urgence--1024x442.png 1024w, https:\/\/edm.ch\/wp-content\/uploads\/2023\/11\/enfant-du-monde-burkina-faso-urgence--768x332.png 768w, https:\/\/edm.ch\/wp-content\/uploads\/2023\/11\/enfant-du-monde-burkina-faso-urgence--1536x664.png 1536w, https:\/\/edm.ch\/wp-content\/uploads\/2023\/11\/enfant-du-monde-burkina-faso-urgence--2048x885.png 2048w\" data-sizes=\"auto\" data-original-sizes=\"(max-width: 2500px) 100vw, 2500px\" \/>\n        <div class=\"subpageBannerWrap\">\n            <div class=\"container\">\n                <div class=\"content\">\n                    <div>\n                        <span class=\"bannerHead\">Enfants du Monde devient memebre du Geneva Global Hub for Education for Education in Emergenies <\/span>\n                        <h1><\/h1>\n                    <\/div>\n                                    <\/div>\n            <\/div>\n        <\/div>\n            <\/div>\n<\/section>\n<script type=\"text\/javascript\">\n    jQuery(document).ready(function ($) {\n        \/\/ Check if the block exists\n        var bannerSection = $('#subpage-banner-section');\n\n        if (bannerSection.length > 0) {\n            \/\/ Move the block to the end of <main> just before the footer\n            $('main').append(bannerSection); \/\/ This will append it inside the <main> tag\n        }\n\n        $('.documentAccordion').on('click', function (e) {\n            e.preventDefault();  \/\/ Prevent default link action\n\n            \/\/ Target the section with the given ID\n            $('html, body').animate({\n                scrollTop: $('#subpage-banner-section').offset().top - 200\n            }, 1000);\n        });\n    });\n<\/script>\n\n        <section class=\"contentSec\" style=\"display:\">\n        <div class=\"container\">\n            <div class=\"contentBlock\">\n                <h5><\/h5>\n                <p>Enfants du monde s\u2019engage aux c\u00f4t\u00e9s de plusieurs organisations pour faire de Gen\u00e8ve, un hub mondial pour l\u2019\u00e9ducation en situation d\u2019urgence.<\/p>\n<p>Plus de la moiti\u00e9 des personnes d\u00e9plac\u00e9es dans le monde sont des enfants\u00a0et, chaque jour, des millions d\u2019enfants voient leur destin boulevers\u00e9 par des violations des droits humains, des conflits, des violences et les risques li\u00e9s aux changements climatiques.<\/p>\n<p>Dans ces situations probl\u00e9matiques, d\u2019autant plus aggrav\u00e9es par la pand\u00e9mie de COVID-19, les enfants n\u2019ont souvent pas acc\u00e8s \u00e0 une \u00e9ducation appropri\u00e9e. Nous assistons \u00e0 une crise mondiale dans laquelle les enfants et les jeunes d\u00e9favoris\u00e9s courent <strong>un risque accru d\u2019\u00eatre d\u00e9scolaris\u00e9-es.<\/strong><\/p>\n                            <\/div>\n        <\/div>\n    <\/section>\n\n\n    \n    <section class=\"rightTextLeftImg \" style=\"display:\">\n        <div class=\"container\">\n            <div class=\"rightTextLeftImgRow\">\n                                    <div class=\"left\">\n                                            <\/div>\n                                                    <div class=\"right\">\n                        <div class=\"content\">\n                            <h2>                                Un centre mondial \u00e0 Gen\u00e8ve pour l&rsquo;\u00e9ducation en situation d&rsquo;urgence <small><\/small>\n                            <\/h2>                                                            <p>Le 25 janvier 2021, le Centre mondial de Gen\u00e8ve pour l&rsquo;\u00e9ducation en situation d&rsquo;urgence (Geneva Global Hub for Education in Emergencies) a \u00e9t\u00e9 lanc\u00e9 afin de r\u00e9pondre efficacement au besoin urgent des enfants d\u00e9plac\u00e9s, vuln\u00e9rables et ceux des communaut\u00e9s d\u00e9munies, d\u2019acc\u00e9der \u00e0 une \u00e9ducation de qualit\u00e9.<\/p>\n<p>Plusieurs organisations se sont engag\u00e9es en ce sens telles qu\u2019\u00c9ducation sans d\u00e9lai (Education Cannot Wait), le Comit\u00e9 international de la Croix-Rouge, l&rsquo;UNICEF ou encore l&rsquo;UNESCO. Enfants du Monde les a r\u00e9cemment rejointes !<\/p>\n                                                                                                            <\/div>\n                    <\/div>\n                            <\/div>\n        <\/div>\n    <\/section>\n\n\n    \n    <section class=\"leftTextRightImg \" style=\"display:\">\n        <div class=\"container\">\n            <div class=\"leftTextRightImgRow\">\n                                    <div class=\"right\">\n                                            <\/div>\n                                                    <div class=\"left\">\n                        <div class=\"content\">\n                            <h2>                                Une d\u00e9marche inscrite dans les objectifs de d\u00e9veloppement durable <small><\/small>\n                            <\/h2>                                                            <p>Dans le cadre de notre projet d\u2019\u00e9ducation en situation d\u2019urgence r\u00e9cemment d\u00e9but\u00e9 gr\u00e2ce au pr\u00e9cieux soutien du fonds mondial \u00c9ducation sans d\u00e9lai, Enfants du Monde \u0153uvre d\u00e9j\u00e0 pour scolariser les enfants d\u00e9plac\u00e9s au Burkina Faso.<\/p>\n<p>En juin 2021, Enfants du Monde est devenu membre du hub mondial de Gen\u00e8ve pour l&rsquo;\u00e9ducation en situation d&rsquo;urgence. \u00c0 ce titre, notre association se mobilise pour mettre en \u0153uvre les engagements pris lors du Forum mondial des r\u00e9fugi\u00e9s 2019 et faire de Gen\u00e8ve un hub mondial pour l&rsquo;\u00e9ducation en situation d&rsquo;urgence.<\/p>\n<p>Au moins jusqu\u2019en d\u00e9cembre 2023, les organisations membres collaborerons pour progresser dans la r\u00e9alisation de l\u2019Objectif de D\u00e9veloppement Durable (ODD) 4 : Assurer l\u2019acc\u00e8s de toutes et tous \u00e0 une \u00e9ducation de qualit\u00e9, sur un pied d\u2019\u00e9galit\u00e9, et promouvoir les possibilit\u00e9s d\u2019apprentissage tout au long de la vie.<\/p>\n<p><span style=\"color: #000000;\">Trois objectifs principaux ont \u00e9t\u00e9 identifi\u00e9s :<\/span><\/p>\n<ul>\n<li>Permettre aux membres de se r\u00e9unir pour renforcer leur r\u00e9ponse aux besoins \u00e9ducatifs dans les situations d&rsquo;urgence ;<\/li>\n<li>Placer l\u2019\u00e9ducation au c\u0153ur de l\u2019agenda international en rassemblant la communaut\u00e9 strat\u00e9gique de Gen\u00e8ve ;<\/li>\n<li>Renforcer l&rsquo;impact de l\u2019\u00e9ducation au niveau national pour construire des syst\u00e8mes \u00e9ducatifs r\u00e9silients.<\/li>\n<\/ul>\n                                                                                                            <\/div>\n                    <\/div>\n                            <\/div>\n        <\/div>\n    <\/section>","protected":false},"excerpt":{"rendered":"<p>Enfants du monde s\u2019engage aux c\u00f4t\u00e9s de plusieurs organisations pour faire de Gen\u00e8ve, un hub mondial pour l\u2019\u00e9ducation en situation d\u2019urgence.<\/p>\n","protected":false},"featured_media":23335,"template":"","news-category":[63,271],"news-year":[329],"class_list":["post-23343","news","type-news","status-publish","has-post-thumbnail","hentry","news-category-burkina-faso","news-category-afrique","news-year-329"],"acf":[],"yoast_head":"<!-- This site is optimized with the Yoast SEO plugin v26.9 - https:\/\/yoast.com\/product\/yoast-seo-wordpress\/ -->\n<title>Geneva Global Hub - Enfants du Monde<\/title>\n<meta name=\"description\" content=\"Enfants du monde s\u2019engage aux c\u00f4t\u00e9s de plusieurs organisations pour faire de Gen\u00e8ve, un hub mondial pour l\u2019\u00e9ducation en situation d\u2019urgence.\" \/>\n<meta name=\"robots\" content=\"index, follow, max-snippet:-1, max-image-preview:large, max-video-preview:-1\" \/>\n<link rel=\"canonical\" href=\"https:\/\/edm.ch\/fr\/news\/enfants-du-monde-devient-membre-du-geneva-global-hub-for-education-in-emergencies\/\" \/>\n<meta property=\"og:locale\" content=\"fr_FR\" \/>\n<meta property=\"og:type\" content=\"article\" \/>\n<meta property=\"og:title\" content=\"Geneva Global Hub - Enfants du Monde\" \/>\n<meta property=\"og:description\" content=\"Enfants du monde s\u2019engage aux c\u00f4t\u00e9s de plusieurs organisations pour faire de Gen\u00e8ve, un hub mondial pour l\u2019\u00e9ducation en situation d\u2019urgence.\" \/>\n<meta property=\"og:url\" content=\"https:\/\/edm.ch\/fr\/news\/enfants-du-monde-devient-membre-du-geneva-global-hub-for-education-in-emergencies\/\" \/>\n<meta property=\"og:site_name\" content=\"Enfants du monde\" \/>\n<meta property=\"article:modified_time\" content=\"2023-11-30T12:25:53+00:00\" \/>\n<meta property=\"og:image\" content=\"https:\/\/edm.ch\/wp-content\/uploads\/2021\/07\/2021.08.05_EnfantsDuMonde_GenevaGlobalHubForEducationEmergencies_apercu_600x336-1.jpg\" \/>\n\t<meta property=\"og:image:width\" content=\"600\" \/>\n\t<meta property=\"og:image:height\" content=\"336\" \/>\n\t<meta property=\"og:image:type\" content=\"image\/jpeg\" \/>\n<meta name=\"twitter:card\" content=\"summary_large_image\" \/>\n<script type=\"application\/ld+json\" class=\"yoast-schema-graph\">{\"@context\":\"https:\/\/schema.org\",\"@graph\":[{\"@type\":\"WebPage\",\"@id\":\"https:\/\/edm.ch\/fr\/news\/enfants-du-monde-devient-membre-du-geneva-global-hub-for-education-in-emergencies\/\",\"url\":\"https:\/\/edm.ch\/fr\/news\/enfants-du-monde-devient-membre-du-geneva-global-hub-for-education-in-emergencies\/\",\"name\":\"Geneva Global Hub - Enfants du Monde\",\"isPartOf\":{\"@id\":\"https:\/\/edm.ch\/en\/#website\"},\"primaryImageOfPage\":{\"@id\":\"https:\/\/edm.ch\/fr\/news\/enfants-du-monde-devient-membre-du-geneva-global-hub-for-education-in-emergencies\/#primaryimage\"},\"image\":{\"@id\":\"https:\/\/edm.ch\/fr\/news\/enfants-du-monde-devient-membre-du-geneva-global-hub-for-education-in-emergencies\/#primaryimage\"},\"thumbnailUrl\":\"https:\/\/edm.ch\/wp-content\/uploads\/2021\/07\/2021.08.05_EnfantsDuMonde_GenevaGlobalHubForEducationEmergencies_apercu_600x336-1.jpg\",\"datePublished\":\"2021-07-30T08:27:48+00:00\",\"dateModified\":\"2023-11-30T12:25:53+00:00\",\"description\":\"Enfants du monde s\u2019engage aux c\u00f4t\u00e9s de plusieurs organisations pour faire de Gen\u00e8ve, un hub mondial pour l\u2019\u00e9ducation en situation d\u2019urgence.\",\"inLanguage\":\"fr-FR\",\"potentialAction\":[{\"@type\":\"ReadAction\",\"target\":[\"https:\/\/edm.ch\/fr\/news\/enfants-du-monde-devient-membre-du-geneva-global-hub-for-education-in-emergencies\/\"]}]},{\"@type\":\"ImageObject\",\"inLanguage\":\"fr-FR\",\"@id\":\"https:\/\/edm.ch\/fr\/news\/enfants-du-monde-devient-membre-du-geneva-global-hub-for-education-in-emergencies\/#primaryimage\",\"url\":\"https:\/\/edm.ch\/wp-content\/uploads\/2021\/07\/2021.08.05_EnfantsDuMonde_GenevaGlobalHubForEducationEmergencies_apercu_600x336-1.jpg\",\"contentUrl\":\"https:\/\/edm.ch\/wp-content\/uploads\/2021\/07\/2021.08.05_EnfantsDuMonde_GenevaGlobalHubForEducationEmergencies_apercu_600x336-1.jpg\",\"width\":600,\"height\":336},{\"@type\":\"WebSite\",\"@id\":\"https:\/\/edm.ch\/en\/#website\",\"url\":\"https:\/\/edm.ch\/en\/\",\"name\":\"Enfants du monde\",\"description\":\"Association suisse\",\"potentialAction\":[{\"@type\":\"SearchAction\",\"target\":{\"@type\":\"EntryPoint\",\"urlTemplate\":\"https:\/\/edm.ch\/en\/?s={search_term_string}\"},\"query-input\":{\"@type\":\"PropertyValueSpecification\",\"valueRequired\":true,\"valueName\":\"search_term_string\"}}],\"inLanguage\":\"fr-FR\"}]}<\/script>\n<!-- \/ Yoast SEO plugin. -->","yoast_head_json":{"title":"Geneva Global Hub - Enfants du Monde","description":"Enfants du monde s\u2019engage aux c\u00f4t\u00e9s de plusieurs organisations pour faire de Gen\u00e8ve, un hub mondial pour l\u2019\u00e9ducation en situation d\u2019urgence.","robots":{"index":"index","follow":"follow","max-snippet":"max-snippet:-1","max-image-preview":"max-image-preview:large","max-video-preview":"max-video-preview:-1"},"canonical":"https:\/\/edm.ch\/fr\/news\/enfants-du-monde-devient-membre-du-geneva-global-hub-for-education-in-emergencies\/","og_locale":"fr_FR","og_type":"article","og_title":"Geneva Global Hub - Enfants du Monde","og_description":"Enfants du monde s\u2019engage aux c\u00f4t\u00e9s de plusieurs organisations pour faire de Gen\u00e8ve, un hub mondial pour l\u2019\u00e9ducation en situation d\u2019urgence.","og_url":"https:\/\/edm.ch\/fr\/news\/enfants-du-monde-devient-membre-du-geneva-global-hub-for-education-in-emergencies\/","og_site_name":"Enfants du monde","article_modified_time":"2023-11-30T12:25:53+00:00","og_image":[{"width":600,"height":336,"url":"https:\/\/edm.ch\/wp-content\/uploads\/2021\/07\/2021.08.05_EnfantsDuMonde_GenevaGlobalHubForEducationEmergencies_apercu_600x336-1.jpg","type":"image\/jpeg"}],"twitter_card":"summary_large_image","schema":{"@context":"https:\/\/schema.org","@graph":[{"@type":"WebPage","@id":"https:\/\/edm.ch\/fr\/news\/enfants-du-monde-devient-membre-du-geneva-global-hub-for-education-in-emergencies\/","url":"https:\/\/edm.ch\/fr\/news\/enfants-du-monde-devient-membre-du-geneva-global-hub-for-education-in-emergencies\/","name":"Geneva Global Hub - Enfants du Monde","isPartOf":{"@id":"https:\/\/edm.ch\/en\/#website"},"primaryImageOfPage":{"@id":"https:\/\/edm.ch\/fr\/news\/enfants-du-monde-devient-membre-du-geneva-global-hub-for-education-in-emergencies\/#primaryimage"},"image":{"@id":"https:\/\/edm.ch\/fr\/news\/enfants-du-monde-devient-membre-du-geneva-global-hub-for-education-in-emergencies\/#primaryimage"},"thumbnailUrl":"https:\/\/edm.ch\/wp-content\/uploads\/2021\/07\/2021.08.05_EnfantsDuMonde_GenevaGlobalHubForEducationEmergencies_apercu_600x336-1.jpg","datePublished":"2021-07-30T08:27:48+00:00","dateModified":"2023-11-30T12:25:53+00:00","description":"Enfants du monde s\u2019engage aux c\u00f4t\u00e9s de plusieurs organisations pour faire de Gen\u00e8ve, un hub mondial pour l\u2019\u00e9ducation en situation d\u2019urgence.","inLanguage":"fr-FR","potentialAction":[{"@type":"ReadAction","target":["https:\/\/edm.ch\/fr\/news\/enfants-du-monde-devient-membre-du-geneva-global-hub-for-education-in-emergencies\/"]}]},{"@type":"ImageObject","inLanguage":"fr-FR","@id":"https:\/\/edm.ch\/fr\/news\/enfants-du-monde-devient-membre-du-geneva-global-hub-for-education-in-emergencies\/#primaryimage","url":"https:\/\/edm.ch\/wp-content\/uploads\/2021\/07\/2021.08.05_EnfantsDuMonde_GenevaGlobalHubForEducationEmergencies_apercu_600x336-1.jpg","contentUrl":"https:\/\/edm.ch\/wp-content\/uploads\/2021\/07\/2021.08.05_EnfantsDuMonde_GenevaGlobalHubForEducationEmergencies_apercu_600x336-1.jpg","width":600,"height":336},{"@type":"WebSite","@id":"https:\/\/edm.ch\/en\/#website","url":"https:\/\/edm.ch\/en\/","name":"Enfants du monde","description":"Association suisse","potentialAction":[{"@type":"SearchAction","target":{"@type":"EntryPoint","urlTemplate":"https:\/\/edm.ch\/en\/?s={search_term_string}"},"query-input":{"@type":"PropertyValueSpecification","valueRequired":true,"valueName":"search_term_string"}}],"inLanguage":"fr-FR"}]}},"_links":{"self":[{"href":"https:\/\/edm.ch\/fr\/wp-json\/wp\/v2\/news\/23343","targetHints":{"allow":["GET"]}}],"collection":[{"href":"https:\/\/edm.ch\/fr\/wp-json\/wp\/v2\/news"}],"about":[{"href":"https:\/\/edm.ch\/fr\/wp-json\/wp\/v2\/types\/news"}],"wp:featuredmedia":[{"embeddable":true,"href":"https:\/\/edm.ch\/fr\/wp-json\/wp\/v2\/media\/23335"}],"wp:attachment":[{"href":"https:\/\/edm.ch\/fr\/wp-json\/wp\/v2\/media?parent=23343"}],"wp:term":[{"taxonomy":"news-category","embeddable":true,"href":"https:\/\/edm.ch\/fr\/wp-json\/wp\/v2\/news-category?post=23343"},{"taxonomy":"news-year","embeddable":true,"href":"https:\/\/edm.ch\/fr\/wp-json\/wp\/v2\/news-year?post=23343"}],"curies":[{"name":"wp","href":"https:\/\/api.w.org\/{rel}","templated":true}]}}