{"id":14491,"date":"2020-06-06T10:12:00","date_gmt":"2020-06-06T10:12:00","guid":{"rendered":"https:\/\/edm.ch\/?post_type=news&#038;p=14491"},"modified":"2023-11-10T12:51:00","modified_gmt":"2023-11-10T12:51:00","slug":"la-lutte-contre-le-covid-19-dans-un-pays-du-sud-le-bangladesh","status":"publish","type":"news","link":"https:\/\/edm.ch\/fr\/news\/la-lutte-contre-le-covid-19-dans-un-pays-du-sud-le-bangladesh\/","title":{"rendered":"La lutte contre le COVID-19 dans un pays du Sud : le Bangladesh"},"content":{"rendered":"<section class=\"subpageBanner\" style=\"display:\">\n    <div class=\"subpageBannerBlock figure_block\">\n        <img decoding=\"async\" data-src=\"https:\/\/edm.ch\/wp-content\/uploads\/2023\/09\/Banner-covid-Bangladesh.png\" src=\"data:image\/svg+xml;base64,PHN2ZyB3aWR0aD0iMSIgaGVpZ2h0PSIxIiB4bWxucz0iaHR0cDovL3d3dy53My5vcmcvMjAwMC9zdmciPjwvc3ZnPg==\" class=\"lazyload\" style=\"--smush-placeholder-width: 2500px; --smush-placeholder-aspect-ratio: 2500\/1080;\" data-srcset=\"https:\/\/edm.ch\/wp-content\/uploads\/2023\/09\/Banner-covid-Bangladesh.png 2500w, https:\/\/edm.ch\/wp-content\/uploads\/2023\/09\/Banner-covid-Bangladesh-300x130.png 300w, https:\/\/edm.ch\/wp-content\/uploads\/2023\/09\/Banner-covid-Bangladesh-1024x442.png 1024w, https:\/\/edm.ch\/wp-content\/uploads\/2023\/09\/Banner-covid-Bangladesh-768x332.png 768w, https:\/\/edm.ch\/wp-content\/uploads\/2023\/09\/Banner-covid-Bangladesh-1536x664.png 1536w, https:\/\/edm.ch\/wp-content\/uploads\/2023\/09\/Banner-covid-Bangladesh-2048x885.png 2048w\" data-sizes=\"auto\" data-original-sizes=\"(max-width: 2500px) 100vw, 2500px\" \/>\n        <div class=\"subpageBannerWrap\">\n            <div class=\"container\">\n                <div class=\"content\">\n                    <div>\n                        <span class=\"bannerHead\"><\/span>\n                        <h1>La lutte contre le COVID-19 dans un pays du Sud : le Bangladesh<\/h1>\n                    <\/div>\n                                    <\/div>\n            <\/div>\n        <\/div>\n            <\/div>\n<\/section>\n<script type=\"text\/javascript\">\n    jQuery(document).ready(function ($) {\n        \/\/ Check if the block exists\n        var bannerSection = $('#subpage-banner-section');\n\n        if (bannerSection.length > 0) {\n            \/\/ Move the block to the end of <main> just before the footer\n            $('main').append(bannerSection); \/\/ This will append it inside the <main> tag\n        }\n\n        $('.documentAccordion').on('click', function (e) {\n            e.preventDefault();  \/\/ Prevent default link action\n\n            \/\/ Target the section with the given ID\n            $('html, body').animate({\n                scrollTop: $('#subpage-banner-section').offset().top - 200\n            }, 1000);\n        });\n    });\n<\/script>\n\n\n    \n    <section class=\"leftTextRightImg \" style=\"display:\">\n        <div class=\"container\">\n            <div class=\"leftTextRightImgRow\">\n                                    <div class=\"right\">\n                                                    <div class=\"imgBlock\">\n                                <a class=\"figure_block\" href=\"https:\/\/edm.ch\/wp-content\/uploads\/2023\/08\/Bangladesh_Covid.jpg\" data-fancybox data-caption=\"\">\n                                    <img decoding=\"async\" data-src=\"https:\/\/edm.ch\/wp-content\/uploads\/2023\/08\/Bangladesh_Covid.jpg\" src=\"data:image\/svg+xml;base64,PHN2ZyB3aWR0aD0iMSIgaGVpZ2h0PSIxIiB4bWxucz0iaHR0cDovL3d3dy53My5vcmcvMjAwMC9zdmciPjwvc3ZnPg==\" class=\"lazyload\" style=\"--smush-placeholder-width: 600px; --smush-placeholder-aspect-ratio: 600\/400;\" data-srcset=\"https:\/\/edm.ch\/wp-content\/uploads\/2023\/08\/Bangladesh_Covid.jpg 600w, https:\/\/edm.ch\/wp-content\/uploads\/2023\/08\/Bangladesh_Covid-300x200.png 300w\" data-sizes=\"auto\" data-original-sizes=\"(max-width: 600px) 100vw, 600px\" \/>\n                                                                    <\/a>\n                                <figcaption><\/figcaption>\n                            <\/div>\n                                            <\/div>\n                                                    <div class=\"left\">\n                        <div class=\"content\">\n                            <h3>                                 <small><\/small>\n                            <\/h3>                                                            <p>Au Bangladesh, pays de plus de 160 millions d&rsquo;habitants, les premiers signes de l&rsquo;\u00e9pid\u00e9mie commencent \u00e0 arriver, avec plus de 50 cas confirm\u00e9s \u00e0 fin mars. La course contre la montre pour enrayer la propagation du coronavirus est lanc\u00e9e et le partenaire d&rsquo;Enfants du Monde sur place, <a href=\"https:\/\/www.brac.net\/\">Building Resources Across Communities (BRAC)<\/a> y travaille d\u00e9j\u00e0.<\/p>\n<h3>Formation et protection des agents de sant\u00e9<\/h3>\n<p>BRAC a pris des mesures pour assurer la protection de son personnel et des b\u00e9n\u00e9ficiaires de ses interventions et mobilise son vaste r\u00e9seau d\u2019agents de sant\u00e9 communautaire r\u00e9partis sur tout le territoire national pour diffuser des messages de pr\u00e9vention aupr\u00e8s des populations.<\/p>\n<p>Tout d\u2019abord, des personnes cl\u00e9s de BRAC ont \u00e9t\u00e9 form\u00e9es sur les principales mesures de pr\u00e9vention et de r\u00e9ponse \u00e0 la pand\u00e9mie du COVID-19 par les experts du d\u00e9partement biom\u00e9dical de l&rsquo;Institut national d&rsquo;\u00e9pid\u00e9miologie, de contr\u00f4le des maladies et de la recherche du Bangladesh.<\/p>\n<p>Ensuite, un groupe de \u2018formateurs de formateurs\u2019, d\u2019une quinzaine de personnes a d\u00e9velopp\u00e9 du mat\u00e9riel de formation pour la pr\u00e9vention et le contr\u00f4le des infections, la mise en place de protocoles standardis\u00e9s ainsi que du mat\u00e9riel de communication en langue locale. Ces formateurs ont utilis\u00e9 notamment une plateforme en ligne afin de toucher rapidement les 3\u2018000 bureaux du partenaire local d\u2019Enfants du Monde.<\/p>\n                                                                                                            <\/div>\n                    <\/div>\n                            <\/div>\n        <\/div>\n    <\/section>\n\n\n    \n    <section class=\"rightTextLeftImg \" style=\"display:\">\n        <div class=\"container\">\n            <div class=\"rightTextLeftImgRow\">\n                                    <div class=\"left\">\n                                                    <div class=\"videoBlock\">\n                                <iframe width=\"100%\" height=\"100%\" data-src=\"https:\/\/www.youtube.com\/embed\/BnOu5IVUy0c?si=GfzYOUZAlOaZg6s8\" title=\"YouTube video player\" frameborder=\"0\" allow=\"accelerometer; autoplay; clipboard-write; encrypted-media; gyroscope; picture-in-picture; web-share\" allowfullscreen src=\"data:image\/svg+xml;base64,PHN2ZyB3aWR0aD0iMSIgaGVpZ2h0PSIxIiB4bWxucz0iaHR0cDovL3d3dy53My5vcmcvMjAwMC9zdmciPjwvc3ZnPg==\" class=\"lazyload\" data-load-mode=\"1\"><\/iframe>\n                            <\/div>\n                                            <\/div>\n                                                    <div class=\"right\">\n                        <div class=\"content\">\n                            <h3>                                 <small><\/small>\n                            <\/h3>                                                            <h3><strong>Campagne d\u2019information de la population locale<\/strong><\/h3>\n<p>Enfin, pr\u00e8s de 100\u2018000 agents de sant\u00e9 communautaires et volontaires ont \u00e9t\u00e9 d\u00e9ploy\u00e9s sur le terrain dans le but d&rsquo;informer la population sur cinq pratiques cl\u00e9s de contr\u00f4le de la propagation du COVID-19 : le maintien de la distance sociale, le lavage des mains, l&rsquo;\u00e9ducation contre la toux, la quarantaine \u00e0 la maison, l\u2019identification des sympt\u00f4mes et des consultations \u00e0 distance. Les agents de sant\u00e9 portent un masque et utilisent une solution hydro-alcoolique. Ils distribuent \u00e9galement des brochures explicatives sur les gestes cl\u00e9s et bonnes pratiques.<br \/>\nJusqu\u2019au 5 avril, le partenaire local d\u2019Enfants du Monde appuie les efforts du gouvernement dans une campagne de sensibilisation de 10 jours qui cible 5 millions de foyers en vue de contr\u00f4ler la propagation du virus. Cette campagne de sensibilisation passe par de nombreux canaux notamment une plateforme de formation en ligne, des m\u00e9dias sociaux, une page Facebook et un blog.<\/p>\n<p>Une vid\u00e9o pr\u00e9sentant les gestes-cl\u00e9s de pr\u00e9vention \u00e0 l&rsquo;intention des femmes enceintes et de leur famille a \u00e9galement \u00e9t\u00e9 produite avec le soutien d&rsquo;Enfants du Monde:<\/p>\n                                                                                                            <\/div>\n                    <\/div>\n                            <\/div>\n        <\/div>\n    <\/section>\n\n\n    \n    <section class=\"leftTextRightImg \" style=\"display:\">\n        <div class=\"container\">\n            <div class=\"leftTextRightImgRow\">\n                                    <div class=\"right\">\n                                                    <div class=\"imgBlock\">\n                                <a class=\"figure_block\" href=\"https:\/\/edm.ch\/wp-content\/uploads\/2020\/06\/Covid-poster-Bangladesh.png\" data-fancybox data-caption=\"\">\n                                    <img decoding=\"async\" data-src=\"https:\/\/edm.ch\/wp-content\/uploads\/2020\/06\/Covid-poster-Bangladesh.png\" src=\"data:image\/svg+xml;base64,PHN2ZyB3aWR0aD0iMSIgaGVpZ2h0PSIxIiB4bWxucz0iaHR0cDovL3d3dy53My5vcmcvMjAwMC9zdmciPjwvc3ZnPg==\" class=\"lazyload\" style=\"--smush-placeholder-width: 1920px; --smush-placeholder-aspect-ratio: 1920\/1920;\" data-srcset=\"https:\/\/edm.ch\/wp-content\/uploads\/2020\/06\/Covid-poster-Bangladesh.png 1920w, https:\/\/edm.ch\/wp-content\/uploads\/2020\/06\/Covid-poster-Bangladesh-300x300.png 300w, https:\/\/edm.ch\/wp-content\/uploads\/2020\/06\/Covid-poster-Bangladesh-1024x1024.png 1024w, https:\/\/edm.ch\/wp-content\/uploads\/2020\/06\/Covid-poster-Bangladesh-150x150.png 150w, https:\/\/edm.ch\/wp-content\/uploads\/2020\/06\/Covid-poster-Bangladesh-768x768.png 768w, https:\/\/edm.ch\/wp-content\/uploads\/2020\/06\/Covid-poster-Bangladesh-1536x1536.png 1536w\" data-sizes=\"auto\" data-original-sizes=\"(max-width: 1920px) 100vw, 1920px\" \/>\n                                                                    <\/a>\n                                <figcaption><\/figcaption>\n                            <\/div>\n                                            <\/div>\n                                                    <div class=\"left\">\n                        <div class=\"content\">\n                            <h3>                                 <small><\/small>\n                            <\/h3>                                                            <h3>Centres de sant\u00e9 communautaires en difficult\u00e9<\/h3>\n<p>En d\u00e9pit de ces efforts, les centres de sant\u00e9 communautaires (Community Clinic) ne sont pas encore pr\u00eats pour l\u2019identification et le triage des personnes suspectes de COVID-19. Dans les sous-districts de Sorail et Kasba, \u00e0 l\u2019instar d\u2019autres sous-districts du pays, les prestataires de soins des centres de sant\u00e9 communautaires n\u2019ont pas encore b\u00e9n\u00e9fici\u00e9 de formations sur la pr\u00e9vention et le contr\u00f4le de l\u2019infection au COVID-19, ne disposent pas encore d\u2019\u00e9quipement de protection individuelle (gants, masques\u2026), ni de protocoles standardis\u00e9s ou de supports de communication pour informer les patient-e-s et leurs accompagnants. Ces centres n\u2019ont pas des ressources financi\u00e8res suffisantes pour pouvoir acheminer les tests vers les laboratoires de r\u00e9f\u00e9rence du COVID.<\/p>\n<h3>Actions d\u2019Enfants du Monde<\/h3>\n<p>Enfants du Monde, \u00e0 travers son partenariat avec BRAC, travaille actuellement \u00e0 la mise en place des mesures suivantes : formation des prestataires de soins, mise \u00e0 disposition des \u00e9quipements de protection individuelles, soutien pour des frais de transport des tests et la mise \u00e0 disposition de mat\u00e9riel de communication tels que des <a href=\"https:\/\/edm.ch\/wp-content\/uploads\/2023\/09\/2020_05_19_EDM_COVIDposter_BANGLA-1-1.pdf\">posters<\/a>, <a href=\"https:\/\/edm.ch\/wp-content\/uploads\/2023\/09\/EdM_BRAC_COVIDprevention_Pregnantwomen_Bangladesh_pamphlet_august2020.pdf\">flyers<\/a>, <a href=\"https:\/\/edm.ch\/wp-content\/uploads\/2023\/09\/EdM_BRAC_COVIDprevention_Pregnantwomen_Bangladesh_pamphlet_august2020.pdf\">autocollants<\/a>, <a href=\"https:\/\/www.youtube.com\/watch?v=BnOu5IVUy0c\">vid\u00e9o<\/a>&#8230;<br \/>\nUn accent est mis \u00e0 travers diverses d\u00e9marches d\u2019information\/de formation sur les recommandations de protection du personnel de sant\u00e9 qui r\u00e9alise les visites pr\u00e9natales, les accouchements et les soins postnatals. Les informations sp\u00e9cifiques sur la protection face au COVID-19, l\u2019identification des cas suspects et l\u2019organisation des services de sant\u00e9 de la m\u00e8re du nouveau-n\u00e9 sont prodigu\u00e9es aux prestataires de soins afin de r\u00e9duire la propagation du virus au sein de structures sanitaires.<\/p>\n<p>Ci-contre le poster \u00e0 l&rsquo;attention des femmes enceintes sur les gestes barri\u00e8res contre le COVID-19, r\u00e9alis\u00e9 en collaboration avec les <a href=\"https:\/\/www.hug.ch\/\" target=\"_blank\" rel=\"noopener\">Hopitaux Universitaires de Gen\u00e8ve<\/a> et <a href=\"https:\/\/www.terreinnovative.com\/?lang=fr\" target=\"_blank\" rel=\"noopener\">Terre Innovative<\/a>.<\/p>\n                                                                                                            <\/div>\n                    <\/div>\n                            <\/div>\n        <\/div>\n    <\/section>\n\n\n    \n    <section class=\"rightTextLeftImg \" style=\"display:\">\n        <div class=\"container\">\n            <div class=\"rightTextLeftImgRow\">\n                                    <div class=\"left\">\n                                            <\/div>\n                                                    <div class=\"right\">\n                        <div class=\"content\">\n                                                             <small><\/small>\n                                                                                                                                                                                                    <\/div>\n                    <\/div>\n                            <\/div>\n        <\/div>\n    <\/section>","protected":false},"excerpt":{"rendered":"","protected":false},"featured_media":15205,"template":"","news-category":[49,258,330],"news-year":[328],"class_list":["post-14491","news","type-news","status-publish","has-post-thumbnail","hentry","news-category-sante","news-category-bangladesh","news-category-covid","news-year-328"],"acf":[],"yoast_head":"<!-- This site is optimized with the Yoast SEO plugin v26.9 - https:\/\/yoast.com\/product\/yoast-seo-wordpress\/ -->\n<title>La lutte contre le COVID-19 dans un pays du Sud : le Bangladesh - Enfants du monde<\/title>\n<meta name=\"robots\" content=\"index, follow, max-snippet:-1, max-image-preview:large, max-video-preview:-1\" \/>\n<link rel=\"canonical\" href=\"https:\/\/edm.ch\/fr\/news\/la-lutte-contre-le-covid-19-dans-un-pays-du-sud-le-bangladesh\/\" \/>\n<meta property=\"og:locale\" content=\"fr_FR\" \/>\n<meta property=\"og:type\" content=\"article\" \/>\n<meta property=\"og:title\" content=\"La lutte contre le COVID-19 dans un pays du Sud : le Bangladesh - Enfants du monde\" \/>\n<meta property=\"og:url\" content=\"https:\/\/edm.ch\/fr\/news\/la-lutte-contre-le-covid-19-dans-un-pays-du-sud-le-bangladesh\/\" \/>\n<meta property=\"og:site_name\" content=\"Enfants du monde\" \/>\n<meta property=\"article:modified_time\" content=\"2023-11-10T12:51:00+00:00\" \/>\n<meta property=\"og:image\" content=\"https:\/\/edm.ch\/wp-content\/uploads\/2020\/06\/Actu-Bangladesh-Covid-1024x1024.png\" \/>\n\t<meta property=\"og:image:width\" content=\"1024\" \/>\n\t<meta property=\"og:image:height\" content=\"1024\" \/>\n\t<meta property=\"og:image:type\" content=\"image\/png\" \/>\n<meta name=\"twitter:card\" content=\"summary_large_image\" \/>\n<script type=\"application\/ld+json\" class=\"yoast-schema-graph\">{\"@context\":\"https:\/\/schema.org\",\"@graph\":[{\"@type\":\"WebPage\",\"@id\":\"https:\/\/edm.ch\/fr\/news\/la-lutte-contre-le-covid-19-dans-un-pays-du-sud-le-bangladesh\/\",\"url\":\"https:\/\/edm.ch\/fr\/news\/la-lutte-contre-le-covid-19-dans-un-pays-du-sud-le-bangladesh\/\",\"name\":\"La lutte contre le COVID-19 dans un pays du Sud : le Bangladesh - Enfants du monde\",\"isPartOf\":{\"@id\":\"https:\/\/edm.ch\/en\/#website\"},\"primaryImageOfPage\":{\"@id\":\"https:\/\/edm.ch\/fr\/news\/la-lutte-contre-le-covid-19-dans-un-pays-du-sud-le-bangladesh\/#primaryimage\"},\"image\":{\"@id\":\"https:\/\/edm.ch\/fr\/news\/la-lutte-contre-le-covid-19-dans-un-pays-du-sud-le-bangladesh\/#primaryimage\"},\"thumbnailUrl\":\"https:\/\/edm.ch\/wp-content\/uploads\/2020\/06\/Actu-Bangladesh-Covid.png\",\"datePublished\":\"2020-06-06T10:12:00+00:00\",\"dateModified\":\"2023-11-10T12:51:00+00:00\",\"inLanguage\":\"fr-FR\",\"potentialAction\":[{\"@type\":\"ReadAction\",\"target\":[\"https:\/\/edm.ch\/fr\/news\/la-lutte-contre-le-covid-19-dans-un-pays-du-sud-le-bangladesh\/\"]}]},{\"@type\":\"ImageObject\",\"inLanguage\":\"fr-FR\",\"@id\":\"https:\/\/edm.ch\/fr\/news\/la-lutte-contre-le-covid-19-dans-un-pays-du-sud-le-bangladesh\/#primaryimage\",\"url\":\"https:\/\/edm.ch\/wp-content\/uploads\/2020\/06\/Actu-Bangladesh-Covid.png\",\"contentUrl\":\"https:\/\/edm.ch\/wp-content\/uploads\/2020\/06\/Actu-Bangladesh-Covid.png\",\"width\":1920,\"height\":1920},{\"@type\":\"WebSite\",\"@id\":\"https:\/\/edm.ch\/en\/#website\",\"url\":\"https:\/\/edm.ch\/en\/\",\"name\":\"Enfants du monde\",\"description\":\"Association suisse\",\"potentialAction\":[{\"@type\":\"SearchAction\",\"target\":{\"@type\":\"EntryPoint\",\"urlTemplate\":\"https:\/\/edm.ch\/en\/?s={search_term_string}\"},\"query-input\":{\"@type\":\"PropertyValueSpecification\",\"valueRequired\":true,\"valueName\":\"search_term_string\"}}],\"inLanguage\":\"fr-FR\"}]}<\/script>\n<!-- \/ Yoast SEO plugin. -->","yoast_head_json":{"title":"La lutte contre le COVID-19 dans un pays du Sud : le Bangladesh - Enfants du monde","robots":{"index":"index","follow":"follow","max-snippet":"max-snippet:-1","max-image-preview":"max-image-preview:large","max-video-preview":"max-video-preview:-1"},"canonical":"https:\/\/edm.ch\/fr\/news\/la-lutte-contre-le-covid-19-dans-un-pays-du-sud-le-bangladesh\/","og_locale":"fr_FR","og_type":"article","og_title":"La lutte contre le COVID-19 dans un pays du Sud : le Bangladesh - Enfants du monde","og_url":"https:\/\/edm.ch\/fr\/news\/la-lutte-contre-le-covid-19-dans-un-pays-du-sud-le-bangladesh\/","og_site_name":"Enfants du monde","article_modified_time":"2023-11-10T12:51:00+00:00","og_image":[{"width":1024,"height":1024,"url":"https:\/\/edm.ch\/wp-content\/uploads\/2020\/06\/Actu-Bangladesh-Covid-1024x1024.png","type":"image\/png"}],"twitter_card":"summary_large_image","schema":{"@context":"https:\/\/schema.org","@graph":[{"@type":"WebPage","@id":"https:\/\/edm.ch\/fr\/news\/la-lutte-contre-le-covid-19-dans-un-pays-du-sud-le-bangladesh\/","url":"https:\/\/edm.ch\/fr\/news\/la-lutte-contre-le-covid-19-dans-un-pays-du-sud-le-bangladesh\/","name":"La lutte contre le COVID-19 dans un pays du Sud : le Bangladesh - Enfants du monde","isPartOf":{"@id":"https:\/\/edm.ch\/en\/#website"},"primaryImageOfPage":{"@id":"https:\/\/edm.ch\/fr\/news\/la-lutte-contre-le-covid-19-dans-un-pays-du-sud-le-bangladesh\/#primaryimage"},"image":{"@id":"https:\/\/edm.ch\/fr\/news\/la-lutte-contre-le-covid-19-dans-un-pays-du-sud-le-bangladesh\/#primaryimage"},"thumbnailUrl":"https:\/\/edm.ch\/wp-content\/uploads\/2020\/06\/Actu-Bangladesh-Covid.png","datePublished":"2020-06-06T10:12:00+00:00","dateModified":"2023-11-10T12:51:00+00:00","inLanguage":"fr-FR","potentialAction":[{"@type":"ReadAction","target":["https:\/\/edm.ch\/fr\/news\/la-lutte-contre-le-covid-19-dans-un-pays-du-sud-le-bangladesh\/"]}]},{"@type":"ImageObject","inLanguage":"fr-FR","@id":"https:\/\/edm.ch\/fr\/news\/la-lutte-contre-le-covid-19-dans-un-pays-du-sud-le-bangladesh\/#primaryimage","url":"https:\/\/edm.ch\/wp-content\/uploads\/2020\/06\/Actu-Bangladesh-Covid.png","contentUrl":"https:\/\/edm.ch\/wp-content\/uploads\/2020\/06\/Actu-Bangladesh-Covid.png","width":1920,"height":1920},{"@type":"WebSite","@id":"https:\/\/edm.ch\/en\/#website","url":"https:\/\/edm.ch\/en\/","name":"Enfants du monde","description":"Association suisse","potentialAction":[{"@type":"SearchAction","target":{"@type":"EntryPoint","urlTemplate":"https:\/\/edm.ch\/en\/?s={search_term_string}"},"query-input":{"@type":"PropertyValueSpecification","valueRequired":true,"valueName":"search_term_string"}}],"inLanguage":"fr-FR"}]}},"_links":{"self":[{"href":"https:\/\/edm.ch\/fr\/wp-json\/wp\/v2\/news\/14491","targetHints":{"allow":["GET"]}}],"collection":[{"href":"https:\/\/edm.ch\/fr\/wp-json\/wp\/v2\/news"}],"about":[{"href":"https:\/\/edm.ch\/fr\/wp-json\/wp\/v2\/types\/news"}],"wp:featuredmedia":[{"embeddable":true,"href":"https:\/\/edm.ch\/fr\/wp-json\/wp\/v2\/media\/15205"}],"wp:attachment":[{"href":"https:\/\/edm.ch\/fr\/wp-json\/wp\/v2\/media?parent=14491"}],"wp:term":[{"taxonomy":"news-category","embeddable":true,"href":"https:\/\/edm.ch\/fr\/wp-json\/wp\/v2\/news-category?post=14491"},{"taxonomy":"news-year","embeddable":true,"href":"https:\/\/edm.ch\/fr\/wp-json\/wp\/v2\/news-year?post=14491"}],"curies":[{"name":"wp","href":"https:\/\/api.w.org\/{rel}","templated":true}]}}