{"id":38339,"date":"2025-11-19T13:45:12","date_gmt":"2025-11-19T13:45:12","guid":{"rendered":"https:\/\/edm.ch\/?post_type=news&#038;p=38339"},"modified":"2026-01-28T09:44:09","modified_gmt":"2026-01-28T09:44:09","slug":"jahresbericht-2024","status":"publish","type":"news","link":"https:\/\/edm.ch\/de\/news\/jahresbericht-2024\/","title":{"rendered":"Jahresbericht 2024: Ausbilden, sensibilisieren, mobilisieren f\u00fcr eine gerechtere Zukunft"},"content":{"rendered":"<section class=\"subpageBanner\" style=\"display:\">\n    <div class=\"subpageBannerBlock figure_block\">\n        <img decoding=\"async\" data-src=\"https:\/\/edm.ch\/wp-content\/uploads\/2025\/11\/Enfants_du_Monde_banner_RA_2025.jpg\" src=\"data:image\/svg+xml;base64,PHN2ZyB3aWR0aD0iMSIgaGVpZ2h0PSIxIiB4bWxucz0iaHR0cDovL3d3dy53My5vcmcvMjAwMC9zdmciPjwvc3ZnPg==\" class=\"lazyload\" style=\"--smush-placeholder-width: 2500px; --smush-placeholder-aspect-ratio: 2500\/1080;\" \/>\n        <div class=\"subpageBannerWrap\">\n            <div class=\"container\">\n                <div class=\"content\">\n                    <div>\n                        <span class=\"bannerHead\">Jahresbericht 2024: Ausbilden, sensibilisieren, mobilisieren f\u00fcr eine gerechtere Zukunft<\/span>\n                        <h1><\/h1>\n                    <\/div>\n                                    <\/div>\n            <\/div>\n        <\/div>\n                    <div class=\"picture-caption\">\n                <div class=\"caption-content\"><span>\u00a9 Enfants du Monde \/ Goldbach<\/span><\/div>\n            <\/div>\n            <\/div>\n<\/section>\n<script type=\"text\/javascript\">\n    jQuery(document).ready(function ($) {\n        \/\/ Check if the block exists\n        var bannerSection = $('#subpage-banner-section');\n\n        if (bannerSection.length > 0) {\n            \/\/ Move the block to the end of <main> just before the footer\n            $('main').append(bannerSection); \/\/ This will append it inside the <main> tag\n        }\n\n        $('.documentAccordion').on('click', function (e) {\n            e.preventDefault();  \/\/ Prevent default link action\n\n            \/\/ Target the section with the given ID\n            $('html, body').animate({\n                scrollTop: $('#subpage-banner-section').offset().top - 200\n            }, 1000);\n        });\n    });\n<\/script>\n\n        <section class=\"contentSec\" style=\"display:\">\n        <div class=\"container\">\n            <div class=\"contentBlock\">\n                <h5><\/h5>\n                <p>Unser Jahresbericht 2024 zeigt ein Jahr intensiven Engagements<strong> zur Verbesserung der Bildungsqualit\u00e4t und des Zugangs zu Gesundheitsversorgung in unseren Einsatzl\u00e4ndern.<\/strong> Trotz eines schwierigen internationalen Umfelds, das von sinkenden Mitteln f\u00fcr die internationale Zusammenarbeit gepr\u00e4gt ist, <strong>setzen wir uns weiterhin f\u00fcr die am st\u00e4rksten benachteiligten Kinder, Jugendlichen und Frauen<\/strong> in Afrika, Asien und Lateinamerika ein.<\/p>\n                                    <a href=\"https:\/\/edm.ch\/wp-content\/uploads\/2026\/01\/RA_2024-DE-2.pdf\" class=\"btnBlue small\">\n                        <span>Jahresbericht 2024 herunterladen<\/span>\n                    <\/a>\n                            <\/div>\n        <\/div>\n    <\/section>\n\n\n    \n    <section class=\"rightTextLeftImg \" style=\"display:\">\n        <div class=\"container\">\n            <div class=\"rightTextLeftImgRow\">\n                                    <div class=\"left\">\n                                                    <div class=\"imgBlock\">\n                                <a class=\"figure_block\" href=\"https:\/\/edm.ch\/wp-content\/uploads\/2024\/10\/Enfants_du_Monde_giving_tuesday_burkina_2024_3.png\" data-fancybox data-caption=\"\">\n                                    <img decoding=\"async\" data-src=\"https:\/\/edm.ch\/wp-content\/uploads\/2024\/10\/Enfants_du_Monde_giving_tuesday_burkina_2024_3.png\" src=\"data:image\/svg+xml;base64,PHN2ZyB3aWR0aD0iMSIgaGVpZ2h0PSIxIiB4bWxucz0iaHR0cDovL3d3dy53My5vcmcvMjAwMC9zdmciPjwvc3ZnPg==\" class=\"lazyload\" style=\"--smush-placeholder-width: 1920px; --smush-placeholder-aspect-ratio: 1920\/1920;\" data-srcset=\"https:\/\/edm.ch\/wp-content\/uploads\/2024\/10\/Enfants_du_Monde_giving_tuesday_burkina_2024_3.png 1920w, https:\/\/edm.ch\/wp-content\/uploads\/2024\/10\/Enfants_du_Monde_giving_tuesday_burkina_2024_3-300x300.png 300w, https:\/\/edm.ch\/wp-content\/uploads\/2024\/10\/Enfants_du_Monde_giving_tuesday_burkina_2024_3-1024x1024.png 1024w, https:\/\/edm.ch\/wp-content\/uploads\/2024\/10\/Enfants_du_Monde_giving_tuesday_burkina_2024_3-150x150.png 150w, https:\/\/edm.ch\/wp-content\/uploads\/2024\/10\/Enfants_du_Monde_giving_tuesday_burkina_2024_3-768x768.png 768w, https:\/\/edm.ch\/wp-content\/uploads\/2024\/10\/Enfants_du_Monde_giving_tuesday_burkina_2024_3-1536x1536.png 1536w\" data-sizes=\"auto\" data-original-sizes=\"(max-width: 1920px) 100vw, 1920px\" \/>\n                                                                            <div class=\"picture-caption\">\n                                            <div class=\"caption-content\"><span>Adrien Bitibaly \/ Enfants du Monde \/ Fairpicture<\/span><\/div>\n                                        <\/div>\n                                                                    <\/a>\n                                <figcaption><\/figcaption>\n                            <\/div>\n                                            <\/div>\n                                                    <div class=\"right\">\n                        <div class=\"content\">\n                            <h2>                                Fachkr\u00e4fte im Gesundheits- und Bildungsbereich ausbilden, um Praktiken nachhaltig zu ver\u00e4ndern <small><\/small>\n                            <\/h2>                                                            <p>Im Jahr 2024 haben wir <strong>mehr als 16.000 Fachkr\u00e4fte im Gesundheits- und Bildungswesen geschult,<\/strong> um Arbeitsweisen zu verbessern und die \u00f6ffentlichen Systeme nachhaltig zu st\u00e4rken.<\/p>\n<p>In Burkina Faso beispielsweise wurden Lehrpersonen in unserer aktiven und bilingualen P\u00e4dagogik ausgebildet.<strong> Dies f\u00fchrte zu einer deutlichen Verbesserung der Bestehensquote der Primarschulabschlusspr\u00fcfung: 82 % gegen\u00fcber 52 % vor vier Jahren.<\/strong><\/p>\n<p>In Madagaskar haben wir Gesundheitspersonal geschult, um den ersten \u00f6ffentlichen Geburtsvorbereitungskurs des Landes anzubieten und so schwangere Frauen besser zu begleiten.<\/p>\n                                                                                                            <\/div>\n                    <\/div>\n                            <\/div>\n        <\/div>\n    <\/section>\n\n\n    \n    <section class=\"leftTextRightImg \" style=\"display:\">\n        <div class=\"container\">\n            <div class=\"leftTextRightImgRow\">\n                                    <div class=\"right\">\n                                                    <div class=\"imgBlock\">\n                                <a class=\"figure_block\" href=\"https:\/\/edm.ch\/wp-content\/uploads\/2023\/08\/Enfants_du_monde_website_image_session_tanzanie.webp\" data-fancybox data-caption=\"\">\n                                    <img decoding=\"async\" data-src=\"https:\/\/edm.ch\/wp-content\/uploads\/2023\/08\/Enfants_du_monde_website_image_session_tanzanie.webp\" src=\"data:image\/svg+xml;base64,PHN2ZyB3aWR0aD0iMSIgaGVpZ2h0PSIxIiB4bWxucz0iaHR0cDovL3d3dy53My5vcmcvMjAwMC9zdmciPjwvc3ZnPg==\" class=\"lazyload\" style=\"--smush-placeholder-width: 1920px; --smush-placeholder-aspect-ratio: 1920\/1920;\" data-srcset=\"https:\/\/edm.ch\/wp-content\/uploads\/2023\/08\/Enfants_du_monde_website_image_session_tanzanie.webp 1920w, https:\/\/edm.ch\/wp-content\/uploads\/2023\/08\/Enfants_du_monde_website_image_session_tanzanie-300x300.webp 300w, https:\/\/edm.ch\/wp-content\/uploads\/2023\/08\/Enfants_du_monde_website_image_session_tanzanie-1024x1024.webp 1024w, https:\/\/edm.ch\/wp-content\/uploads\/2023\/08\/Enfants_du_monde_website_image_session_tanzanie-150x150.webp 150w, https:\/\/edm.ch\/wp-content\/uploads\/2023\/08\/Enfants_du_monde_website_image_session_tanzanie-768x768.webp 768w, https:\/\/edm.ch\/wp-content\/uploads\/2023\/08\/Enfants_du_monde_website_image_session_tanzanie-1536x1536.webp 1536w\" data-sizes=\"auto\" data-original-sizes=\"(max-width: 1920px) 100vw, 1920px\" \/>\n                                                                            <div class=\"picture-caption\">\n                                            <div class=\"caption-content\"><span>Solidarmed \/ Gombe \/ Fairpicture<\/span><\/div>\n                                        <\/div>\n                                                                    <\/a>\n                                <figcaption><\/figcaption>\n                            <\/div>\n                                            <\/div>\n                                                    <div class=\"left\">\n                        <div class=\"content\">\n                            <h2>                                Sensibilisieren, um zu sch\u00fctzen <small><\/small>\n                            <\/h2>                                                            <p>In Guatemala wurden \u00fcber <strong>8.000 Sch\u00fcler:innen und 5.700 Eltern zur Pr\u00e4vention von Gewalt<\/strong> im schulischen Umfeld sensibilisiert, und 39 Kinderschutzkomitees wurden gegr\u00fcndet.<\/p>\n<p>In Tansania sensibilisieren von uns ausgebildete Jugendliche ihre Mitsch\u00fcler*innen zu Themen wie Pr\u00e4vention sexueller Gewalt, Verh\u00fctung und Pubert\u00e4t. Dadurch werden Einstellungen ver\u00e4ndert und sexuell \u00fcbertragbare Krankheiten sowie ungewollte Schwangerschaften verhindert.<\/p>\n                                                                                                            <\/div>\n                    <\/div>\n                            <\/div>\n        <\/div>\n    <\/section>\n\n\n    \n    <section class=\"rightTextLeftImg \" style=\"display:\">\n        <div class=\"container\">\n            <div class=\"rightTextLeftImgRow\">\n                                    <div class=\"left\">\n                                                    <div class=\"imgBlock\">\n                                <a class=\"figure_block\" href=\"https:\/\/edm.ch\/wp-content\/uploads\/2025\/11\/Enfants_du_Monde_tchad_RA25.jpg\" data-fancybox data-caption=\"\">\n                                    <img decoding=\"async\" data-src=\"https:\/\/edm.ch\/wp-content\/uploads\/2025\/11\/Enfants_du_Monde_tchad_RA25.jpg\" src=\"data:image\/svg+xml;base64,PHN2ZyB3aWR0aD0iMSIgaGVpZ2h0PSIxIiB4bWxucz0iaHR0cDovL3d3dy53My5vcmcvMjAwMC9zdmciPjwvc3ZnPg==\" class=\"lazyload\" style=\"--smush-placeholder-width: 1920px; --smush-placeholder-aspect-ratio: 1920\/1920;\" \/>\n                                                                    <\/a>\n                                <figcaption><\/figcaption>\n                            <\/div>\n                                            <\/div>\n                                                    <div class=\"right\">\n                        <div class=\"content\">\n                            <h2>                                Gemeinschaften mobilisieren f\u00fcr nachhaltige Ver\u00e4nderungen <small><\/small>\n                            <\/h2>                                                            <p><strong>Wir f\u00f6rdern die Eigeninitiative der lokalen Bev\u00f6lkerung. <\/strong>In Burkina Faso verbessern Gemeinden den Zugang zur Gesundheitsversorgung, indem sie Unterk\u00fcnfte in der N\u00e4he von Gesundheitszentren f\u00fcr schwangere Frauen aus entlegenen Gebieten bauen oder Stra\u00dfen instand setzen,<strong> damit Geburten unter sichereren Bedingungen stattfinden k\u00f6nnen.<\/strong><\/p>\n<p>Im Tschad haben wir Eltern von Sch\u00fcler*innen in Schulmanagement geschult \u2013 <strong>sie beteiligen sich aktiv an der Verbesserung des schulischen Umfelds.<\/strong><\/p>\n<p>Diese kollektive Mobilisierung stellt sicher, <strong>dass die Ver\u00e4nderungen von den Gemeinschaften selbst getragen werden.<\/strong><\/p>\n                                                                                                            <\/div>\n                    <\/div>\n                            <\/div>\n        <\/div>\n    <\/section>\n\n\n    \n    <section class=\"leftTextRightImg \" style=\"display:\">\n        <div class=\"container\">\n            <div class=\"leftTextRightImgRow\">\n                                    <div class=\"right\">\n                                                    <div class=\"imgBlock\">\n                                <a class=\"figure_block\" href=\"https:\/\/edm.ch\/wp-content\/uploads\/2025\/11\/Enfants_du_Monde_bangladesh_RA25.jpg\" data-fancybox data-caption=\"\">\n                                    <img decoding=\"async\" data-src=\"https:\/\/edm.ch\/wp-content\/uploads\/2025\/11\/Enfants_du_Monde_bangladesh_RA25.jpg\" src=\"data:image\/svg+xml;base64,PHN2ZyB3aWR0aD0iMSIgaGVpZ2h0PSIxIiB4bWxucz0iaHR0cDovL3d3dy53My5vcmcvMjAwMC9zdmciPjwvc3ZnPg==\" class=\"lazyload\" style=\"--smush-placeholder-width: 1920px; --smush-placeholder-aspect-ratio: 1920\/1920;\" \/>\n                                                                    <\/a>\n                                <figcaption><\/figcaption>\n                            <\/div>\n                                            <\/div>\n                                                    <div class=\"left\">\n                        <div class=\"content\">\n                            <h2>                                Danke an unsere Partner und alle Unterst\u00fctzer*innen! <small><\/small>\n                            <\/h2>                                                            <p>Die in diesem Bericht vorgestellten Ergebnisse sind das Resultat eines gemeinsamen Engagements. Wir sind unseren Geldgebern \u2013 darunter die Direktion f\u00fcr Entwicklung und Zusammenarbeit (DEZA), die Gl\u00fcckskette, die Europ\u00e4ische Union und zahlreiche Stiftungen \u2013 sowie unseren lokalen Partnern und privaten Spender*innen zutiefst dankbar.<\/p>\n<p>Dank Ihres Vertrauens k\u00f6nnen wir unsere Mission fortsetzen: <strong>ausbilden, sensibilisieren und mobilisieren, damit jedes Kind und jede Frau lernen, sich medizinisch versorgen lassen und sich eine w\u00fcrdige und gerechtere Zukunft aufbauen kann.<\/strong><\/p>\n                                                                                                            <\/div>\n                    <\/div>\n                            <\/div>\n        <\/div>\n    <\/section>\n\n\n    <section class=\"donation_count\" style=\"display:\">\n        <div class=\"inner_row\">\n            <div class=\"right_img_block\">\n                <div class=\"img_block figure_block\">\n                    <img decoding=\"async\" data-src=\"https:\/\/edm.ch\/wp-content\/uploads\/2023\/08\/Guatemala_Education_6357_1920_1920.png\" alt=\"\" src=\"data:image\/svg+xml;base64,PHN2ZyB3aWR0aD0iMSIgaGVpZ2h0PSIxIiB4bWxucz0iaHR0cDovL3d3dy53My5vcmcvMjAwMC9zdmciPjwvc3ZnPg==\" class=\"lazyload\" style=\"--smush-placeholder-width: 1920px; --smush-placeholder-aspect-ratio: 1920\/1920;\" data-srcset=\"https:\/\/edm.ch\/wp-content\/uploads\/2023\/08\/Guatemala_Education_6357_1920_1920.png 1920w, https:\/\/edm.ch\/wp-content\/uploads\/2023\/08\/Guatemala_Education_6357_1920_1920-300x300.png 300w, https:\/\/edm.ch\/wp-content\/uploads\/2023\/08\/Guatemala_Education_6357_1920_1920-1024x1024.png 1024w, https:\/\/edm.ch\/wp-content\/uploads\/2023\/08\/Guatemala_Education_6357_1920_1920-150x150.png 150w, https:\/\/edm.ch\/wp-content\/uploads\/2023\/08\/Guatemala_Education_6357_1920_1920-768x768.png 768w, https:\/\/edm.ch\/wp-content\/uploads\/2023\/08\/Guatemala_Education_6357_1920_1920-1536x1536.png 1536w\" data-sizes=\"auto\" data-original-sizes=\"(max-width: 1920px) 100vw, 1920px\">\n                                            <div class=\"picture-caption\">\n                            <div class=\"caption-content\"><span>Enfants \u00e0 l&#8217;\u00e9cole au Guatemala<\/span><\/div>\n                        <\/div>\n                                    <\/div>\n            <\/div>\n            <div class=\"left_txt_block\">\n                <div class=\"txt_contents\">\n                    <h3>Meine Spende macht den Unterschied<\/h3>\n                    <div class=\"block_txts\">\n                                                    <div class=\"item\">\n                                <span class=\"title\">Zum Beispiel, <\/span>\n                                <p><\/p>\n                            <\/div>\n                                                    <div class=\"item\">\n                                <span class=\"title\">Mit 70 Franken<\/span>\n                                <p>Schenke ich 10 Kindern in Burkina Faso ein zweisprachiges Schulbuch in Franz\u00f6sisch und Moor\u00e9 (lokale Sprache), damit sie in der Schule besser vorankommen.<\/p>\n                            <\/div>\n                                                    <div class=\"item\">\n                                <span class=\"title\">Mit 140 Franken<\/span>\n                                <p>Erm\u00f6gliche ich 700 schwangeren Frauen aus Bangladesch und ihren Ehem\u00e4nnern, an einer Aufkl\u00e4rung \u00fcber die Gesundheit der M\u00fctter teilzunehmen und sich auf die Geburt vorzubereiten.<\/p>\n                            <\/div>\n                                                    <div class=\"item\">\n                                <span class=\"title\">Mit 200 Franken<\/span>\n                                <p>Finanziere ich 17 Lehrer*innen in Guatemala eine Weiterbildung in zweisprachiger Erziehung, um die Qualit\u00e4t ihres Unterrichts zu verbessern.<\/p>\n                            <\/div>\n                                                                            <a href=\"https:\/\/don.edm.ch\/de\" class=\"btnWhite buttonDonation\">\n                                Ich spende                            <\/a>\n                                            <\/div>\n                <\/div>\n            <\/div>\n        <\/div>\n    <\/section>","protected":false},"excerpt":{"rendered":"<p>Unser Jahresbericht 2024 ist nun verf\u00fcgbar.  Erfahren Sie, wie unsere Projekte im Jahr 2024 die Qualit\u00e4t der Bildung und Gesundheitsversorgung in unseren Einsatzl\u00e4ndern verbessert haben.<\/p>\n","protected":false},"featured_media":38340,"template":"","news-category":[106,111,112,113,245,289,290,291,292,296,297,299,300,301,302,303],"news-year":[535],"class_list":["post-38339","news","type-news","status-publish","has-post-thumbnail","hentry","news-category-sante-de","news-category-education-de","news-category-droit-de-lenfant-de","news-category-burkina-faso-de","news-category-schweiz","news-category-afrika","news-category-lateinamerika","news-category-asien","news-category-bangladesch","news-category-europa","news-category-guatemala-de","news-category-madagaskar","news-category-nepal-de","news-category-niger-de","news-category-tansania","news-category-tschad","news-year-535"],"acf":[],"yoast_head":"<!-- This site is optimized with the Yoast SEO plugin v26.9 - https:\/\/yoast.com\/product\/yoast-seo-wordpress\/ -->\n<title>Jahresbericht 2024: Ausbilden, sensibilisieren, mobilisieren f\u00fcr eine gerechtere Zukunft - Enfants du monde<\/title>\n<meta name=\"robots\" content=\"index, follow, max-snippet:-1, max-image-preview:large, max-video-preview:-1\" \/>\n<link rel=\"canonical\" href=\"https:\/\/edm.ch\/de\/news\/jahresbericht-2024\/\" \/>\n<meta property=\"og:locale\" content=\"de_DE\" \/>\n<meta property=\"og:type\" content=\"article\" \/>\n<meta property=\"og:title\" content=\"Jahresbericht 2024: Ausbilden, sensibilisieren, mobilisieren f\u00fcr eine gerechtere Zukunft - Enfants du monde\" \/>\n<meta property=\"og:description\" content=\"Unser Jahresbericht 2024 ist nun verf\u00fcgbar. Erfahren Sie, wie unsere Projekte im Jahr 2024 die Qualit\u00e4t der Bildung und Gesundheitsversorgung in unseren Einsatzl\u00e4ndern verbessert haben.\" \/>\n<meta property=\"og:url\" content=\"https:\/\/edm.ch\/de\/news\/jahresbericht-2024\/\" \/>\n<meta property=\"og:site_name\" content=\"Enfants du monde\" \/>\n<meta property=\"article:modified_time\" content=\"2026-01-28T09:44:09+00:00\" \/>\n<meta property=\"og:image\" content=\"https:\/\/edm.ch\/wp-content\/uploads\/2025\/11\/Enfants_du_Monde_apercu_RA251.jpg\" \/>\n\t<meta property=\"og:image:width\" content=\"1920\" \/>\n\t<meta property=\"og:image:height\" content=\"1920\" \/>\n\t<meta property=\"og:image:type\" content=\"image\/jpeg\" \/>\n<meta name=\"twitter:card\" content=\"summary_large_image\" \/>\n<meta name=\"twitter:label1\" content=\"Est. reading time\" \/>\n\t<meta name=\"twitter:data1\" content=\"1 Minute\" \/>\n<script type=\"application\/ld+json\" class=\"yoast-schema-graph\">{\"@context\":\"https:\/\/schema.org\",\"@graph\":[{\"@type\":\"WebPage\",\"@id\":\"https:\/\/edm.ch\/de\/news\/jahresbericht-2024\/\",\"url\":\"https:\/\/edm.ch\/de\/news\/jahresbericht-2024\/\",\"name\":\"Jahresbericht 2024: Ausbilden, sensibilisieren, mobilisieren f\u00fcr eine gerechtere Zukunft - Enfants du monde\",\"isPartOf\":{\"@id\":\"https:\/\/edm.ch\/en\/#website\"},\"primaryImageOfPage\":{\"@id\":\"https:\/\/edm.ch\/de\/news\/jahresbericht-2024\/#primaryimage\"},\"image\":{\"@id\":\"https:\/\/edm.ch\/de\/news\/jahresbericht-2024\/#primaryimage\"},\"thumbnailUrl\":\"https:\/\/edm.ch\/wp-content\/uploads\/2025\/11\/Enfants_du_Monde_apercu_RA251.jpg\",\"datePublished\":\"2025-11-19T13:45:12+00:00\",\"dateModified\":\"2026-01-28T09:44:09+00:00\",\"inLanguage\":\"de-DE\",\"potentialAction\":[{\"@type\":\"ReadAction\",\"target\":[\"https:\/\/edm.ch\/de\/news\/jahresbericht-2024\/\"]}]},{\"@type\":\"ImageObject\",\"inLanguage\":\"de-DE\",\"@id\":\"https:\/\/edm.ch\/de\/news\/jahresbericht-2024\/#primaryimage\",\"url\":\"https:\/\/edm.ch\/wp-content\/uploads\/2025\/11\/Enfants_du_Monde_apercu_RA251.jpg\",\"contentUrl\":\"https:\/\/edm.ch\/wp-content\/uploads\/2025\/11\/Enfants_du_Monde_apercu_RA251.jpg\",\"width\":1920,\"height\":1920},{\"@type\":\"WebSite\",\"@id\":\"https:\/\/edm.ch\/en\/#website\",\"url\":\"https:\/\/edm.ch\/en\/\",\"name\":\"Enfants du monde\",\"description\":\"Association suisse\",\"potentialAction\":[{\"@type\":\"SearchAction\",\"target\":{\"@type\":\"EntryPoint\",\"urlTemplate\":\"https:\/\/edm.ch\/en\/?s={search_term_string}\"},\"query-input\":{\"@type\":\"PropertyValueSpecification\",\"valueRequired\":true,\"valueName\":\"search_term_string\"}}],\"inLanguage\":\"de-DE\"}]}<\/script>\n<!-- \/ Yoast SEO plugin. -->","yoast_head_json":{"title":"Jahresbericht 2024: Ausbilden, sensibilisieren, mobilisieren f\u00fcr eine gerechtere Zukunft - Enfants du monde","robots":{"index":"index","follow":"follow","max-snippet":"max-snippet:-1","max-image-preview":"max-image-preview:large","max-video-preview":"max-video-preview:-1"},"canonical":"https:\/\/edm.ch\/de\/news\/jahresbericht-2024\/","og_locale":"de_DE","og_type":"article","og_title":"Jahresbericht 2024: Ausbilden, sensibilisieren, mobilisieren f\u00fcr eine gerechtere Zukunft - Enfants du monde","og_description":"Unser Jahresbericht 2024 ist nun verf\u00fcgbar. Erfahren Sie, wie unsere Projekte im Jahr 2024 die Qualit\u00e4t der Bildung und Gesundheitsversorgung in unseren Einsatzl\u00e4ndern verbessert haben.","og_url":"https:\/\/edm.ch\/de\/news\/jahresbericht-2024\/","og_site_name":"Enfants du monde","article_modified_time":"2026-01-28T09:44:09+00:00","og_image":[{"width":1920,"height":1920,"url":"https:\/\/edm.ch\/wp-content\/uploads\/2025\/11\/Enfants_du_Monde_apercu_RA251.jpg","type":"image\/jpeg"}],"twitter_card":"summary_large_image","twitter_misc":{"Est. reading time":"1 Minute"},"schema":{"@context":"https:\/\/schema.org","@graph":[{"@type":"WebPage","@id":"https:\/\/edm.ch\/de\/news\/jahresbericht-2024\/","url":"https:\/\/edm.ch\/de\/news\/jahresbericht-2024\/","name":"Jahresbericht 2024: Ausbilden, sensibilisieren, mobilisieren f\u00fcr eine gerechtere Zukunft - Enfants du monde","isPartOf":{"@id":"https:\/\/edm.ch\/en\/#website"},"primaryImageOfPage":{"@id":"https:\/\/edm.ch\/de\/news\/jahresbericht-2024\/#primaryimage"},"image":{"@id":"https:\/\/edm.ch\/de\/news\/jahresbericht-2024\/#primaryimage"},"thumbnailUrl":"https:\/\/edm.ch\/wp-content\/uploads\/2025\/11\/Enfants_du_Monde_apercu_RA251.jpg","datePublished":"2025-11-19T13:45:12+00:00","dateModified":"2026-01-28T09:44:09+00:00","inLanguage":"de-DE","potentialAction":[{"@type":"ReadAction","target":["https:\/\/edm.ch\/de\/news\/jahresbericht-2024\/"]}]},{"@type":"ImageObject","inLanguage":"de-DE","@id":"https:\/\/edm.ch\/de\/news\/jahresbericht-2024\/#primaryimage","url":"https:\/\/edm.ch\/wp-content\/uploads\/2025\/11\/Enfants_du_Monde_apercu_RA251.jpg","contentUrl":"https:\/\/edm.ch\/wp-content\/uploads\/2025\/11\/Enfants_du_Monde_apercu_RA251.jpg","width":1920,"height":1920},{"@type":"WebSite","@id":"https:\/\/edm.ch\/en\/#website","url":"https:\/\/edm.ch\/en\/","name":"Enfants du monde","description":"Association suisse","potentialAction":[{"@type":"SearchAction","target":{"@type":"EntryPoint","urlTemplate":"https:\/\/edm.ch\/en\/?s={search_term_string}"},"query-input":{"@type":"PropertyValueSpecification","valueRequired":true,"valueName":"search_term_string"}}],"inLanguage":"de-DE"}]}},"_links":{"self":[{"href":"https:\/\/edm.ch\/de\/wp-json\/wp\/v2\/news\/38339","targetHints":{"allow":["GET"]}}],"collection":[{"href":"https:\/\/edm.ch\/de\/wp-json\/wp\/v2\/news"}],"about":[{"href":"https:\/\/edm.ch\/de\/wp-json\/wp\/v2\/types\/news"}],"wp:featuredmedia":[{"embeddable":true,"href":"https:\/\/edm.ch\/de\/wp-json\/wp\/v2\/media\/38340"}],"wp:attachment":[{"href":"https:\/\/edm.ch\/de\/wp-json\/wp\/v2\/media?parent=38339"}],"wp:term":[{"taxonomy":"news-category","embeddable":true,"href":"https:\/\/edm.ch\/de\/wp-json\/wp\/v2\/news-category?post=38339"},{"taxonomy":"news-year","embeddable":true,"href":"https:\/\/edm.ch\/de\/wp-json\/wp\/v2\/news-year?post=38339"}],"curies":[{"name":"wp","href":"https:\/\/api.w.org\/{rel}","templated":true}]}}