{"id":35844,"date":"2025-04-25T07:21:54","date_gmt":"2025-04-25T07:21:54","guid":{"rendered":"https:\/\/edm.ch\/?post_type=news&#038;p=35844"},"modified":"2025-04-25T07:21:54","modified_gmt":"2025-04-25T07:21:54","slug":"schenken-sie-schule-trotz-des-krieges","status":"publish","type":"news","link":"https:\/\/edm.ch\/de\/news\/schenken-sie-schule-trotz-des-krieges\/","title":{"rendered":"Schenken Sie ihnen Schule \u2013 trotz des Krieges"},"content":{"rendered":"<section class=\"subpageBanner\" style=\"display:\">\n    <div class=\"subpageBannerBlock figure_block\">\n        <img decoding=\"async\" data-src=\"https:\/\/edm.ch\/wp-content\/uploads\/2025\/04\/Enfants_du_Monde_banner_tchad_aboutengue_don.png\" src=\"data:image\/svg+xml;base64,PHN2ZyB3aWR0aD0iMSIgaGVpZ2h0PSIxIiB4bWxucz0iaHR0cDovL3d3dy53My5vcmcvMjAwMC9zdmciPjwvc3ZnPg==\" class=\"lazyload\" style=\"--smush-placeholder-width: 2500px; --smush-placeholder-aspect-ratio: 2500\/800;\" data-srcset=\"https:\/\/edm.ch\/wp-content\/uploads\/2025\/04\/Enfants_du_Monde_banner_tchad_aboutengue_don.png 2500w, https:\/\/edm.ch\/wp-content\/uploads\/2025\/04\/Enfants_du_Monde_banner_tchad_aboutengue_don-300x96.png 300w, https:\/\/edm.ch\/wp-content\/uploads\/2025\/04\/Enfants_du_Monde_banner_tchad_aboutengue_don-1024x328.png 1024w, https:\/\/edm.ch\/wp-content\/uploads\/2025\/04\/Enfants_du_Monde_banner_tchad_aboutengue_don-768x246.png 768w, https:\/\/edm.ch\/wp-content\/uploads\/2025\/04\/Enfants_du_Monde_banner_tchad_aboutengue_don-1536x492.png 1536w, https:\/\/edm.ch\/wp-content\/uploads\/2025\/04\/Enfants_du_Monde_banner_tchad_aboutengue_don-2048x655.png 2048w\" data-sizes=\"auto\" data-original-sizes=\"(max-width: 2500px) 100vw, 2500px\" \/>\n        <div class=\"subpageBannerWrap\">\n            <div class=\"container\">\n                <div class=\"content\">\n                    <div>\n                        <span class=\"bannerHead\">Schenken Sie ihnen Schule \u2013 trotz des Krieges<\/span>\n                        <h1><\/h1>\n                    <\/div>\n                                    <\/div>\n            <\/div>\n        <\/div>\n            <\/div>\n<\/section>\n<script type=\"text\/javascript\">\n    jQuery(document).ready(function ($) {\n        \/\/ Check if the block exists\n        var bannerSection = $('#subpage-banner-section');\n\n        if (bannerSection.length > 0) {\n            \/\/ Move the block to the end of <main> just before the footer\n            $('main').append(bannerSection); \/\/ This will append it inside the <main> tag\n        }\n\n        $('.documentAccordion').on('click', function (e) {\n            e.preventDefault();  \/\/ Prevent default link action\n\n            \/\/ Target the section with the given ID\n            $('html, body').animate({\n                scrollTop: $('#subpage-banner-section').offset().top - 200\n            }, 1000);\n        });\n    });\n<\/script>\n\n        <section class=\"contentSec\" style=\"display:\">\n        <div class=\"container\">\n            <div class=\"contentBlock\">\n                <h5><\/h5>\n                <p>Vergessene Krise: es sind diese Worte, die heute ert\u00f6nen, wenn Sie vom Krieg im Sudan h\u00f6ren.<\/p>\n<p>Und doch, wie k\u00f6nnte man die Angst vergessen, die Schreie, das Haus, das man zur\u00fcckl\u00e4sst, sein Dorf, seine Bezugspunkte&#8230; Die verheerenden Auswirkungen des Konflikts<strong> haben das Leben Tausender Kinder und ihrer Familien ver\u00e4ndert, und diese Erinnerungen sind unausl\u00f6schlich.<\/strong> Tausende sudanesische Kinder wurden aus ihren H\u00e4usern gerissen und sind \u00fcber die Grenze in die Provinz Ouadda\u00ef im Osten des Tschad gefl\u00fcchtet.<\/p>\n<p>Angesichts der Dringlichkeit der Situation<strong> schulen wir Fl\u00fcchtlingskinder im Alter von 12 bis 17 Jahren in einem sicheren und gesch\u00fctzten Umfeld.<\/strong><\/p>\n                                    <a href=\"https:\/\/don.edm.ch\/tschad-aboutengue\" class=\"btnYellow small\">\n                        <span>Ich spende<\/span>\n                    <\/a>\n                            <\/div>\n        <\/div>\n    <\/section>\n\n\n    \n    <section class=\"rightTextLeftImg \" style=\"display:\">\n        <div class=\"container\">\n            <div class=\"rightTextLeftImgRow\">\n                                    <div class=\"left\">\n                                                    <div class=\"imgBlock\">\n                                <a class=\"figure_block\" href=\"https:\/\/edm.ch\/wp-content\/uploads\/2025\/04\/Enfants_du_Monde_apercu_tchad_aboutengue.png\" data-fancybox data-caption=\"\">\n                                    <img decoding=\"async\" data-src=\"https:\/\/edm.ch\/wp-content\/uploads\/2025\/04\/Enfants_du_Monde_apercu_tchad_aboutengue.png\" src=\"data:image\/svg+xml;base64,PHN2ZyB3aWR0aD0iMSIgaGVpZ2h0PSIxIiB4bWxucz0iaHR0cDovL3d3dy53My5vcmcvMjAwMC9zdmciPjwvc3ZnPg==\" class=\"lazyload\" style=\"--smush-placeholder-width: 1920px; --smush-placeholder-aspect-ratio: 1920\/1920;\" data-srcset=\"https:\/\/edm.ch\/wp-content\/uploads\/2025\/04\/Enfants_du_Monde_apercu_tchad_aboutengue.png 1920w, https:\/\/edm.ch\/wp-content\/uploads\/2025\/04\/Enfants_du_Monde_apercu_tchad_aboutengue-300x300.png 300w, https:\/\/edm.ch\/wp-content\/uploads\/2025\/04\/Enfants_du_Monde_apercu_tchad_aboutengue-1024x1024.png 1024w, https:\/\/edm.ch\/wp-content\/uploads\/2025\/04\/Enfants_du_Monde_apercu_tchad_aboutengue-150x150.png 150w, https:\/\/edm.ch\/wp-content\/uploads\/2025\/04\/Enfants_du_Monde_apercu_tchad_aboutengue-768x768.png 768w, https:\/\/edm.ch\/wp-content\/uploads\/2025\/04\/Enfants_du_Monde_apercu_tchad_aboutengue-1536x1536.png 1536w\" data-sizes=\"auto\" data-original-sizes=\"(max-width: 1920px) 100vw, 1920px\" \/>\n                                                                    <\/a>\n                                <figcaption><\/figcaption>\n                            <\/div>\n                                            <\/div>\n                                                    <div class=\"right\">\n                        <div class=\"content\">\n                            <h2>                                Eine angepasste Bildung, die ihre Kultur respektiert <small><\/small>\n                            <\/h2>                                                            <p><strong>Wir renovieren und bauen Klassenzimmer <\/strong>und verteilen den Kindern Schulmaterial in ihrer Muttersprache, auf Arabisch, das an ihre Kultur angepasst ist. Ausserdem werden Lehrerinnen und Lehrer eingestellt und ausgebildet.<\/p>\n                                                                                                            <\/div>\n                    <\/div>\n                            <\/div>\n        <\/div>\n    <\/section>\n\n\n    \n    <section class=\"leftTextRightImg \" style=\"display:\">\n        <div class=\"container\">\n            <div class=\"leftTextRightImgRow\">\n                                    <div class=\"right\">\n                                                    <div class=\"imgBlock\">\n                                <a class=\"figure_block\" href=\"https:\/\/edm.ch\/wp-content\/uploads\/2025\/04\/Enfants_du_Monde_apercu_tchad_aboutengue_2.png\" data-fancybox data-caption=\"\">\n                                    <img decoding=\"async\" data-src=\"https:\/\/edm.ch\/wp-content\/uploads\/2025\/04\/Enfants_du_Monde_apercu_tchad_aboutengue_2.png\" src=\"data:image\/svg+xml;base64,PHN2ZyB3aWR0aD0iMSIgaGVpZ2h0PSIxIiB4bWxucz0iaHR0cDovL3d3dy53My5vcmcvMjAwMC9zdmciPjwvc3ZnPg==\" class=\"lazyload\" style=\"--smush-placeholder-width: 1920px; --smush-placeholder-aspect-ratio: 1920\/1920;\" data-srcset=\"https:\/\/edm.ch\/wp-content\/uploads\/2025\/04\/Enfants_du_Monde_apercu_tchad_aboutengue_2.png 1920w, https:\/\/edm.ch\/wp-content\/uploads\/2025\/04\/Enfants_du_Monde_apercu_tchad_aboutengue_2-300x300.png 300w, https:\/\/edm.ch\/wp-content\/uploads\/2025\/04\/Enfants_du_Monde_apercu_tchad_aboutengue_2-1024x1024.png 1024w, https:\/\/edm.ch\/wp-content\/uploads\/2025\/04\/Enfants_du_Monde_apercu_tchad_aboutengue_2-150x150.png 150w, https:\/\/edm.ch\/wp-content\/uploads\/2025\/04\/Enfants_du_Monde_apercu_tchad_aboutengue_2-768x768.png 768w, https:\/\/edm.ch\/wp-content\/uploads\/2025\/04\/Enfants_du_Monde_apercu_tchad_aboutengue_2-1536x1536.png 1536w\" data-sizes=\"auto\" data-original-sizes=\"(max-width: 1920px) 100vw, 1920px\" \/>\n                                                                    <\/a>\n                                <figcaption><\/figcaption>\n                            <\/div>\n                                            <\/div>\n                                                    <div class=\"left\">\n                        <div class=\"content\">\n                            <h2>                                Wichtige Unterst\u00fctzung zur \u00dcberwindung von Traumata <small><\/small>\n                            <\/h2>                                                            <p>Dar\u00fcber hinaus wird psychologische Unterst\u00fctzung angeboten, um ihnen zu helfen,<strong> die Folgen ihres Exils zu \u00fcberwinden<\/strong> und sich in einem wohlwollenden Umfeld wieder aufzubauen. Wir schulen die Lehrerinnen und Lehrer in der Aufdeckung von Missbrauch und Gewalt und sensibilisieren Kinder und Familien.<\/p>\n                                                                                        <a href=\"https:\/\/don.edm.ch\/tschad-aboutengue\" class=\"btnYellow\">Ich spende<\/a>\n                                                                                <\/div>\n                    <\/div>\n                            <\/div>\n        <\/div>\n    <\/section>\n\n\n    \n    <section class=\"rightTextLeftImg \" style=\"display:\">\n        <div class=\"container\">\n            <div class=\"rightTextLeftImgRow\">\n                                    <div class=\"left\">\n                                                    <div class=\"imgBlock\">\n                                <a class=\"figure_block\" href=\"https:\/\/edm.ch\/wp-content\/uploads\/2025\/04\/Enfants_du_Monde_apercu_tchad_aboutengue_3.png\" data-fancybox data-caption=\"\">\n                                    <img decoding=\"async\" data-src=\"https:\/\/edm.ch\/wp-content\/uploads\/2025\/04\/Enfants_du_Monde_apercu_tchad_aboutengue_3.png\" src=\"data:image\/svg+xml;base64,PHN2ZyB3aWR0aD0iMSIgaGVpZ2h0PSIxIiB4bWxucz0iaHR0cDovL3d3dy53My5vcmcvMjAwMC9zdmciPjwvc3ZnPg==\" class=\"lazyload\" style=\"--smush-placeholder-width: 1920px; --smush-placeholder-aspect-ratio: 1920\/1920;\" data-srcset=\"https:\/\/edm.ch\/wp-content\/uploads\/2025\/04\/Enfants_du_Monde_apercu_tchad_aboutengue_3.png 1920w, https:\/\/edm.ch\/wp-content\/uploads\/2025\/04\/Enfants_du_Monde_apercu_tchad_aboutengue_3-300x300.png 300w, https:\/\/edm.ch\/wp-content\/uploads\/2025\/04\/Enfants_du_Monde_apercu_tchad_aboutengue_3-1024x1024.png 1024w, https:\/\/edm.ch\/wp-content\/uploads\/2025\/04\/Enfants_du_Monde_apercu_tchad_aboutengue_3-150x150.png 150w, https:\/\/edm.ch\/wp-content\/uploads\/2025\/04\/Enfants_du_Monde_apercu_tchad_aboutengue_3-768x768.png 768w, https:\/\/edm.ch\/wp-content\/uploads\/2025\/04\/Enfants_du_Monde_apercu_tchad_aboutengue_3-1536x1536.png 1536w\" data-sizes=\"auto\" data-original-sizes=\"(max-width: 1920px) 100vw, 1920px\" \/>\n                                                                    <\/a>\n                                <figcaption><\/figcaption>\n                            <\/div>\n                                            <\/div>\n                                                    <div class=\"right\">\n                        <div class=\"content\">\n                            <h2>                                Eine tabufreie Bildung \u2013 f\u00fcr M\u00e4dchen, die frei lernen k\u00f6nnen <small><\/small>\n                            <\/h2>                                                            <p>Oftmals k\u00f6nnen M\u00e4dchen <strong>aufgrund des fehlenden Zugangs zu Menstruationshygieneprodukten nicht zur Schule gehen.<\/strong> Wir verteilen die notwendigen Hygieneprodukte und kl\u00e4ren die Familien \u00fcber die mit der Menstruation verbundenen Tabus auf, wodurch eine Verbesserung der Hygienepraktiken erm\u00f6glicht wird.<\/p>\n                                                                                                            <\/div>\n                    <\/div>\n                            <\/div>\n        <\/div>\n    <\/section>\n\n\n    <section class=\"donation_count\" style=\"display:\">\n        <div class=\"inner_row\">\n            <div class=\"right_img_block\">\n                <div class=\"img_block figure_block\">\n                    <img decoding=\"async\" data-src=\"https:\/\/edm.ch\/wp-content\/uploads\/2025\/04\/Enfants_du_Monde_apercu_tchad_aboutengue_4.png\" alt=\"\" src=\"data:image\/svg+xml;base64,PHN2ZyB3aWR0aD0iMSIgaGVpZ2h0PSIxIiB4bWxucz0iaHR0cDovL3d3dy53My5vcmcvMjAwMC9zdmciPjwvc3ZnPg==\" class=\"lazyload\" style=\"--smush-placeholder-width: 1920px; --smush-placeholder-aspect-ratio: 1920\/1920;\" data-srcset=\"https:\/\/edm.ch\/wp-content\/uploads\/2025\/04\/Enfants_du_Monde_apercu_tchad_aboutengue_4.png 1920w, https:\/\/edm.ch\/wp-content\/uploads\/2025\/04\/Enfants_du_Monde_apercu_tchad_aboutengue_4-300x300.png 300w, https:\/\/edm.ch\/wp-content\/uploads\/2025\/04\/Enfants_du_Monde_apercu_tchad_aboutengue_4-1024x1024.png 1024w, https:\/\/edm.ch\/wp-content\/uploads\/2025\/04\/Enfants_du_Monde_apercu_tchad_aboutengue_4-150x150.png 150w, https:\/\/edm.ch\/wp-content\/uploads\/2025\/04\/Enfants_du_Monde_apercu_tchad_aboutengue_4-768x768.png 768w, https:\/\/edm.ch\/wp-content\/uploads\/2025\/04\/Enfants_du_Monde_apercu_tchad_aboutengue_4-1536x1536.png 1536w\" data-sizes=\"auto\" data-original-sizes=\"(max-width: 1920px) 100vw, 1920px\">\n                                    <\/div>\n            <\/div>\n            <div class=\"left_txt_block\">\n                <div class=\"txt_contents\">\n                    <h3>Meine Spende wirkt<\/h3>\n                    <div class=\"block_txts\">\n                                                    <div class=\"item\">\n                                <span class=\"title\">Zum Beispiel:<\/span>\n                                <p><\/p>\n                            <\/div>\n                                                    <div class=\"item\">\n                                <span class=\"title\">Mit 50 Franken, <\/span>\n                                <p>Schenke ich 4 M\u00e4dchen im Lager Aboutengu\u00e9 ein Hygieneset, das aus waschbaren Handt\u00fcchern, Slips und Seifen besteht.<\/p>\n                            <\/div>\n                                                    <div class=\"item\">\n                                <span class=\"title\">Mit 65 Franken, <\/span>\n                                <p>Trage ich zum Bau einer Schule f\u00fcr die Kinder des Lagers Aboutengu\u00e9 bei.<\/p>\n                            <\/div>\n                                                    <div class=\"item\">\n                                <span class=\"title\">Mit 80 Franken, <\/span>\n                                <p>Trage ich zur Finanzierung der Ausbildung eines Lehrers\/einer Lehrerin f\u00fcr eine Klasse im Lager Aboutengu\u00e9 bei.<\/p>\n                            <\/div>\n                                                                            <a href=\"https:\/\/don.edm.ch\/tschad-aboutengue\" class=\"btnWhite buttonDonation\">\n                                Ich spende                            <\/a>\n                                            <\/div>\n                <\/div>\n            <\/div>\n        <\/div>\n    <\/section>","protected":false},"excerpt":{"rendered":"<p>Vergessene Krise: es sind diese Worte, die heute ert\u00f6nen, wenn Sie vom Krieg im Sudan h\u00f6ren. Angesichts der Dringlichkeit der Situation schulen wir Fl\u00fcchtlingskinder im Alter von 12 bis 17 Jahren in einem sicheren und gesch\u00fctzten Umfeld.<\/p>\n","protected":false},"featured_media":35826,"template":"","news-category":[111],"news-year":[],"class_list":["post-35844","news","type-news","status-publish","has-post-thumbnail","hentry","news-category-education-de"],"acf":[],"yoast_head":"<!-- This site is optimized with the Yoast SEO plugin v26.9 - https:\/\/yoast.com\/product\/yoast-seo-wordpress\/ -->\n<title>Krieg im Sudan - Kindern helfen - Enfants du Monde<\/title>\n<meta name=\"description\" content=\"Schenken Sie den Fl\u00fcchtlingskindern aus dem Sudan im Tschad Bildung. Helfen Sie ihnen, den Krieg in einem sicheren Schulumfeld zu \u00fcberwinden.\" \/>\n<meta name=\"robots\" content=\"index, follow, max-snippet:-1, max-image-preview:large, max-video-preview:-1\" \/>\n<link rel=\"canonical\" href=\"https:\/\/edm.ch\/de\/news\/schenken-sie-schule-trotz-des-krieges\/\" \/>\n<meta property=\"og:locale\" content=\"de_DE\" \/>\n<meta property=\"og:type\" content=\"article\" \/>\n<meta property=\"og:title\" content=\"Krieg im Sudan - Kindern helfen - Enfants du Monde\" \/>\n<meta property=\"og:description\" content=\"Schenken Sie den Fl\u00fcchtlingskindern aus dem Sudan im Tschad Bildung. Helfen Sie ihnen, den Krieg in einem sicheren Schulumfeld zu \u00fcberwinden.\" \/>\n<meta property=\"og:url\" content=\"https:\/\/edm.ch\/de\/news\/schenken-sie-schule-trotz-des-krieges\/\" \/>\n<meta property=\"og:site_name\" content=\"Enfants du monde\" \/>\n<meta property=\"og:image\" content=\"https:\/\/edm.ch\/wp-content\/uploads\/2025\/04\/Enfants_du_Monde_banner_tchad_aboutengue_don-1024x328.png\" \/>\n\t<meta property=\"og:image:width\" content=\"1024\" \/>\n\t<meta property=\"og:image:height\" content=\"328\" \/>\n\t<meta property=\"og:image:type\" content=\"image\/png\" \/>\n<meta name=\"twitter:card\" content=\"summary_large_image\" \/>\n<meta name=\"twitter:label1\" content=\"Est. reading time\" \/>\n\t<meta name=\"twitter:data1\" content=\"1 Minute\" \/>\n<script type=\"application\/ld+json\" class=\"yoast-schema-graph\">{\"@context\":\"https:\/\/schema.org\",\"@graph\":[{\"@type\":\"WebPage\",\"@id\":\"https:\/\/edm.ch\/de\/news\/schenken-sie-schule-trotz-des-krieges\/\",\"url\":\"https:\/\/edm.ch\/de\/news\/schenken-sie-schule-trotz-des-krieges\/\",\"name\":\"Krieg im Sudan - Kindern helfen - Enfants du Monde\",\"isPartOf\":{\"@id\":\"https:\/\/edm.ch\/en\/#website\"},\"primaryImageOfPage\":{\"@id\":\"https:\/\/edm.ch\/de\/news\/schenken-sie-schule-trotz-des-krieges\/#primaryimage\"},\"image\":{\"@id\":\"https:\/\/edm.ch\/de\/news\/schenken-sie-schule-trotz-des-krieges\/#primaryimage\"},\"thumbnailUrl\":\"https:\/\/edm.ch\/wp-content\/uploads\/2025\/04\/Enfants_du_Monde_banner_tchad_aboutengue_don.png\",\"datePublished\":\"2025-04-25T07:21:54+00:00\",\"description\":\"Schenken Sie den Fl\u00fcchtlingskindern aus dem Sudan im Tschad Bildung. Helfen Sie ihnen, den Krieg in einem sicheren Schulumfeld zu \u00fcberwinden.\",\"inLanguage\":\"de-DE\",\"potentialAction\":[{\"@type\":\"ReadAction\",\"target\":[\"https:\/\/edm.ch\/de\/news\/schenken-sie-schule-trotz-des-krieges\/\"]}]},{\"@type\":\"ImageObject\",\"inLanguage\":\"de-DE\",\"@id\":\"https:\/\/edm.ch\/de\/news\/schenken-sie-schule-trotz-des-krieges\/#primaryimage\",\"url\":\"https:\/\/edm.ch\/wp-content\/uploads\/2025\/04\/Enfants_du_Monde_banner_tchad_aboutengue_don.png\",\"contentUrl\":\"https:\/\/edm.ch\/wp-content\/uploads\/2025\/04\/Enfants_du_Monde_banner_tchad_aboutengue_don.png\",\"width\":2500,\"height\":800},{\"@type\":\"WebSite\",\"@id\":\"https:\/\/edm.ch\/en\/#website\",\"url\":\"https:\/\/edm.ch\/en\/\",\"name\":\"Enfants du monde\",\"description\":\"Association suisse\",\"potentialAction\":[{\"@type\":\"SearchAction\",\"target\":{\"@type\":\"EntryPoint\",\"urlTemplate\":\"https:\/\/edm.ch\/en\/?s={search_term_string}\"},\"query-input\":{\"@type\":\"PropertyValueSpecification\",\"valueRequired\":true,\"valueName\":\"search_term_string\"}}],\"inLanguage\":\"de-DE\"}]}<\/script>\n<!-- \/ Yoast SEO plugin. -->","yoast_head_json":{"title":"Krieg im Sudan - Kindern helfen - Enfants du Monde","description":"Schenken Sie den Fl\u00fcchtlingskindern aus dem Sudan im Tschad Bildung. Helfen Sie ihnen, den Krieg in einem sicheren Schulumfeld zu \u00fcberwinden.","robots":{"index":"index","follow":"follow","max-snippet":"max-snippet:-1","max-image-preview":"max-image-preview:large","max-video-preview":"max-video-preview:-1"},"canonical":"https:\/\/edm.ch\/de\/news\/schenken-sie-schule-trotz-des-krieges\/","og_locale":"de_DE","og_type":"article","og_title":"Krieg im Sudan - Kindern helfen - Enfants du Monde","og_description":"Schenken Sie den Fl\u00fcchtlingskindern aus dem Sudan im Tschad Bildung. Helfen Sie ihnen, den Krieg in einem sicheren Schulumfeld zu \u00fcberwinden.","og_url":"https:\/\/edm.ch\/de\/news\/schenken-sie-schule-trotz-des-krieges\/","og_site_name":"Enfants du monde","og_image":[{"width":1024,"height":328,"url":"https:\/\/edm.ch\/wp-content\/uploads\/2025\/04\/Enfants_du_Monde_banner_tchad_aboutengue_don-1024x328.png","type":"image\/png"}],"twitter_card":"summary_large_image","twitter_misc":{"Est. reading time":"1 Minute"},"schema":{"@context":"https:\/\/schema.org","@graph":[{"@type":"WebPage","@id":"https:\/\/edm.ch\/de\/news\/schenken-sie-schule-trotz-des-krieges\/","url":"https:\/\/edm.ch\/de\/news\/schenken-sie-schule-trotz-des-krieges\/","name":"Krieg im Sudan - Kindern helfen - Enfants du Monde","isPartOf":{"@id":"https:\/\/edm.ch\/en\/#website"},"primaryImageOfPage":{"@id":"https:\/\/edm.ch\/de\/news\/schenken-sie-schule-trotz-des-krieges\/#primaryimage"},"image":{"@id":"https:\/\/edm.ch\/de\/news\/schenken-sie-schule-trotz-des-krieges\/#primaryimage"},"thumbnailUrl":"https:\/\/edm.ch\/wp-content\/uploads\/2025\/04\/Enfants_du_Monde_banner_tchad_aboutengue_don.png","datePublished":"2025-04-25T07:21:54+00:00","description":"Schenken Sie den Fl\u00fcchtlingskindern aus dem Sudan im Tschad Bildung. Helfen Sie ihnen, den Krieg in einem sicheren Schulumfeld zu \u00fcberwinden.","inLanguage":"de-DE","potentialAction":[{"@type":"ReadAction","target":["https:\/\/edm.ch\/de\/news\/schenken-sie-schule-trotz-des-krieges\/"]}]},{"@type":"ImageObject","inLanguage":"de-DE","@id":"https:\/\/edm.ch\/de\/news\/schenken-sie-schule-trotz-des-krieges\/#primaryimage","url":"https:\/\/edm.ch\/wp-content\/uploads\/2025\/04\/Enfants_du_Monde_banner_tchad_aboutengue_don.png","contentUrl":"https:\/\/edm.ch\/wp-content\/uploads\/2025\/04\/Enfants_du_Monde_banner_tchad_aboutengue_don.png","width":2500,"height":800},{"@type":"WebSite","@id":"https:\/\/edm.ch\/en\/#website","url":"https:\/\/edm.ch\/en\/","name":"Enfants du monde","description":"Association suisse","potentialAction":[{"@type":"SearchAction","target":{"@type":"EntryPoint","urlTemplate":"https:\/\/edm.ch\/en\/?s={search_term_string}"},"query-input":{"@type":"PropertyValueSpecification","valueRequired":true,"valueName":"search_term_string"}}],"inLanguage":"de-DE"}]}},"_links":{"self":[{"href":"https:\/\/edm.ch\/de\/wp-json\/wp\/v2\/news\/35844","targetHints":{"allow":["GET"]}}],"collection":[{"href":"https:\/\/edm.ch\/de\/wp-json\/wp\/v2\/news"}],"about":[{"href":"https:\/\/edm.ch\/de\/wp-json\/wp\/v2\/types\/news"}],"wp:featuredmedia":[{"embeddable":true,"href":"https:\/\/edm.ch\/de\/wp-json\/wp\/v2\/media\/35826"}],"wp:attachment":[{"href":"https:\/\/edm.ch\/de\/wp-json\/wp\/v2\/media?parent=35844"}],"wp:term":[{"taxonomy":"news-category","embeddable":true,"href":"https:\/\/edm.ch\/de\/wp-json\/wp\/v2\/news-category?post=35844"},{"taxonomy":"news-year","embeddable":true,"href":"https:\/\/edm.ch\/de\/wp-json\/wp\/v2\/news-year?post=35844"}],"curies":[{"name":"wp","href":"https:\/\/api.w.org\/{rel}","templated":true}]}}