{"id":25964,"date":"2023-12-12T08:30:00","date_gmt":"2023-12-12T08:30:00","guid":{"rendered":"https:\/\/edm.ch\/?post_type=news&#038;p=25964"},"modified":"2023-12-12T12:17:36","modified_gmt":"2023-12-12T12:17:36","slug":"gefahrdete-mutter-und-kinder-unterstutzen","status":"publish","type":"news","link":"https:\/\/edm.ch\/de\/news\/gefahrdete-mutter-und-kinder-unterstutzen\/","title":{"rendered":"Lassen Sie uns gemeinsam gef\u00e4hrdete M\u00fctter und Kinder auf der ganzen Welt unterst\u00fctzen"},"content":{"rendered":"<section class=\"subpageBanner\" style=\"display:\">\n    <div class=\"subpageBannerBlock figure_block\">\n        <img decoding=\"async\" data-src=\"https:\/\/edm.ch\/wp-content\/uploads\/2021\/09\/Bangladesh-Banner.png\" src=\"data:image\/svg+xml;base64,PHN2ZyB3aWR0aD0iMSIgaGVpZ2h0PSIxIiB4bWxucz0iaHR0cDovL3d3dy53My5vcmcvMjAwMC9zdmciPjwvc3ZnPg==\" class=\"lazyload\" style=\"--smush-placeholder-width: 2500px; --smush-placeholder-aspect-ratio: 2500\/1080;\" data-srcset=\"https:\/\/edm.ch\/wp-content\/uploads\/2021\/09\/Bangladesh-Banner.png 2500w, https:\/\/edm.ch\/wp-content\/uploads\/2021\/09\/Bangladesh-Banner-300x130.png 300w, https:\/\/edm.ch\/wp-content\/uploads\/2021\/09\/Bangladesh-Banner-1024x442.png 1024w, https:\/\/edm.ch\/wp-content\/uploads\/2021\/09\/Bangladesh-Banner-768x332.png 768w, https:\/\/edm.ch\/wp-content\/uploads\/2021\/09\/Bangladesh-Banner-1536x664.png 1536w, https:\/\/edm.ch\/wp-content\/uploads\/2021\/09\/Bangladesh-Banner-2048x885.png 2048w\" data-sizes=\"auto\" data-original-sizes=\"(max-width: 2500px) 100vw, 2500px\" \/>\n        <div class=\"subpageBannerWrap\">\n            <div class=\"container\">\n                <div class=\"content\">\n                    <div>\n                        <span class=\"bannerHead\">Lassen Sie uns gemeinsam gef\u00e4hrdete M\u00fctter und Kinder auf der ganzen Welt unterst\u00fctzen <\/span>\n                        <h1><\/h1>\n                    <\/div>\n                                    <\/div>\n            <\/div>\n        <\/div>\n                    <div class=\"picture-caption\">\n                <div class=\"caption-content\"><span>Slawomir Plata<\/span><\/div>\n            <\/div>\n            <\/div>\n<\/section>\n<script type=\"text\/javascript\">\n    jQuery(document).ready(function ($) {\n        \/\/ Check if the block exists\n        var bannerSection = $('#subpage-banner-section');\n\n        if (bannerSection.length > 0) {\n            \/\/ Move the block to the end of <main> just before the footer\n            $('main').append(bannerSection); \/\/ This will append it inside the <main> tag\n        }\n\n        $('.documentAccordion').on('click', function (e) {\n            e.preventDefault();  \/\/ Prevent default link action\n\n            \/\/ Target the section with the given ID\n            $('html, body').animate({\n                scrollTop: $('#subpage-banner-section').offset().top - 200\n            }, 1000);\n        });\n    });\n<\/script>\n\n        <section class=\"contentSec\" style=\"display:\">\n        <div class=\"container\">\n            <div class=\"contentBlock\">\n                <h5><\/h5>\n                <p>Wenn Sie sich an unserer Seite f\u00fcr die Unterst\u00fctzung und den Schutz von M\u00fcttern und Kindern auf der Welt einsetzen, <strong>k\u00f6nnen wir gemeinsam einen nachhaltigen Einfluss auf ihre Lebensbedingungen haben,<\/strong> dank hochwertiger Bildung und Zugang zu Gesundheitsdiensten.<\/p>\n                            <\/div>\n        <\/div>\n    <\/section>\n\n\n    \n    <section class=\"rightTextLeftImg \" style=\"display:\">\n        <div class=\"container\">\n            <div class=\"rightTextLeftImgRow\">\n                                    <div class=\"left\">\n                                                    <div class=\"imgBlock\">\n                                <a class=\"figure_block\" href=\"https:\/\/edm.ch\/wp-content\/uploads\/2023\/08\/Burkina-Faso_education-bilingue-eleve-tableau.png\" data-fancybox data-caption=\"\">\n                                    <img decoding=\"async\" data-src=\"https:\/\/edm.ch\/wp-content\/uploads\/2023\/08\/Burkina-Faso_education-bilingue-eleve-tableau.png\" src=\"data:image\/svg+xml;base64,PHN2ZyB3aWR0aD0iMSIgaGVpZ2h0PSIxIiB4bWxucz0iaHR0cDovL3d3dy53My5vcmcvMjAwMC9zdmciPjwvc3ZnPg==\" class=\"lazyload\" style=\"--smush-placeholder-width: 1920px; --smush-placeholder-aspect-ratio: 1920\/1920;\" data-srcset=\"https:\/\/edm.ch\/wp-content\/uploads\/2023\/08\/Burkina-Faso_education-bilingue-eleve-tableau.png 1920w, https:\/\/edm.ch\/wp-content\/uploads\/2023\/08\/Burkina-Faso_education-bilingue-eleve-tableau-300x300.png 300w, https:\/\/edm.ch\/wp-content\/uploads\/2023\/08\/Burkina-Faso_education-bilingue-eleve-tableau-1024x1024.png 1024w, https:\/\/edm.ch\/wp-content\/uploads\/2023\/08\/Burkina-Faso_education-bilingue-eleve-tableau-150x150.png 150w, https:\/\/edm.ch\/wp-content\/uploads\/2023\/08\/Burkina-Faso_education-bilingue-eleve-tableau-768x768.png 768w, https:\/\/edm.ch\/wp-content\/uploads\/2023\/08\/Burkina-Faso_education-bilingue-eleve-tableau-1536x1536.png 1536w\" data-sizes=\"auto\" data-original-sizes=\"(max-width: 1920px) 100vw, 1920px\" \/>\n                                                                    <\/a>\n                                <figcaption><\/figcaption>\n                            <\/div>\n                                            <\/div>\n                                                    <div class=\"right\">\n                        <div class=\"content\">\n                            <h3>                                In manchen L\u00e4ndern k\u00f6nnen Sch\u00fclern am Ende der Primarschule immer noch keinen Satz lesen <small><\/small>\n                            <\/h3>                                                            <p>Dank Ihrer Spende an Enfants du Monde k\u00f6nnen Sie Kindern in Burkina Faso oder Guatemala<strong> zu einem neuen Schicksal verhelfen:<\/strong><\/p>\n<ul>\n<li>Sie erm\u00f6glichen<strong> benachteiligten Kindern<\/strong> eine Primarschulbildung<\/li>\n<li><strong>Sie verbessern die Unterrichtsqualit\u00e4t,<\/strong> indem Sie die Ausbildung von Lehrpersonen in einer aktiven P\u00e4dagogik, die die Selbstst\u00e4ndigkeit der Sch\u00fcler f\u00f6rdert, unterst\u00fctzen<\/li>\n<li>Sie unterst\u00fctzen die Anpassung der Schulbildung an die Bed\u00fcrfnisse der Kinder <strong>durch zweisprachigen Unterricht<\/strong> in der lokalen Muttersprache der Kinder und in der Amtssprache des Landes<\/li>\n<\/ul>\n                                                                                        <a href=\"https:\/\/don.edm.ch\/bildung-dezember-2023-de\" class=\"btnYellow\">Ich spende<\/a>\n                                                                                <\/div>\n                    <\/div>\n                            <\/div>\n        <\/div>\n    <\/section>\n\n\n    \n    <section class=\"leftTextRightImg \" style=\"display:\">\n        <div class=\"container\">\n            <div class=\"leftTextRightImgRow\">\n                                    <div class=\"right\">\n                                                    <div class=\"imgBlock\">\n                                <a class=\"figure_block\" href=\"https:\/\/edm.ch\/wp-content\/uploads\/2023\/12\/Enfants_du_Monde_Tanzanie_apercu.png\" data-fancybox data-caption=\"\">\n                                    <img decoding=\"async\" data-src=\"https:\/\/edm.ch\/wp-content\/uploads\/2023\/12\/Enfants_du_Monde_Tanzanie_apercu.png\" src=\"data:image\/svg+xml;base64,PHN2ZyB3aWR0aD0iMSIgaGVpZ2h0PSIxIiB4bWxucz0iaHR0cDovL3d3dy53My5vcmcvMjAwMC9zdmciPjwvc3ZnPg==\" class=\"lazyload\" style=\"--smush-placeholder-width: 1920px; --smush-placeholder-aspect-ratio: 1920\/1920;\" data-srcset=\"https:\/\/edm.ch\/wp-content\/uploads\/2023\/12\/Enfants_du_Monde_Tanzanie_apercu.png 1920w, https:\/\/edm.ch\/wp-content\/uploads\/2023\/12\/Enfants_du_Monde_Tanzanie_apercu-300x300.png 300w, https:\/\/edm.ch\/wp-content\/uploads\/2023\/12\/Enfants_du_Monde_Tanzanie_apercu-1024x1024.png 1024w, https:\/\/edm.ch\/wp-content\/uploads\/2023\/12\/Enfants_du_Monde_Tanzanie_apercu-150x150.png 150w, https:\/\/edm.ch\/wp-content\/uploads\/2023\/12\/Enfants_du_Monde_Tanzanie_apercu-768x768.png 768w, https:\/\/edm.ch\/wp-content\/uploads\/2023\/12\/Enfants_du_Monde_Tanzanie_apercu-1536x1536.png 1536w\" data-sizes=\"auto\" data-original-sizes=\"(max-width: 1920px) 100vw, 1920px\" \/>\n                                                                            <div class=\"picture-caption\">\n                                            <div class=\"caption-content\"><span>Fairpicture \/ Solidarmed<\/span><\/div>\n                                        <\/div>\n                                                                    <\/a>\n                                <figcaption><\/figcaption>\n                            <\/div>\n                                            <\/div>\n                                                    <div class=\"left\">\n                        <div class=\"content\">\n                            <h3>                                 <small>Jeden Tag sterben weltweit mehr als 800 Frauen* an Komplikationen w\u00e4hrend der Schwangerschaft oder der Geburt, denen meist vorgebeugt h\u00e4tte werden k\u00f6nnen<\/small>\n                            <\/h3>                                                            <p><strong>Dank Ihrer Spende wird die Gesundheit von Frauen, Babys und Kindern gesch\u00fctzt in Bangladesh, Burkina Faso oder Nepal:<\/strong><\/p>\n<ul>\n<li>Sie erm\u00f6glichen in D\u00f6rfern und zu Hause <strong>Gesundheitserziehung f\u00fcr M\u00fctter f\u00fcr schwangere Frauen<\/strong> und ihre Familien<\/li>\n<li>Sie finanzieren illustrierte Informationsbrosch\u00fcren in der lokalen Sprache, damit alle Frauen, auch Analphabetinnen, die Anzeichen von Gefahr w\u00e4hrend der Schwangerschaft verstehen k\u00f6nnen<\/li>\n<li>Sie verbessern die Qualit\u00e4t der Versorgung durch eine bessere Weiterbildung des Gesundheitspersonals in Mutter- und Neugeborenengesundheit<\/li>\n<\/ul>\n                                                                                        <a href=\"https:\/\/don.edm.ch\/gesundheit-dezember-2023-de\" class=\"btnYellow\">Ich spende<\/a>\n                                                                                <\/div>\n                    <\/div>\n                            <\/div>\n        <\/div>\n    <\/section>\n\n\n    \n    <section class=\"quoteImage rightTextLeftImg \" style=\"display:\">\n        <div class=\"container\">\n            <div class=\"rightTextLeftImgRow\">\n                                    <div class=\"left\">\n                                                    <div class=\"imgBlock\">\n                                <a class=\"figure_block\" href=\"https:\/\/edm.ch\/wp-content\/uploads\/2023\/12\/Enfants_du_Monde_Reyna_Guatemala.png\" data-fancybox data-caption=\"\">\n                                    <img decoding=\"async\" data-src=\"https:\/\/edm.ch\/wp-content\/uploads\/2023\/12\/Enfants_du_Monde_Reyna_Guatemala.png\" src=\"data:image\/svg+xml;base64,PHN2ZyB3aWR0aD0iMSIgaGVpZ2h0PSIxIiB4bWxucz0iaHR0cDovL3d3dy53My5vcmcvMjAwMC9zdmciPjwvc3ZnPg==\" class=\"lazyload\" style=\"--smush-placeholder-width: 1920px; --smush-placeholder-aspect-ratio: 1920\/1920;\" data-srcset=\"https:\/\/edm.ch\/wp-content\/uploads\/2023\/12\/Enfants_du_Monde_Reyna_Guatemala.png 1920w, https:\/\/edm.ch\/wp-content\/uploads\/2023\/12\/Enfants_du_Monde_Reyna_Guatemala-300x300.png 300w, https:\/\/edm.ch\/wp-content\/uploads\/2023\/12\/Enfants_du_Monde_Reyna_Guatemala-1024x1024.png 1024w, https:\/\/edm.ch\/wp-content\/uploads\/2023\/12\/Enfants_du_Monde_Reyna_Guatemala-150x150.png 150w, https:\/\/edm.ch\/wp-content\/uploads\/2023\/12\/Enfants_du_Monde_Reyna_Guatemala-768x768.png 768w, https:\/\/edm.ch\/wp-content\/uploads\/2023\/12\/Enfants_du_Monde_Reyna_Guatemala-1536x1536.png 1536w\" data-sizes=\"auto\" data-original-sizes=\"(max-width: 1920px) 100vw, 1920px\" \/>\n                                                                    <\/a>\n                                <figcaption><\/figcaption>\n                            <\/div>\n                                            <\/div>\n                                                    <div class=\"right\">\n                        <div class=\"content\">\n                            <h2>                                Reyna <small>Sch\u00fclerin in Guatemala<\/small>\n                            <\/h2>                            <div class=\"quote\">                                <p>Ich lerne Lesen und Schreiben auf Spanisch sowie in meiner Muttersprache Kaqchikel. Am meisten gef\u00e4llt mir das Lesen von M\u00e4rchen und das Schreibenlernen. Sp\u00e4ter m\u00f6chte ich \u00c4rztin werden, damit ich andere Menschen heilen kann.<\/p>\n                            <\/div>                                                                                <\/div>\n                    <\/div>\n                            <\/div>\n        <\/div>\n    <\/section>\n\n\n    <section class=\"donation_count\" style=\"display:\">\n        <div class=\"inner_row\">\n            <div class=\"right_img_block\">\n                <div class=\"img_block figure_block\">\n                    <img decoding=\"async\" data-src=\"https:\/\/edm.ch\/wp-content\/uploads\/2023\/09\/Enfants_du_monde_website_image_RS6526_Bangladesh_femme_1920.jpg\" alt=\"\" src=\"data:image\/svg+xml;base64,PHN2ZyB3aWR0aD0iMSIgaGVpZ2h0PSIxIiB4bWxucz0iaHR0cDovL3d3dy53My5vcmcvMjAwMC9zdmciPjwvc3ZnPg==\" class=\"lazyload\" style=\"--smush-placeholder-width: 1920px; --smush-placeholder-aspect-ratio: 1920\/1920;\" data-srcset=\"https:\/\/edm.ch\/wp-content\/uploads\/2023\/09\/Enfants_du_monde_website_image_RS6526_Bangladesh_femme_1920.jpg 1920w, https:\/\/edm.ch\/wp-content\/uploads\/2023\/09\/Enfants_du_monde_website_image_RS6526_Bangladesh_femme_1920-300x300.jpg 300w, https:\/\/edm.ch\/wp-content\/uploads\/2023\/09\/Enfants_du_monde_website_image_RS6526_Bangladesh_femme_1920-1024x1024.jpg 1024w, https:\/\/edm.ch\/wp-content\/uploads\/2023\/09\/Enfants_du_monde_website_image_RS6526_Bangladesh_femme_1920-150x150.jpg 150w, https:\/\/edm.ch\/wp-content\/uploads\/2023\/09\/Enfants_du_monde_website_image_RS6526_Bangladesh_femme_1920-768x768.jpg 768w, https:\/\/edm.ch\/wp-content\/uploads\/2023\/09\/Enfants_du_monde_website_image_RS6526_Bangladesh_femme_1920-1536x1536.jpg 1536w\" data-sizes=\"auto\" data-original-sizes=\"(max-width: 1920px) 100vw, 1920px\">\n                                    <\/div>\n            <\/div>\n            <div class=\"left_txt_block\">\n                <div class=\"txt_contents\">\n                    <h3>Meine Spende wirkt<\/h3>\n                    <div class=\"block_txts\">\n                                                    <div class=\"item\">\n                                <span class=\"title\">Zum Beispiel:<\/span>\n                                <p><\/p>\n                            <\/div>\n                                                    <div class=\"item\">\n                                <span class=\"title\">Mit 70 Franken<\/span>\n                                <p>Ich schenke 8 Kindern in Burkina Faso ein zweisprachiges Schulbuch in Franz\u00f6sisch und Moor\u00e9 (lokale Sprache), damit sie in der Schule besser vorankommen.<\/p>\n                            <\/div>\n                                                    <div class=\"item\">\n                                <span class=\"title\">Mit 140 Franken<\/span>\n                                <p>Ich erm\u00f6gliche 250 schwangeren Frauen in Bangladesch, sich auf die Geburt ihres Babys und die mit der Geburt verbundenen Risiken vorzubereiten.<\/p>\n                            <\/div>\n                                                    <div class=\"item\">\n                                <span class=\"title\">Mit 200 Franken<\/span>\n                                <p>Ich finanziere 10 Lehrer*innen in Guatemala eine Weiterbildung in zweisprachiger Erziehung, um die Qualit\u00e4t ihres Unterrichts zu verbessern.<\/p>\n                            <\/div>\n                                                                            <a href=\"https:\/\/don.edm.ch\/spende-dezember-2023\" class=\"btnWhite buttonDonation\">\n                                Ich spende                            <\/a>\n                                            <\/div>\n                <\/div>\n            <\/div>\n        <\/div>\n    <\/section>","protected":false},"excerpt":{"rendered":"<p>Wenn Sie sich an unserer Seite f\u00fcr die Unterst\u00fctzung und den Schutz von M\u00fcttern und Kindern auf der Welt einsetzen, k\u00f6nnen wir gemeinsam einen nachhaltigen Einfluss auf ihre Lebensbedingungen haben, dank hochwertiger Bildung und Zugang zu Gesundheitsdiensten.<\/p>\n","protected":false},"featured_media":26223,"template":"","news-category":[106,111,113],"news-year":[114],"class_list":["post-25964","news","type-news","status-publish","has-post-thumbnail","hentry","news-category-sante-de","news-category-education-de","news-category-burkina-faso-de","news-year-2023-de"],"acf":[],"yoast_head":"<!-- This site is optimized with the Yoast SEO plugin v26.9 - https:\/\/yoast.com\/product\/yoast-seo-wordpress\/ -->\n<title>Spende NGO - Enfants du Monde<\/title>\n<meta name=\"description\" content=\"Lassen Sie uns gemeinsam gef\u00e4hrdete M\u00fctter und Kinder auf der ganzen Welt unterst\u00fctzen dank Gesundheit und Bildung.\" \/>\n<meta name=\"robots\" content=\"index, follow, max-snippet:-1, max-image-preview:large, max-video-preview:-1\" \/>\n<link rel=\"canonical\" href=\"https:\/\/edm.ch\/de\/news\/gefahrdete-mutter-und-kinder-unterstutzen\/\" \/>\n<meta property=\"og:locale\" content=\"de_DE\" \/>\n<meta property=\"og:type\" content=\"article\" \/>\n<meta property=\"og:title\" content=\"Spende NGO - Enfants du Monde\" \/>\n<meta property=\"og:description\" content=\"Lassen Sie uns gemeinsam gef\u00e4hrdete M\u00fctter und Kinder auf der ganzen Welt unterst\u00fctzen dank Gesundheit und Bildung.\" \/>\n<meta property=\"og:url\" content=\"https:\/\/edm.ch\/de\/news\/gefahrdete-mutter-und-kinder-unterstutzen\/\" \/>\n<meta property=\"og:site_name\" content=\"Enfants du monde\" \/>\n<meta property=\"article:modified_time\" content=\"2023-12-12T12:17:36+00:00\" \/>\n<meta property=\"og:image\" content=\"https:\/\/edm.ch\/wp-content\/uploads\/2023\/12\/Enfants_du_Monde_Bangladesh_apercu_don-1024x1024.png\" \/>\n\t<meta property=\"og:image:width\" content=\"1024\" \/>\n\t<meta property=\"og:image:height\" content=\"1024\" \/>\n\t<meta property=\"og:image:type\" content=\"image\/png\" \/>\n<meta name=\"twitter:card\" content=\"summary_large_image\" \/>\n<script type=\"application\/ld+json\" class=\"yoast-schema-graph\">{\"@context\":\"https:\/\/schema.org\",\"@graph\":[{\"@type\":\"WebPage\",\"@id\":\"https:\/\/edm.ch\/de\/news\/gefahrdete-mutter-und-kinder-unterstutzen\/\",\"url\":\"https:\/\/edm.ch\/de\/news\/gefahrdete-mutter-und-kinder-unterstutzen\/\",\"name\":\"Spende NGO - Enfants du Monde\",\"isPartOf\":{\"@id\":\"https:\/\/edm.ch\/en\/#website\"},\"primaryImageOfPage\":{\"@id\":\"https:\/\/edm.ch\/de\/news\/gefahrdete-mutter-und-kinder-unterstutzen\/#primaryimage\"},\"image\":{\"@id\":\"https:\/\/edm.ch\/de\/news\/gefahrdete-mutter-und-kinder-unterstutzen\/#primaryimage\"},\"thumbnailUrl\":\"https:\/\/edm.ch\/wp-content\/uploads\/2023\/12\/Enfants_du_Monde_Bangladesh_apercu_don.png\",\"datePublished\":\"2023-12-12T08:30:00+00:00\",\"dateModified\":\"2023-12-12T12:17:36+00:00\",\"description\":\"Lassen Sie uns gemeinsam gef\u00e4hrdete M\u00fctter und Kinder auf der ganzen Welt unterst\u00fctzen dank Gesundheit und Bildung.\",\"inLanguage\":\"de-DE\",\"potentialAction\":[{\"@type\":\"ReadAction\",\"target\":[\"https:\/\/edm.ch\/de\/news\/gefahrdete-mutter-und-kinder-unterstutzen\/\"]}]},{\"@type\":\"ImageObject\",\"inLanguage\":\"de-DE\",\"@id\":\"https:\/\/edm.ch\/de\/news\/gefahrdete-mutter-und-kinder-unterstutzen\/#primaryimage\",\"url\":\"https:\/\/edm.ch\/wp-content\/uploads\/2023\/12\/Enfants_du_Monde_Bangladesh_apercu_don.png\",\"contentUrl\":\"https:\/\/edm.ch\/wp-content\/uploads\/2023\/12\/Enfants_du_Monde_Bangladesh_apercu_don.png\",\"width\":1920,\"height\":1920,\"caption\":\"Slawomir Plata\"},{\"@type\":\"WebSite\",\"@id\":\"https:\/\/edm.ch\/en\/#website\",\"url\":\"https:\/\/edm.ch\/en\/\",\"name\":\"Enfants du monde\",\"description\":\"Association suisse\",\"potentialAction\":[{\"@type\":\"SearchAction\",\"target\":{\"@type\":\"EntryPoint\",\"urlTemplate\":\"https:\/\/edm.ch\/en\/?s={search_term_string}\"},\"query-input\":{\"@type\":\"PropertyValueSpecification\",\"valueRequired\":true,\"valueName\":\"search_term_string\"}}],\"inLanguage\":\"de-DE\"}]}<\/script>\n<!-- \/ Yoast SEO plugin. -->","yoast_head_json":{"title":"Spende NGO - Enfants du Monde","description":"Lassen Sie uns gemeinsam gef\u00e4hrdete M\u00fctter und Kinder auf der ganzen Welt unterst\u00fctzen dank Gesundheit und Bildung.","robots":{"index":"index","follow":"follow","max-snippet":"max-snippet:-1","max-image-preview":"max-image-preview:large","max-video-preview":"max-video-preview:-1"},"canonical":"https:\/\/edm.ch\/de\/news\/gefahrdete-mutter-und-kinder-unterstutzen\/","og_locale":"de_DE","og_type":"article","og_title":"Spende NGO - Enfants du Monde","og_description":"Lassen Sie uns gemeinsam gef\u00e4hrdete M\u00fctter und Kinder auf der ganzen Welt unterst\u00fctzen dank Gesundheit und Bildung.","og_url":"https:\/\/edm.ch\/de\/news\/gefahrdete-mutter-und-kinder-unterstutzen\/","og_site_name":"Enfants du monde","article_modified_time":"2023-12-12T12:17:36+00:00","og_image":[{"width":1024,"height":1024,"url":"https:\/\/edm.ch\/wp-content\/uploads\/2023\/12\/Enfants_du_Monde_Bangladesh_apercu_don-1024x1024.png","type":"image\/png"}],"twitter_card":"summary_large_image","schema":{"@context":"https:\/\/schema.org","@graph":[{"@type":"WebPage","@id":"https:\/\/edm.ch\/de\/news\/gefahrdete-mutter-und-kinder-unterstutzen\/","url":"https:\/\/edm.ch\/de\/news\/gefahrdete-mutter-und-kinder-unterstutzen\/","name":"Spende NGO - Enfants du Monde","isPartOf":{"@id":"https:\/\/edm.ch\/en\/#website"},"primaryImageOfPage":{"@id":"https:\/\/edm.ch\/de\/news\/gefahrdete-mutter-und-kinder-unterstutzen\/#primaryimage"},"image":{"@id":"https:\/\/edm.ch\/de\/news\/gefahrdete-mutter-und-kinder-unterstutzen\/#primaryimage"},"thumbnailUrl":"https:\/\/edm.ch\/wp-content\/uploads\/2023\/12\/Enfants_du_Monde_Bangladesh_apercu_don.png","datePublished":"2023-12-12T08:30:00+00:00","dateModified":"2023-12-12T12:17:36+00:00","description":"Lassen Sie uns gemeinsam gef\u00e4hrdete M\u00fctter und Kinder auf der ganzen Welt unterst\u00fctzen dank Gesundheit und Bildung.","inLanguage":"de-DE","potentialAction":[{"@type":"ReadAction","target":["https:\/\/edm.ch\/de\/news\/gefahrdete-mutter-und-kinder-unterstutzen\/"]}]},{"@type":"ImageObject","inLanguage":"de-DE","@id":"https:\/\/edm.ch\/de\/news\/gefahrdete-mutter-und-kinder-unterstutzen\/#primaryimage","url":"https:\/\/edm.ch\/wp-content\/uploads\/2023\/12\/Enfants_du_Monde_Bangladesh_apercu_don.png","contentUrl":"https:\/\/edm.ch\/wp-content\/uploads\/2023\/12\/Enfants_du_Monde_Bangladesh_apercu_don.png","width":1920,"height":1920,"caption":"Slawomir Plata"},{"@type":"WebSite","@id":"https:\/\/edm.ch\/en\/#website","url":"https:\/\/edm.ch\/en\/","name":"Enfants du monde","description":"Association suisse","potentialAction":[{"@type":"SearchAction","target":{"@type":"EntryPoint","urlTemplate":"https:\/\/edm.ch\/en\/?s={search_term_string}"},"query-input":{"@type":"PropertyValueSpecification","valueRequired":true,"valueName":"search_term_string"}}],"inLanguage":"de-DE"}]}},"_links":{"self":[{"href":"https:\/\/edm.ch\/de\/wp-json\/wp\/v2\/news\/25964","targetHints":{"allow":["GET"]}}],"collection":[{"href":"https:\/\/edm.ch\/de\/wp-json\/wp\/v2\/news"}],"about":[{"href":"https:\/\/edm.ch\/de\/wp-json\/wp\/v2\/types\/news"}],"wp:featuredmedia":[{"embeddable":true,"href":"https:\/\/edm.ch\/de\/wp-json\/wp\/v2\/media\/26223"}],"wp:attachment":[{"href":"https:\/\/edm.ch\/de\/wp-json\/wp\/v2\/media?parent=25964"}],"wp:term":[{"taxonomy":"news-category","embeddable":true,"href":"https:\/\/edm.ch\/de\/wp-json\/wp\/v2\/news-category?post=25964"},{"taxonomy":"news-year","embeddable":true,"href":"https:\/\/edm.ch\/de\/wp-json\/wp\/v2\/news-year?post=25964"}],"curies":[{"name":"wp","href":"https:\/\/api.w.org\/{rel}","templated":true}]}}