{"id":11807,"date":"2023-05-12T08:58:00","date_gmt":"2023-05-12T08:58:00","guid":{"rendered":"https:\/\/edm.ch\/comment-mieux-defendre-les-droits-des-enfants-dans-les-conflits-armes\/"},"modified":"2023-09-27T07:28:05","modified_gmt":"2023-09-27T07:28:05","slug":"kindern-in-bewaffneten-konflikten","status":"publish","type":"news","link":"https:\/\/edm.ch\/de\/news\/kindern-in-bewaffneten-konflikten\/","title":{"rendered":"Wie k\u00f6nnen die rechte von Kindern in bewaffneten Konflikten besser gesch\u00fctzt werden?"},"content":{"rendered":"<section class=\"subpageBanner\" style=\"display:\">\n    <div class=\"subpageBannerBlock figure_block\">\n        <img decoding=\"async\" data-src=\"https:\/\/edm.ch\/wp-content\/uploads\/2023\/08\/RS333_eleves-dune-ECOM-a-linterieur-dun-hangar-en-train-decouter-leur-animatrice.jpg\" src=\"data:image\/svg+xml;base64,PHN2ZyB3aWR0aD0iMSIgaGVpZ2h0PSIxIiB4bWxucz0iaHR0cDovL3d3dy53My5vcmcvMjAwMC9zdmciPjwvc3ZnPg==\" class=\"lazyload\" style=\"--smush-placeholder-width: 6000px; --smush-placeholder-aspect-ratio: 6000\/4000;\" data-srcset=\"https:\/\/edm.ch\/wp-content\/uploads\/2023\/08\/RS333_eleves-dune-ECOM-a-linterieur-dun-hangar-en-train-decouter-leur-animatrice.jpg 2560w, https:\/\/edm.ch\/wp-content\/uploads\/2023\/08\/RS333_eleves-dune-ECOM-a-linterieur-dun-hangar-en-train-decouter-leur-animatrice-300x200.jpg 300w, https:\/\/edm.ch\/wp-content\/uploads\/2023\/08\/RS333_eleves-dune-ECOM-a-linterieur-dun-hangar-en-train-decouter-leur-animatrice-1024x683.jpg 1024w, https:\/\/edm.ch\/wp-content\/uploads\/2023\/08\/RS333_eleves-dune-ECOM-a-linterieur-dun-hangar-en-train-decouter-leur-animatrice-768x512.jpg 768w, https:\/\/edm.ch\/wp-content\/uploads\/2023\/08\/RS333_eleves-dune-ECOM-a-linterieur-dun-hangar-en-train-decouter-leur-animatrice-1536x1024.jpg 1536w, https:\/\/edm.ch\/wp-content\/uploads\/2023\/08\/RS333_eleves-dune-ECOM-a-linterieur-dun-hangar-en-train-decouter-leur-animatrice-2048x1365.jpg 2048w\" data-sizes=\"auto\" data-original-sizes=\"(max-width: 6000px) 100vw, 6000px\" \/>\n        <div class=\"subpageBannerWrap\">\n            <div class=\"container\">\n                <div class=\"content\">\n                    <div>\n                        <span class=\"bannerHead\"><\/span>\n                        <h1>Wie k\u00f6nnen die rechte von Kindern in bewaffneten Konflikten besser gesch\u00fctzt werden? <\/h1>\n                    <\/div>\n                                    <\/div>\n            <\/div>\n        <\/div>\n            <\/div>\n<\/section>\n<script type=\"text\/javascript\">\n    jQuery(document).ready(function ($) {\n        \/\/ Check if the block exists\n        var bannerSection = $('#subpage-banner-section');\n\n        if (bannerSection.length > 0) {\n            \/\/ Move the block to the end of <main> just before the footer\n            $('main').append(bannerSection); \/\/ This will append it inside the <main> tag\n        }\n\n        $('.documentAccordion').on('click', function (e) {\n            e.preventDefault();  \/\/ Prevent default link action\n\n            \/\/ Target the section with the given ID\n            $('html, body').animate({\n                scrollTop: $('#subpage-banner-section').offset().top - 200\n            }, 1000);\n        });\n    });\n<\/script>\n\n        <section class=\"contentSec\" style=\"display:\">\n        <div class=\"container\">\n            <div class=\"contentBlock\">\n                <h5><\/h5>\n                <p><strong>Die Erkl\u00e4rung der Rechte des Kindes (Genfer Erkl\u00e4rung) feiert ihr 100. Geburtstag!<\/strong><\/p>\n<p>Aus diesem Anlass beherbergt das\u00a0<a href=\"https:\/\/www.musee-reforme.ch\/\">Internationale Reformationsmuseum (MIR)<\/a>\u00a0in Genf das Original der Erkl\u00e4rung sowie\u00a0<a href=\"https:\/\/www.musee-reforme.ch\/show-item\/deflagrations\/\">die Ausstellung von Kinderzeichnungen &#8222;D\u00e9flagrations&#8220;<\/a>\u00a0und organisierte am 10. Mai eine Podiumsdiskussion \u00fcber die Lage von Kindern in Konfliktzeiten mit dem UN-Kinderrechtsausschuss,\u00a0<a href=\"https:\/\/terredeshommessuisse.ch\/\">Terre des Hommes Suisse<\/a>,\u00a0<a href=\"https:\/\/savethechildren.ch\/fr\/\">Save the Children<\/a>\u00a0und unserem Verein.<\/p>\n                            <\/div>\n        <\/div>\n    <\/section>\n\n        <section class=\"contentSec\" style=\"display:\">\n        <div class=\"container\">\n            <div class=\"contentBlock\">\n                <h5>Kinder in bewaffneten Konflikten: Die Situation verschlechtert sich<\/h5>\n                <p>Es gibt Konflikte, \u00fcber die man viel h\u00f6rt: Ukraine, Syrien, Afghanistan&#8230; und andere, die weniger im Fokus der Medien stehen, wie die Sicherheitskrise in Burkina Faso oder der Gangkrieg in Haiti.<\/p>\n<p>Unabh\u00e4ngig vom Krieg, Konflikt oder der Krise z\u00e4hlten Kinder immer zu den ersten Opfern von Gewalt.\u00a0<strong>Im Jahr 2021 lebten etwa 449 Millionen Kinder &#8211; oder eines von sechs Kindern weltweit &#8211; in einem Konfliktgebiet.<\/strong>\u00a0Die Situation hat sich auch 2022 nicht verbessert, da eine hohe Anzahl schwerer Kinderrechtsverletzungen zu verzeichnen war: Rekrutierung und Einsatz von Kindern in milit\u00e4rischen Operationen, Mord, Verst\u00fcmmelung, Entf\u00fchrung, sexuelle Gewalt&#8230;<\/p>\n<p>&nbsp;<\/p>\n<h5>Aufkl\u00e4rung dar\u00fcber, was getan ist und was noch zu tun bleibt: Experten kommen zu Wort<\/h5>\n<p>Bei der Podiumsdiskussion am 10. Mai h\u00f6rten fast 100 G\u00e4ste aufmerksam zu, wie eine Gruppe von Fachleuten \u00fcber die Rechte von Kindern in Konfliktsituationen diskutierte. Sie zeigten auf, dass die Kinderrechte trotz eines klaren internationalen rechtlichen Rahmens nicht respektiert werden und bedauern, dass Kinder auch heute noch Opfer der Grausamkeiten des Krieges sind.<\/p>\n<p>Zusammen mit M\u00e9decins Sans Fronti\u00e8res, Save the Children und Terre des Hommes Suisse haben wir uns \u00fcber unsere verschiedenen Aktionen zugunsten von Kindern in Konfliktsituationen ausgetauscht. Die Emotionen waren bei den verschiedenen Berichten unserer Mitarbeiter vor Ort sp\u00fcrbar.<\/p>\n<p>VertreterInnen des UN-Ausschusses f\u00fcr die Rechte des Kindes erz\u00e4hlten von einer komplexen und schmerzhaften Situation, betonten die Arbeit, die verschiedene internationale AkteurInnen bislang vor Ort geleistet haben, und zeigten auf, welche Anstrengungen noch unternommen werden m\u00fcssen.<\/p>\n                            <\/div>\n        <\/div>\n    <\/section>\n\n        <section class=\"contentSec\" style=\"display:\">\n        <div class=\"container\">\n            <div class=\"contentBlock\">\n                <h5>Kinder im Krieg haben ein Recht auf Bildung: das Beispiel von Burkina Faso<\/h5>\n                <p>Unser Kollege Siman\u00e9 Ouoba, Projektbeauftragter f\u00fcr Bildung in Not- und Schutzsituationen, hat per Videokonferenz aus Burkina Faso teilgenommen.<br \/>\nEnfants du Monde ist seit mehr als 30 Jahren in Burkina Faso aktiv. Nach und nach haben wir die Verschlechterung der Sicherheitslage im Land sowie die schrecklichen Konsequenzen f\u00fcr die Kinder beobachtet. Die bewaffneten Gruppen sorgen f\u00fcr eine grosse Unsicherheit und diese Situation f\u00fchrt zu massiven Vertreibungen der Bev\u00f6lkerung. Schulen sind direktes Ziel von Angriffen.\u00a0<strong>Millionen von Kindern haben keinen Zugang zu Bildung.<\/strong><\/p>\n<p>Aus diesem Grund f\u00fchren wir ein Notbildungsprojekt durch, das Tausenden von Kindern eine qualitativ hochwertige Bildung erm\u00f6glicht.<\/p>\n<p>&nbsp;<\/p>\n<p>Siman\u00e9 erkl\u00e4rte, wie wir f\u00fcr Kinder, die wegen der Gewalt viele Monate nicht zur Schule gegangen sind,\u00a0<strong>schnellere Lehrg\u00e4nge anbieten,<\/strong>\u00a0welche Materialien wir an die Schw\u00e4chsten verteilen (Fahrr\u00e4der zur Schule, Solarlampen, um auch ohne Strom Hausaufgaben machen zu k\u00f6nnen)&#8230; Wir bilden Lehrerinnen und Lehrer in der psychosozialen Betreuung von Kindern aus.\u00a0<strong>Wir bilden sie auch in aktiver P\u00e4dagogik aus,<\/strong>\u00a0um eine gute Teilnahme der Kinder trotz der gro\u00dfen Anzahl von Sch\u00fclern (bis zu 200 pro Klasse!) zu gew\u00e4hrleisten.\u00a0<strong>Wir arbeiten auch mit den Gemeinschaften zusammen,<\/strong>\u00a0um Gefahren zu bewerten und zu verhindern und so die Kinder zu sch\u00fctzen.<\/p>\n<p>In den heute schwer zug\u00e4nglichen &#8222;roten&#8220; Regionen<strong>\u00a0senden wir Bildungsradiosendungen<\/strong>\u00a0und geben Radios an Familien aus, damit die Kinder ihre Ausbildung auch auf Distanz fortf\u00fchren k\u00f6nnen.<\/p>\n                            <\/div>\n        <\/div>\n    <\/section>\n\n        <section class=\"contentSec\" style=\"display:\">\n        <div class=\"container\">\n            <div class=\"contentBlock\">\n                <h5>Eine facettenreiche Problematik<\/h5>\n                <p>Der Austausch zwischen Spezialisten bei der Podiumsdiskussion wurde von Beata Godenzi, unserer Generalsekret\u00e4rin, und Philip Jaff\u00e9, Mitglied des UN-Kinderrechtsausschuss, moderiert. Gabriel de Montmollin, Direktor des MIR, leitete den Abend ein.<\/p>\n<p>Zur Er\u00f6ffnung erl\u00e4uterte Daniel Palmieri, Historiker des IKRK, die Entstehung der Genfer Erkl\u00e4rung, in der zum ersten Mal spezifische Rechte f\u00fcr Kinder verankert wurden. Heute gibt es eine Kinderrechtskonvention, die f\u00fcr Staaten rechtlich bindend ist: Mikiko Otani, ehemalige Pr\u00e4sidentin des Ausschusses f\u00fcr die Rechte des Kindes, er\u00f6ffnete die Diskussion und betonte ihre Besorgnis \u00fcber die anhaltenden schweren Verletzungen der Kinderrechte in Konfliktgebieten.<\/p>\n<p>Michel Anglade, Direktor von Save the Children in Genf, erinnerte daran, dass es der Gr\u00fcnderin der Organisation, Eglantyne Jebb, zu verdanken ist, dass 1923 die Erkl\u00e4rung der Rechte des Kindes geschaffen wurde.<\/p>\n<p>Marcos Moyano, Berater f\u00fcr psychische Gesundheit im Einsatzzentrum von M\u00e9decins Sans Fronti\u00e8res, erkl\u00e4rte, wie sich Konflikte auf die psychische Gesundheit von Kindern auswirken.<\/p>\n<p>Neben dem Erfahrungsbericht unseres Kollegen Siman\u00e9 aus Burkina Faso berichtete Guerty Aim\u00e9, Koordinatorin von Terre des Hommes Schweiz in Haiti, sehr anschaulich \u00fcber die Situation von Kindern, die in Gangkriege verwickelt sind.<\/p>\n<p><strong><a href=\"https:\/\/www.musee-reforme.ch\/show-item\/deflagrations\/\">Die Ausstellung &#8222;D\u00e9flagrations&#8220;<\/a>\u00a0mit Zeichnungen von Kindern, die mit dem Krieg konfrontiert wurden, ist bis zum 27. August im Mus\u00e9e de la R\u00e9forme zu besichtigen. Z\u00f6gern Sie nicht, die Ausstellung zu besuchen, um besser zu verstehen, warum die Thematik der Kinderrechte in bewaffneten Konflikten heute mehr denn je von gr\u00f6\u00dfter Bedeutung ist.<\/strong><\/p>\n                            <\/div>\n        <\/div>\n    <\/section>\n\n\n    <section class=\"donation_count\" style=\"display:\">\n        <div class=\"inner_row\">\n            <div class=\"right_img_block\">\n                <div class=\"img_block figure_block\">\n                    <img decoding=\"async\" data-src=\"https:\/\/edm.ch\/wp-content\/uploads\/2023\/08\/Burkina-Faso_Sante-scaled.jpg\" alt=\"\" src=\"data:image\/svg+xml;base64,PHN2ZyB3aWR0aD0iMSIgaGVpZ2h0PSIxIiB4bWxucz0iaHR0cDovL3d3dy53My5vcmcvMjAwMC9zdmciPjwvc3ZnPg==\" class=\"lazyload\" style=\"--smush-placeholder-width: 1704px; --smush-placeholder-aspect-ratio: 1704\/2560;\" data-srcset=\"https:\/\/edm.ch\/wp-content\/uploads\/2023\/08\/Burkina-Faso_Sante-scaled.jpg 1704w, https:\/\/edm.ch\/wp-content\/uploads\/2023\/08\/Burkina-Faso_Sante-200x300.jpg 200w, https:\/\/edm.ch\/wp-content\/uploads\/2023\/08\/Burkina-Faso_Sante-682x1024.jpg 682w, https:\/\/edm.ch\/wp-content\/uploads\/2023\/08\/Burkina-Faso_Sante-768x1154.jpg 768w, https:\/\/edm.ch\/wp-content\/uploads\/2023\/08\/Burkina-Faso_Sante-1022x1536.jpg 1022w, https:\/\/edm.ch\/wp-content\/uploads\/2023\/08\/Burkina-Faso_Sante-1363x2048.jpg 1363w\" data-sizes=\"auto\" data-original-sizes=\"(max-width: 1704px) 100vw, 1704px\">\n                                            <div class=\"picture-caption\">\n                            <div class=\"caption-content\"><span>Ouedraogo B. Emmanuel<\/span><\/div>\n                        <\/div>\n                                    <\/div>\n            <\/div>\n            <div class=\"left_txt_block\">\n                <div class=\"txt_contents\">\n                    <h3>Meine Spende macht einen Unterschied<\/h3>\n                    <div class=\"block_txts\">\n                                                    <div class=\"item\">\n                                <span class=\"title\">Zum Beispiel:<\/span>\n                                <p><\/p>\n                            <\/div>\n                                                    <div class=\"item\">\n                                <span class=\"title\">Mit 70 Franken:<\/span>\n                                <p>Ich schenke 8 Kindern in Burkina Faso ein zweisprachiges Schulbuch in Franz\u00f6sisch und Moor\u00e9 (lokale Sprache), damit sie in der Schule besser vorankommen.<\/p>\n                            <\/div>\n                                                    <div class=\"item\">\n                                <span class=\"title\">Mit 140 Franken:<\/span>\n                                <p>Ich erm\u00f6gliche 250 schwangeren Frauen in Bangladesch, sich auf die Geburt ihres Babys und die damit verbundenen Risiken vorzubereiten.<\/p>\n                            <\/div>\n                                                    <div class=\"item\">\n                                <span class=\"title\">Mit 200 Franken:<\/span>\n                                <p>Ich finanziere 10 Lehrer*innen in Guatemala eine Weiterbildung in zweisprachiger Erziehung, um die Qualit\u00e4t ihres Unterrichts zu verbessern.<\/p>\n                            <\/div>\n                                                                            <a href=\"https:\/\/don.edm.ch\/de\" class=\"btnWhite buttonDonation\">\n                                ICH SPENDE                            <\/a>\n                                            <\/div>\n                <\/div>\n            <\/div>\n        <\/div>\n    <\/section>","protected":false},"excerpt":{"rendered":"","protected":false},"featured_media":12156,"template":"","news-category":[112],"news-year":[114],"class_list":["post-11807","news","type-news","status-publish","has-post-thumbnail","hentry","news-category-droit-de-lenfant-de","news-year-2023-de"],"acf":[],"yoast_head":"<!-- This site is optimized with the Yoast SEO plugin v26.9 - https:\/\/yoast.com\/product\/yoast-seo-wordpress\/ -->\n<title>Wie k\u00f6nnen die rechte von Kindern in bewaffneten Konflikten besser gesch\u00fctzt werden? - Enfants du monde<\/title>\n<meta name=\"robots\" content=\"index, follow, max-snippet:-1, max-image-preview:large, max-video-preview:-1\" \/>\n<link rel=\"canonical\" href=\"https:\/\/edm.ch\/de\/news\/kindern-in-bewaffneten-konflikten\/\" \/>\n<meta property=\"og:locale\" content=\"de_DE\" \/>\n<meta property=\"og:type\" content=\"article\" \/>\n<meta property=\"og:title\" content=\"Wie k\u00f6nnen die rechte von Kindern in bewaffneten Konflikten besser gesch\u00fctzt werden? - Enfants du monde\" \/>\n<meta property=\"og:url\" content=\"https:\/\/edm.ch\/de\/news\/kindern-in-bewaffneten-konflikten\/\" \/>\n<meta property=\"og:site_name\" content=\"Enfants du monde\" \/>\n<meta property=\"article:modified_time\" content=\"2023-09-27T07:28:05+00:00\" \/>\n<meta property=\"og:image\" content=\"https:\/\/edm.ch\/wp-content\/uploads\/2023\/08\/actu_MIR_1_ESU.png\" \/>\n\t<meta property=\"og:image:width\" content=\"600\" \/>\n\t<meta property=\"og:image:height\" content=\"400\" \/>\n\t<meta property=\"og:image:type\" content=\"image\/png\" \/>\n<meta name=\"twitter:card\" content=\"summary_large_image\" \/>\n<script type=\"application\/ld+json\" class=\"yoast-schema-graph\">{\"@context\":\"https:\/\/schema.org\",\"@graph\":[{\"@type\":\"WebPage\",\"@id\":\"https:\/\/edm.ch\/de\/news\/kindern-in-bewaffneten-konflikten\/\",\"url\":\"https:\/\/edm.ch\/de\/news\/kindern-in-bewaffneten-konflikten\/\",\"name\":\"Wie k\u00f6nnen die rechte von Kindern in bewaffneten Konflikten besser gesch\u00fctzt werden? - Enfants du monde\",\"isPartOf\":{\"@id\":\"https:\/\/edm.ch\/en\/#website\"},\"primaryImageOfPage\":{\"@id\":\"https:\/\/edm.ch\/de\/news\/kindern-in-bewaffneten-konflikten\/#primaryimage\"},\"image\":{\"@id\":\"https:\/\/edm.ch\/de\/news\/kindern-in-bewaffneten-konflikten\/#primaryimage\"},\"thumbnailUrl\":\"https:\/\/edm.ch\/wp-content\/uploads\/2023\/08\/actu_MIR_1_ESU.png\",\"datePublished\":\"2023-05-12T08:58:00+00:00\",\"dateModified\":\"2023-09-27T07:28:05+00:00\",\"inLanguage\":\"de-DE\",\"potentialAction\":[{\"@type\":\"ReadAction\",\"target\":[\"https:\/\/edm.ch\/de\/news\/kindern-in-bewaffneten-konflikten\/\"]}]},{\"@type\":\"ImageObject\",\"inLanguage\":\"de-DE\",\"@id\":\"https:\/\/edm.ch\/de\/news\/kindern-in-bewaffneten-konflikten\/#primaryimage\",\"url\":\"https:\/\/edm.ch\/wp-content\/uploads\/2023\/08\/actu_MIR_1_ESU.png\",\"contentUrl\":\"https:\/\/edm.ch\/wp-content\/uploads\/2023\/08\/actu_MIR_1_ESU.png\",\"width\":600,\"height\":400},{\"@type\":\"WebSite\",\"@id\":\"https:\/\/edm.ch\/en\/#website\",\"url\":\"https:\/\/edm.ch\/en\/\",\"name\":\"Enfants du monde\",\"description\":\"Association suisse\",\"potentialAction\":[{\"@type\":\"SearchAction\",\"target\":{\"@type\":\"EntryPoint\",\"urlTemplate\":\"https:\/\/edm.ch\/en\/?s={search_term_string}\"},\"query-input\":{\"@type\":\"PropertyValueSpecification\",\"valueRequired\":true,\"valueName\":\"search_term_string\"}}],\"inLanguage\":\"de-DE\"}]}<\/script>\n<!-- \/ Yoast SEO plugin. -->","yoast_head_json":{"title":"Wie k\u00f6nnen die rechte von Kindern in bewaffneten Konflikten besser gesch\u00fctzt werden? - Enfants du monde","robots":{"index":"index","follow":"follow","max-snippet":"max-snippet:-1","max-image-preview":"max-image-preview:large","max-video-preview":"max-video-preview:-1"},"canonical":"https:\/\/edm.ch\/de\/news\/kindern-in-bewaffneten-konflikten\/","og_locale":"de_DE","og_type":"article","og_title":"Wie k\u00f6nnen die rechte von Kindern in bewaffneten Konflikten besser gesch\u00fctzt werden? - Enfants du monde","og_url":"https:\/\/edm.ch\/de\/news\/kindern-in-bewaffneten-konflikten\/","og_site_name":"Enfants du monde","article_modified_time":"2023-09-27T07:28:05+00:00","og_image":[{"width":600,"height":400,"url":"https:\/\/edm.ch\/wp-content\/uploads\/2023\/08\/actu_MIR_1_ESU.png","type":"image\/png"}],"twitter_card":"summary_large_image","schema":{"@context":"https:\/\/schema.org","@graph":[{"@type":"WebPage","@id":"https:\/\/edm.ch\/de\/news\/kindern-in-bewaffneten-konflikten\/","url":"https:\/\/edm.ch\/de\/news\/kindern-in-bewaffneten-konflikten\/","name":"Wie k\u00f6nnen die rechte von Kindern in bewaffneten Konflikten besser gesch\u00fctzt werden? - Enfants du monde","isPartOf":{"@id":"https:\/\/edm.ch\/en\/#website"},"primaryImageOfPage":{"@id":"https:\/\/edm.ch\/de\/news\/kindern-in-bewaffneten-konflikten\/#primaryimage"},"image":{"@id":"https:\/\/edm.ch\/de\/news\/kindern-in-bewaffneten-konflikten\/#primaryimage"},"thumbnailUrl":"https:\/\/edm.ch\/wp-content\/uploads\/2023\/08\/actu_MIR_1_ESU.png","datePublished":"2023-05-12T08:58:00+00:00","dateModified":"2023-09-27T07:28:05+00:00","inLanguage":"de-DE","potentialAction":[{"@type":"ReadAction","target":["https:\/\/edm.ch\/de\/news\/kindern-in-bewaffneten-konflikten\/"]}]},{"@type":"ImageObject","inLanguage":"de-DE","@id":"https:\/\/edm.ch\/de\/news\/kindern-in-bewaffneten-konflikten\/#primaryimage","url":"https:\/\/edm.ch\/wp-content\/uploads\/2023\/08\/actu_MIR_1_ESU.png","contentUrl":"https:\/\/edm.ch\/wp-content\/uploads\/2023\/08\/actu_MIR_1_ESU.png","width":600,"height":400},{"@type":"WebSite","@id":"https:\/\/edm.ch\/en\/#website","url":"https:\/\/edm.ch\/en\/","name":"Enfants du monde","description":"Association suisse","potentialAction":[{"@type":"SearchAction","target":{"@type":"EntryPoint","urlTemplate":"https:\/\/edm.ch\/en\/?s={search_term_string}"},"query-input":{"@type":"PropertyValueSpecification","valueRequired":true,"valueName":"search_term_string"}}],"inLanguage":"de-DE"}]}},"_links":{"self":[{"href":"https:\/\/edm.ch\/de\/wp-json\/wp\/v2\/news\/11807","targetHints":{"allow":["GET"]}}],"collection":[{"href":"https:\/\/edm.ch\/de\/wp-json\/wp\/v2\/news"}],"about":[{"href":"https:\/\/edm.ch\/de\/wp-json\/wp\/v2\/types\/news"}],"wp:featuredmedia":[{"embeddable":true,"href":"https:\/\/edm.ch\/de\/wp-json\/wp\/v2\/media\/12156"}],"wp:attachment":[{"href":"https:\/\/edm.ch\/de\/wp-json\/wp\/v2\/media?parent=11807"}],"wp:term":[{"taxonomy":"news-category","embeddable":true,"href":"https:\/\/edm.ch\/de\/wp-json\/wp\/v2\/news-category?post=11807"},{"taxonomy":"news-year","embeddable":true,"href":"https:\/\/edm.ch\/de\/wp-json\/wp\/v2\/news-year?post=11807"}],"curies":[{"name":"wp","href":"https:\/\/api.w.org\/{rel}","templated":true}]}}